{"id":265027,"date":"2026-09-04T14:15:00","date_gmt":"2026-09-04T19:15:00","guid":{"rendered":"http:\/\/vertienteglobal.com\/?p=265027"},"modified":"2026-09-06T11:17:46","modified_gmt":"2026-09-06T16:17:46","slug":"amplian-mara-y-veronica-lezama-el-centro-de-autismo-de-chetumal-para-que-mas-personas-reciban-atencion-de-calidad","status":"publish","type":"post","link":"http:\/\/vertienteglobal.com\/?p=265027","title":{"rendered":"Ampl\u00edan Mara y Ver\u00f3nica Lezama el Centro de Autismo de Chetumal para que m\u00e1s personas reciban atenci\u00f3n de calidad"},"content":{"rendered":"\n<div class=\"twitterbutton\" style=\"float: right; padding-left: 5px;\"><a href=\"http:\/\/twitter.com\/share\" class=\"twitter-share-button\" data-count=\"horizontal\" data-text=\"Ampl\u00edan Mara y Ver\u00f3nica Lezama el Centro de Autismo de Chetumal para que m\u00e1s ...\" data-via=\"https:\/\/twitter.com\/VertienteGloba1\" data-url=\"http:\/\/vertienteglobal.com\/?p=265027\" data-lang=\"es\" data-related=\"Informaci\u00f3n general:S\u00edguenos para que est\u00e9ss informado\"><\/a><\/div>\n<figure class=\"wp-block-image size-large\"><img loading=\"lazy\" decoding=\"async\" width=\"1024\" height=\"682\" src=\"http:\/\/vertienteglobal.com\/wp-content\/uploads\/2026\/09\/56898-1024x682.jpg\" alt=\"\" class=\"wp-image-265028\" srcset=\"http:\/\/vertienteglobal.com\/wp-content\/uploads\/2026\/09\/56898-1024x682.jpg 1024w, http:\/\/vertienteglobal.com\/wp-content\/uploads\/2026\/09\/56898-300x200.jpg 300w, http:\/\/vertienteglobal.com\/wp-content\/uploads\/2026\/09\/56898-150x100.jpg 150w, http:\/\/vertienteglobal.com\/wp-content\/uploads\/2026\/09\/56898-768x512.jpg 768w, http:\/\/vertienteglobal.com\/wp-content\/uploads\/2026\/09\/56898-1536x1024.jpg 1536w, http:\/\/vertienteglobal.com\/wp-content\/uploads\/2026\/09\/56898-2048x1365.jpg 2048w\" sizes=\"auto, (max-width: 1024px) 100vw, 1024px\" \/><\/figure>\n\n\n\n<p>(Redacci\u00f3n)<\/p>\n\n\n\n<p>Con una visi\u00f3n humanista y con coraz\u00f3n feminista, el Gobierno de Quintana Roo fortalece la atenci\u00f3n integral a ni\u00f1as, ni\u00f1os y adolescentes con autismo, as\u00ed como el acompa\u00f1amiento a sus familias<\/p>\n\n\n\n<p>Chetumal, Quintana Roo 4 de septiembre de 2026.- Para ampliar la cobertura de atenci\u00f3n, optimizar y adecuar el uso de las instalaciones y recursos existentes, la gobernadora Mara Lezama Espinosa y la presidenta honoraria del Sistema DIF Quintana Roo, Ver\u00f3nica Lezama, encabezaron la reinauguraci\u00f3n del Centro de Autismo Zona Sur, donde develaron una placa conmemorativa y recorrieron las \u00e1reas de atenci\u00f3n.<\/p>\n\n\n\n<p>\u201cLo que hacemos en este gobierno humanista con coraz\u00f3n feminista tiene sentido; somos un gobierno que ve en esta rehabilitaci\u00f3n, en este enchulamiento, m\u00e1s all\u00e1 que una inversi\u00f3n; ve seres humanos, nombres y apellidos que vienen aqu\u00ed a ser la mejor versi\u00f3n de s\u00ed mismos, a tener m\u00e1s oportunidades para desarrollar sus talentos\u201d, expres\u00f3 la titular el Ejecutivo ante la presencia de madres, padres de familia, as\u00ed como quienes con amor ofrecen sus servicios en este Centro.<\/p>\n\n\n\n<p>Antes de develar la placa conmemorativa y recorrer, junto con Ver\u00f3nica Lezama, las instalaciones, la Gobernadora refiri\u00f3 que este Centro ha brindado atenci\u00f3n integral a m\u00e1s de mil 016 ni\u00f1as, ni\u00f1os y adolescentes, entre evaluaci\u00f3n, diagn\u00f3sticos, tratamientos terap\u00e9utico, as\u00ed como acompa\u00f1amiento permanente.<\/p>\n\n\n\n<p>A\u00f1adi\u00f3 que actualmente se tienen 232 usuarias y usuarios, y las solicitudes han aumentado hasta un 50% y detr\u00e1s de cada solicitud hay una familia esperando respuesta.<\/p>\n\n\n\n<p>\u201cHoy con mucho orgullo podemos ver el resultado de lo que sucede cuando muchas personas deciden sumarse para la misma causa y para m\u00ed eso tambi\u00e9n significa una gran responsabilidad\u201d, expres\u00f3 al respecto la presidenta honoraria del DIF Quintana Roo.<\/p>\n\n\n\n<p>Durante la ceremonia se inform\u00f3 que el trabajo en este Centro se desarrolla bajo un enfoque interdisciplinario que promueve el desarrollo de habilidades, la inclusi\u00f3n social y una mejor calidad de vida para las personas con Trastorno del Espectro Autista (TEA) y sus familias, fortaleciendo a Quintana Roo como referente nacional en materia de atenci\u00f3n p\u00fablica, inclusi\u00f3n, integraci\u00f3n y apoyo a la neurodiversidad.<\/p>\n\n\n\n<p>Como parte de este enfoque integral, el Centro de Autismo tambi\u00e9n desarrolla actividades dirigidas a padres, madres y cuidadores primarios, reconociendo su papel fundamental dentro del proceso terap\u00e9utico.<\/p>\n\n\n\n<p>Se anunci\u00f3 que en relaci\u00f3n con el Nuevo Modelo de Atenci\u00f3n Escalonada por Bloques y Resultados, inicia en septiembre la migraci\u00f3n progresiva, que contempla conservar los grupos que ya se encuentran conformados y que son cl\u00ednicamente funcionales, as\u00ed como reorganizar las terapias individuales de usuarios en modalidad combinada para incrementar, cuando sea cl\u00ednicamente viable, la pr\u00e1ctica grupal.<\/p>\n\n\n\n<p>Tambi\u00e9n se abrir\u00e1n nuevos grupos cuando exista compatibilidad por edad o etapa del desarrollo, comunicaci\u00f3n, objetivos, regulaci\u00f3n, tolerancia a pares y nivel de mediaci\u00f3n, incorporando gradualmente a los nuevos usuarios e iniciando mediante binas o tercias en aquellos que requieran mayor nivel de apoyo.<\/p>\n\n\n\n<p>En el evento se cont\u00f3 con la presencia de la diputada Diana Guti\u00e9rrez Garc\u00eda, con la representaci\u00f3n del Congreso del Estado; la presidenta municipal de Oth\u00f3n P. Blanco, Yensunni Mart\u00ednez Hern\u00e1ndez; la titular de la SABGOB, Reyna Arceo Rosado; la directora general del Sistema DIF Quintana Roo, Abril Sabido Alc\u00e9rreca; entre otros invitados.<\/p>\n\n\n\n<figure class=\"wp-block-image size-full\"><img loading=\"lazy\" decoding=\"async\" width=\"585\" height=\"390\" src=\"http:\/\/vertienteglobal.com\/wp-content\/uploads\/2026\/09\/56899.jpg\" alt=\"\" class=\"wp-image-265029\" srcset=\"http:\/\/vertienteglobal.com\/wp-content\/uploads\/2026\/09\/56899.jpg 585w, http:\/\/vertienteglobal.com\/wp-content\/uploads\/2026\/09\/56899-300x200.jpg 300w, http:\/\/vertienteglobal.com\/wp-content\/uploads\/2026\/09\/56899-150x100.jpg 150w\" sizes=\"auto, (max-width: 585px) 100vw, 585px\" \/><\/figure>\n\n\n\n<figure class=\"wp-block-image size-full\"><img loading=\"lazy\" decoding=\"async\" width=\"585\" height=\"390\" src=\"http:\/\/vertienteglobal.com\/wp-content\/uploads\/2026\/09\/56900.jpg\" alt=\"\" class=\"wp-image-265030\" srcset=\"http:\/\/vertienteglobal.com\/wp-content\/uploads\/2026\/09\/56900.jpg 585w, http:\/\/vertienteglobal.com\/wp-content\/uploads\/2026\/09\/56900-300x200.jpg 300w, http:\/\/vertienteglobal.com\/wp-content\/uploads\/2026\/09\/56900-150x100.jpg 150w\" sizes=\"auto, (max-width: 585px) 100vw, 585px\" \/><\/figure>\n\n\n\n<figure class=\"wp-block-image size-full\"><img loading=\"lazy\" decoding=\"async\" width=\"585\" height=\"390\" src=\"http:\/\/vertienteglobal.com\/wp-content\/uploads\/2026\/09\/56901.jpg\" alt=\"\" class=\"wp-image-265031\" srcset=\"http:\/\/vertienteglobal.com\/wp-content\/uploads\/2026\/09\/56901.jpg 585w, http:\/\/vertienteglobal.com\/wp-content\/uploads\/2026\/09\/56901-300x200.jpg 300w, http:\/\/vertienteglobal.com\/wp-content\/uploads\/2026\/09\/56901-150x100.jpg 150w\" sizes=\"auto, (max-width: 585px) 100vw, 585px\" \/><\/figure>\n\n\n\n<figure class=\"wp-block-image size-full\"><img loading=\"lazy\" decoding=\"async\" width=\"585\" height=\"476\" src=\"http:\/\/vertienteglobal.com\/wp-content\/uploads\/2026\/09\/56902.jpg\" alt=\"\" class=\"wp-image-265032\" srcset=\"http:\/\/vertienteglobal.com\/wp-content\/uploads\/2026\/09\/56902.jpg 585w, http:\/\/vertienteglobal.com\/wp-content\/uploads\/2026\/09\/56902-300x244.jpg 300w, http:\/\/vertienteglobal.com\/wp-content\/uploads\/2026\/09\/56902-150x122.jpg 150w\" sizes=\"auto, (max-width: 585px) 100vw, 585px\" \/><\/figure>\n","protected":false},"excerpt":{"rendered":"<p>(Redacci\u00f3n) Con una visi\u00f3n humanista y con coraz\u00f3n feminista, el Gobierno de Quintana Roo fortalece la atenci\u00f3n integral a ni\u00f1as, ni\u00f1os y adolescentes con autismo, as\u00ed como el acompa\u00f1amiento a sus familias Chetumal, Quintana Roo 4 de septiembre de 2026.- Para ampliar la cobertura de atenci\u00f3n, optimizar y adecuar el uso de las instalaciones y [&hellip;]<\/p>\n","protected":false},"author":6,"featured_media":265028,"comment_status":"open","ping_status":"open","sticky":false,"template":"","format":"standard","meta":{"footnotes":""},"categories":[3],"tags":[],"class_list":["post-265027","post","type-post","status-publish","format-standard","has-post-thumbnail","hentry","category-quintana-roo","entry","has-media"],"jetpack_featured_media_url":"http:\/\/vertienteglobal.com\/wp-content\/uploads\/2026\/09\/56898.jpg","_links":{"self":[{"href":"http:\/\/vertienteglobal.com\/index.php?rest_route=\/wp\/v2\/posts\/265027","targetHints":{"allow":["GET"]}}],"collection":[{"href":"http:\/\/vertienteglobal.com\/index.php?rest_route=\/wp\/v2\/posts"}],"about":[{"href":"http:\/\/vertienteglobal.com\/index.php?rest_route=\/wp\/v2\/types\/post"}],"author":[{"embeddable":true,"href":"http:\/\/vertienteglobal.com\/index.php?rest_route=\/wp\/v2\/users\/6"}],"replies":[{"embeddable":true,"href":"http:\/\/vertienteglobal.com\/index.php?rest_route=%2Fwp%2Fv2%2Fcomments&post=265027"}],"version-history":[{"count":1,"href":"http:\/\/vertienteglobal.com\/index.php?rest_route=\/wp\/v2\/posts\/265027\/revisions"}],"predecessor-version":[{"id":265033,"href":"http:\/\/vertienteglobal.com\/index.php?rest_route=\/wp\/v2\/posts\/265027\/revisions\/265033"}],"wp:featuredmedia":[{"embeddable":true,"href":"http:\/\/vertienteglobal.com\/index.php?rest_route=\/wp\/v2\/media\/265028"}],"wp:attachment":[{"href":"http:\/\/vertienteglobal.com\/index.php?rest_route=%2Fwp%2Fv2%2Fmedia&parent=265027"}],"wp:term":[{"taxonomy":"category","embeddable":true,"href":"http:\/\/vertienteglobal.com\/index.php?rest_route=%2Fwp%2Fv2%2Fcategories&post=265027"},{"taxonomy":"post_tag","embeddable":true,"href":"http:\/\/vertienteglobal.com\/index.php?rest_route=%2Fwp%2Fv2%2Ftags&post=265027"}],"curies":[{"name":"wp","href":"https:\/\/api.w.org\/{rel}","templated":true}]}}