{"id":265015,"date":"2026-09-04T18:16:00","date_gmt":"2026-09-04T23:16:00","guid":{"rendered":"http:\/\/vertienteglobal.com\/?p=265015"},"modified":"2026-09-06T11:11:48","modified_gmt":"2026-09-06T16:11:48","slug":"historico-chetumal-ya-tiene-seccion-aduanera-en-su-aeropuerto-internacional","status":"publish","type":"post","link":"http:\/\/vertienteglobal.com\/?p=265015","title":{"rendered":"\u00a1Hist\u00f3rico!  Chetumal ya tiene Secci\u00f3n Aduanera en su Aeropuerto Internacional"},"content":{"rendered":"\n<div class=\"twitterbutton\" style=\"float: right; padding-left: 5px;\"><a href=\"http:\/\/twitter.com\/share\" class=\"twitter-share-button\" data-count=\"horizontal\" data-text=\"\u00a1Hist\u00f3rico!  Chetumal ya tiene Secci\u00f3n Aduanera en su Aeropuerto Internaciona...\" data-via=\"https:\/\/twitter.com\/VertienteGloba1\" data-url=\"http:\/\/vertienteglobal.com\/?p=265015\" data-lang=\"es\" data-related=\"Informaci\u00f3n general:S\u00edguenos para que est\u00e9ss informado\"><\/a><\/div>\n<figure class=\"wp-block-image size-large\"><img loading=\"lazy\" decoding=\"async\" width=\"1024\" height=\"683\" src=\"http:\/\/vertienteglobal.com\/wp-content\/uploads\/2026\/09\/56868-1024x683.jpg\" alt=\"\" class=\"wp-image-265016\" srcset=\"http:\/\/vertienteglobal.com\/wp-content\/uploads\/2026\/09\/56868-1024x683.jpg 1024w, http:\/\/vertienteglobal.com\/wp-content\/uploads\/2026\/09\/56868-300x200.jpg 300w, http:\/\/vertienteglobal.com\/wp-content\/uploads\/2026\/09\/56868-150x100.jpg 150w, http:\/\/vertienteglobal.com\/wp-content\/uploads\/2026\/09\/56868-768x512.jpg 768w, http:\/\/vertienteglobal.com\/wp-content\/uploads\/2026\/09\/56868.jpg 1280w\" sizes=\"auto, (max-width: 1024px) 100vw, 1024px\" \/><\/figure>\n\n\n\n<p>(Redacci\u00f3n)<\/p>\n\n\n\n<p>La gobernadora Mara Lezama Espinosa logr\u00f3 la gesti\u00f3n que convierte al Aeropuerto de Chetumal en un punto clave para el comercio y la conectividad del sur de Quintana Roo, lo que permitir\u00e1 realizar operaciones de entrada y salida de mercanc\u00edas de importaci\u00f3n y exportaci\u00f3n por v\u00eda a\u00e9rea<\/p>\n\n\n\n<p>Chetumal. \u2013 En un hecho que marca un antes y un despu\u00e9s para el desarrollo econ\u00f3mico del sur del estado, la gobernadora Mara Lezama Espinosa anunci\u00f3 la entrada en vigor de la Secci\u00f3n Aduanera en el Aeropuerto Internacional de Chetumal, un logro consolidado gracias a las gestiones realizadas ante el Gobierno de M\u00e9xico y que ya es una realidad tras su publicaci\u00f3n en el Diario Oficial de la Federaci\u00f3n.<\/p>\n\n\n\n<p>Este paso hist\u00f3rico, que permitir\u00e1 realizar operaciones de entrada y salida de mercanc\u00edas de importaci\u00f3n y exportaci\u00f3n por la v\u00eda a\u00e9rea, as\u00ed como articular una estrategia de conectividad y desarrollo econ\u00f3mico con el Tren Maya, el Recinto Fiscalizado Estrat\u00e9gico y el Polo de Desarrollo Econ\u00f3mico de Chetumal, tuvo el respaldo de la Secretar\u00eda de Econom\u00eda.<\/p>\n\n\n\n<p>\u201cEl d\u00eda de hoy se ha publicado en el Diario Oficial de la Federaci\u00f3n el Acuerdo por el que se determina el establecimiento de la secci\u00f3n aduanera en el Aeropuerto Internacional de Chetumal lo que permite realizar operaciones de entrada y salida de mercanc\u00edas de importaci\u00f3n y exportaci\u00f3n del territorio nacional y su despacho aduanero por v\u00eda a\u00e9rea\u201d, cit\u00f3 Mara Lezama.<\/p>\n\n\n\n<p>Esto crea un ecosistema de desarrollo econ\u00f3mico importante articulando el aeropuerto con el Tren Maya de carga, el Recinto Fiscalizado Estrat\u00e9gico de Chetumal, la Zona Libre de Chetumal y el Polo de Desarrollo Econ\u00f3mico para el Bienestar Chetumal, porque permite dise\u00f1ar una verdadera plataforma log\u00edstica a\u00e9rea, aduanera y fiscal en nuestra Capital del estado, a\u00f1adi\u00f3 la titular del Ejecutivo.<\/p>\n\n\n\n<p>Mara Lezama agradeci\u00f3 a la Presidenta Claudia Sheinbaum por siempre apostarle a Chetumal y devolverle su brillo con hechos.<\/p>\n\n\n\n<p>Con este acuerdo, que ya entr\u00f3 en vigor, se espera un incremento en la actividad comercial y una mayor conectividad a\u00e9rea con Centroam\u00e9rica y el Caribe, generando nuevas fuentes de empleo y oportunidades para las familias quintanarroenses.<\/p>\n\n\n\n<figure class=\"wp-block-image size-full\"><img loading=\"lazy\" decoding=\"async\" width=\"585\" height=\"329\" src=\"http:\/\/vertienteglobal.com\/wp-content\/uploads\/2026\/09\/56869.jpg\" alt=\"\" class=\"wp-image-265017\" srcset=\"http:\/\/vertienteglobal.com\/wp-content\/uploads\/2026\/09\/56869.jpg 585w, http:\/\/vertienteglobal.com\/wp-content\/uploads\/2026\/09\/56869-300x169.jpg 300w, http:\/\/vertienteglobal.com\/wp-content\/uploads\/2026\/09\/56869-150x84.jpg 150w\" sizes=\"auto, (max-width: 585px) 100vw, 585px\" \/><\/figure>\n\n\n\n<figure class=\"wp-block-image size-full\"><img loading=\"lazy\" decoding=\"async\" width=\"585\" height=\"390\" src=\"http:\/\/vertienteglobal.com\/wp-content\/uploads\/2026\/09\/56870.jpg\" alt=\"\" class=\"wp-image-265018\" srcset=\"http:\/\/vertienteglobal.com\/wp-content\/uploads\/2026\/09\/56870.jpg 585w, http:\/\/vertienteglobal.com\/wp-content\/uploads\/2026\/09\/56870-300x200.jpg 300w, http:\/\/vertienteglobal.com\/wp-content\/uploads\/2026\/09\/56870-150x100.jpg 150w\" sizes=\"auto, (max-width: 585px) 100vw, 585px\" \/><\/figure>\n\n\n\n<figure class=\"wp-block-image size-full\"><img loading=\"lazy\" decoding=\"async\" width=\"585\" height=\"390\" src=\"http:\/\/vertienteglobal.com\/wp-content\/uploads\/2026\/09\/56871.jpg\" alt=\"\" class=\"wp-image-265019\" srcset=\"http:\/\/vertienteglobal.com\/wp-content\/uploads\/2026\/09\/56871.jpg 585w, http:\/\/vertienteglobal.com\/wp-content\/uploads\/2026\/09\/56871-300x200.jpg 300w, http:\/\/vertienteglobal.com\/wp-content\/uploads\/2026\/09\/56871-150x100.jpg 150w\" sizes=\"auto, (max-width: 585px) 100vw, 585px\" \/><\/figure>\n\n\n\n<figure class=\"wp-block-image size-full\"><img loading=\"lazy\" decoding=\"async\" width=\"585\" height=\"390\" src=\"http:\/\/vertienteglobal.com\/wp-content\/uploads\/2026\/09\/56872.jpg\" alt=\"\" class=\"wp-image-265020\" srcset=\"http:\/\/vertienteglobal.com\/wp-content\/uploads\/2026\/09\/56872.jpg 585w, http:\/\/vertienteglobal.com\/wp-content\/uploads\/2026\/09\/56872-300x200.jpg 300w, http:\/\/vertienteglobal.com\/wp-content\/uploads\/2026\/09\/56872-150x100.jpg 150w\" sizes=\"auto, (max-width: 585px) 100vw, 585px\" \/><\/figure>\n\n\n\n<figure class=\"wp-block-image size-full\"><img loading=\"lazy\" decoding=\"async\" width=\"585\" height=\"390\" src=\"http:\/\/vertienteglobal.com\/wp-content\/uploads\/2026\/09\/56873.jpg\" alt=\"\" class=\"wp-image-265021\" srcset=\"http:\/\/vertienteglobal.com\/wp-content\/uploads\/2026\/09\/56873.jpg 585w, http:\/\/vertienteglobal.com\/wp-content\/uploads\/2026\/09\/56873-300x200.jpg 300w, http:\/\/vertienteglobal.com\/wp-content\/uploads\/2026\/09\/56873-150x100.jpg 150w\" sizes=\"auto, (max-width: 585px) 100vw, 585px\" \/><\/figure>\n","protected":false},"excerpt":{"rendered":"<p>(Redacci\u00f3n) La gobernadora Mara Lezama Espinosa logr\u00f3 la gesti\u00f3n que convierte al Aeropuerto de Chetumal en un punto clave para el comercio y la conectividad del sur de Quintana Roo, lo que permitir\u00e1 realizar operaciones de entrada y salida de mercanc\u00edas de importaci\u00f3n y exportaci\u00f3n por v\u00eda a\u00e9rea Chetumal. \u2013 En un hecho que marca [&hellip;]<\/p>\n","protected":false},"author":6,"featured_media":265016,"comment_status":"open","ping_status":"open","sticky":false,"template":"","format":"standard","meta":{"footnotes":""},"categories":[3],"tags":[],"class_list":["post-265015","post","type-post","status-publish","format-standard","has-post-thumbnail","hentry","category-quintana-roo","entry","has-media"],"jetpack_featured_media_url":"http:\/\/vertienteglobal.com\/wp-content\/uploads\/2026\/09\/56868.jpg","_links":{"self":[{"href":"http:\/\/vertienteglobal.com\/index.php?rest_route=\/wp\/v2\/posts\/265015","targetHints":{"allow":["GET"]}}],"collection":[{"href":"http:\/\/vertienteglobal.com\/index.php?rest_route=\/wp\/v2\/posts"}],"about":[{"href":"http:\/\/vertienteglobal.com\/index.php?rest_route=\/wp\/v2\/types\/post"}],"author":[{"embeddable":true,"href":"http:\/\/vertienteglobal.com\/index.php?rest_route=\/wp\/v2\/users\/6"}],"replies":[{"embeddable":true,"href":"http:\/\/vertienteglobal.com\/index.php?rest_route=%2Fwp%2Fv2%2Fcomments&post=265015"}],"version-history":[{"count":1,"href":"http:\/\/vertienteglobal.com\/index.php?rest_route=\/wp\/v2\/posts\/265015\/revisions"}],"predecessor-version":[{"id":265022,"href":"http:\/\/vertienteglobal.com\/index.php?rest_route=\/wp\/v2\/posts\/265015\/revisions\/265022"}],"wp:featuredmedia":[{"embeddable":true,"href":"http:\/\/vertienteglobal.com\/index.php?rest_route=\/wp\/v2\/media\/265016"}],"wp:attachment":[{"href":"http:\/\/vertienteglobal.com\/index.php?rest_route=%2Fwp%2Fv2%2Fmedia&parent=265015"}],"wp:term":[{"taxonomy":"category","embeddable":true,"href":"http:\/\/vertienteglobal.com\/index.php?rest_route=%2Fwp%2Fv2%2Fcategories&post=265015"},{"taxonomy":"post_tag","embeddable":true,"href":"http:\/\/vertienteglobal.com\/index.php?rest_route=%2Fwp%2Fv2%2Ftags&post=265015"}],"curies":[{"name":"wp","href":"https:\/\/api.w.org\/{rel}","templated":true}]}}