{"id":264998,"date":"2026-09-05T18:56:00","date_gmt":"2026-09-05T23:56:00","guid":{"rendered":"http:\/\/vertienteglobal.com\/?p=264998"},"modified":"2026-09-06T10:58:43","modified_gmt":"2026-09-06T15:58:43","slug":"inicia-legislatura-de-la-justicia-social-su-tercer-ano-de-actividades","status":"publish","type":"post","link":"http:\/\/vertienteglobal.com\/?p=264998","title":{"rendered":"Inicia Legislatura de la Justicia Social su tercer a\u00f1o de actividades"},"content":{"rendered":"\n<div class=\"twitterbutton\" style=\"float: right; padding-left: 5px;\"><a href=\"http:\/\/twitter.com\/share\" class=\"twitter-share-button\" data-count=\"horizontal\" data-text=\"Inicia Legislatura de la Justicia Social su tercer a\u00f1o de actividades\" data-via=\"https:\/\/twitter.com\/VertienteGloba1\" data-url=\"http:\/\/vertienteglobal.com\/?p=264998\" data-lang=\"es\" data-related=\"Informaci\u00f3n general:S\u00edguenos para que est\u00e9ss informado\"><\/a><\/div>\n<figure class=\"wp-block-image size-large\"><img loading=\"lazy\" decoding=\"async\" width=\"1024\" height=\"584\" src=\"http:\/\/vertienteglobal.com\/wp-content\/uploads\/2026\/09\/56826-1024x584.jpg\" alt=\"\" class=\"wp-image-264999\" srcset=\"http:\/\/vertienteglobal.com\/wp-content\/uploads\/2026\/09\/56826-1024x584.jpg 1024w, http:\/\/vertienteglobal.com\/wp-content\/uploads\/2026\/09\/56826-300x171.jpg 300w, http:\/\/vertienteglobal.com\/wp-content\/uploads\/2026\/09\/56826-150x86.jpg 150w, http:\/\/vertienteglobal.com\/wp-content\/uploads\/2026\/09\/56826-768x438.jpg 768w, http:\/\/vertienteglobal.com\/wp-content\/uploads\/2026\/09\/56826-1536x876.jpg 1536w, http:\/\/vertienteglobal.com\/wp-content\/uploads\/2026\/09\/56826.jpg 1600w\" sizes=\"auto, (max-width: 1024px) 100vw, 1024px\" \/><\/figure>\n\n\n\n<p>(Redacci\u00f3n)<\/p>\n\n\n\n<p><em> El Congreso del Pueblo declar\u00f3 aperturados sus trabajos legislativos.<\/em><\/p>\n\n\n\n<p>Chetumal, Quintana Roo; 5 de septiembre de 2026.- La Legislatura de la Justicia retom\u00f3 los trabajos legislativos en la Casa del Pueblo, para dar continuidad al an\u00e1lisis de los temas que impactan en el bienestar de las y los quintanarroenses.<\/p>\n\n\n\n<p>En el marco de la apertura de los trabajos legislativos correspondientes al Tercer A\u00f1o de Ejercicio Constitucional, la XVIII Legislatura aprob\u00f3 reformas para la modernizaci\u00f3n digital del Registro P\u00fablico de la Propiedad y del Comercio.<\/p>\n\n\n\n<p>En la sesi\u00f3n n\u00famero 1 del Primer Periodo de Sesiones Ordinarias, cuya Mesa Directiva presidida por la diputada Lili Mis Mart\u00ednez entr\u00f3 en funciones, se aprob\u00f3 una reforma al C\u00f3digo Civil presentada por la gobernadora Mara Lezama, la cual da paso a la creaci\u00f3n del Sistema Inmobiliario de Quintana Roo (SIQROO), una plataforma tecnol\u00f3gica oficial que digitalizar\u00e1 los procesos registrales.<\/p>\n\n\n\n<p>Con esta medida, los documentos electr\u00f3nicos contar\u00e1n con firma electr\u00f3nica avanzada, sellos digitales de tiempo y c\u00f3digos QR, garantizando exactamente la misma validez y eficacia jur\u00eddica que los documentos f\u00edsicos, lo que agilizar\u00e1 los tr\u00e1mites, evitar\u00e1 la corrupci\u00f3n y blindar\u00e1 el patrimonio de la ciudadan\u00eda.<\/p>\n\n\n\n<p>En la misma sesi\u00f3n, se dio lectura a la iniciativa presentada por el diputado Jos\u00e9 Mar\u00eda Chac\u00f3n Chabl\u00e9 que tiene como fin tipificar el abandono y la omisi\u00f3n dolosa de cuidados hacia los animales de compa\u00f1\u00eda como un delito penal.<\/p>\n\n\n\n<p>La propuesta busca que las autoridades puedan castigar con c\u00e1rcel y multas a quienes nieguen alimento, agua o refugio adecuado a los animales, sancionando el riesgo inminente a su integridad sin tener que esperar a que ocurran lesiones o la muerte para poder aplicar la justicia.<\/p>\n\n\n\n<p>Finalmente, el Pleno aprob\u00f3 el Convenio de Asunci\u00f3n de Atribuciones entre el Municipio de Isla Mujeres y el Poder Ejecutivo del Estado en materia de transporte p\u00fablico.<\/p>\n\n\n\n<p>Con el desahogo de estos temas fundamentales en la apertura de su \u00faltimo a\u00f1o de ejercicio constitucional, la XVIII Legislatura reafirma su compromiso de construir un marco jur\u00eddico moderno, que atienda con firmeza la justicia, el bienestar social y el desarrollo ordenado de Quintana Roo.<\/p>\n\n\n\n<figure class=\"wp-block-image size-large\"><img loading=\"lazy\" decoding=\"async\" width=\"1024\" height=\"576\" src=\"http:\/\/vertienteglobal.com\/wp-content\/uploads\/2026\/09\/56827-1024x576.jpg\" alt=\"\" class=\"wp-image-265000\" srcset=\"http:\/\/vertienteglobal.com\/wp-content\/uploads\/2026\/09\/56827-1024x576.jpg 1024w, http:\/\/vertienteglobal.com\/wp-content\/uploads\/2026\/09\/56827-300x169.jpg 300w, http:\/\/vertienteglobal.com\/wp-content\/uploads\/2026\/09\/56827-150x84.jpg 150w, http:\/\/vertienteglobal.com\/wp-content\/uploads\/2026\/09\/56827-768x432.jpg 768w, http:\/\/vertienteglobal.com\/wp-content\/uploads\/2026\/09\/56827-1536x864.jpg 1536w, http:\/\/vertienteglobal.com\/wp-content\/uploads\/2026\/09\/56827.jpg 1600w\" sizes=\"auto, (max-width: 1024px) 100vw, 1024px\" \/><\/figure>\n\n\n\n<figure class=\"wp-block-image size-large\"><img loading=\"lazy\" decoding=\"async\" width=\"1024\" height=\"682\" src=\"http:\/\/vertienteglobal.com\/wp-content\/uploads\/2026\/09\/56828-1024x682.jpg\" alt=\"\" class=\"wp-image-265001\" srcset=\"http:\/\/vertienteglobal.com\/wp-content\/uploads\/2026\/09\/56828-1024x682.jpg 1024w, http:\/\/vertienteglobal.com\/wp-content\/uploads\/2026\/09\/56828-300x200.jpg 300w, http:\/\/vertienteglobal.com\/wp-content\/uploads\/2026\/09\/56828-150x100.jpg 150w, http:\/\/vertienteglobal.com\/wp-content\/uploads\/2026\/09\/56828-768x512.jpg 768w, http:\/\/vertienteglobal.com\/wp-content\/uploads\/2026\/09\/56828-1536x1023.jpg 1536w, http:\/\/vertienteglobal.com\/wp-content\/uploads\/2026\/09\/56828.jpg 1600w\" sizes=\"auto, (max-width: 1024px) 100vw, 1024px\" \/><\/figure>\n\n\n\n<figure class=\"wp-block-image size-large\"><img loading=\"lazy\" decoding=\"async\" width=\"1024\" height=\"541\" src=\"http:\/\/vertienteglobal.com\/wp-content\/uploads\/2026\/09\/56829-1024x541.jpg\" alt=\"\" class=\"wp-image-265002\" srcset=\"http:\/\/vertienteglobal.com\/wp-content\/uploads\/2026\/09\/56829-1024x541.jpg 1024w, http:\/\/vertienteglobal.com\/wp-content\/uploads\/2026\/09\/56829-300x159.jpg 300w, http:\/\/vertienteglobal.com\/wp-content\/uploads\/2026\/09\/56829-150x79.jpg 150w, http:\/\/vertienteglobal.com\/wp-content\/uploads\/2026\/09\/56829-768x406.jpg 768w, http:\/\/vertienteglobal.com\/wp-content\/uploads\/2026\/09\/56829-1536x812.jpg 1536w, http:\/\/vertienteglobal.com\/wp-content\/uploads\/2026\/09\/56829.jpg 1600w\" sizes=\"auto, (max-width: 1024px) 100vw, 1024px\" \/><\/figure>\n","protected":false},"excerpt":{"rendered":"<p>(Redacci\u00f3n) El Congreso del Pueblo declar\u00f3 aperturados sus trabajos legislativos. Chetumal, Quintana Roo; 5 de septiembre de 2026.- La Legislatura de la Justicia retom\u00f3 los trabajos legislativos en la Casa del Pueblo, para dar continuidad al an\u00e1lisis de los temas que impactan en el bienestar de las y los quintanarroenses. En el marco de la [&hellip;]<\/p>\n","protected":false},"author":6,"featured_media":264999,"comment_status":"open","ping_status":"open","sticky":false,"template":"","format":"standard","meta":{"footnotes":""},"categories":[3],"tags":[],"class_list":["post-264998","post","type-post","status-publish","format-standard","has-post-thumbnail","hentry","category-quintana-roo","entry","has-media"],"jetpack_featured_media_url":"http:\/\/vertienteglobal.com\/wp-content\/uploads\/2026\/09\/56826.jpg","_links":{"self":[{"href":"http:\/\/vertienteglobal.com\/index.php?rest_route=\/wp\/v2\/posts\/264998","targetHints":{"allow":["GET"]}}],"collection":[{"href":"http:\/\/vertienteglobal.com\/index.php?rest_route=\/wp\/v2\/posts"}],"about":[{"href":"http:\/\/vertienteglobal.com\/index.php?rest_route=\/wp\/v2\/types\/post"}],"author":[{"embeddable":true,"href":"http:\/\/vertienteglobal.com\/index.php?rest_route=\/wp\/v2\/users\/6"}],"replies":[{"embeddable":true,"href":"http:\/\/vertienteglobal.com\/index.php?rest_route=%2Fwp%2Fv2%2Fcomments&post=264998"}],"version-history":[{"count":1,"href":"http:\/\/vertienteglobal.com\/index.php?rest_route=\/wp\/v2\/posts\/264998\/revisions"}],"predecessor-version":[{"id":265003,"href":"http:\/\/vertienteglobal.com\/index.php?rest_route=\/wp\/v2\/posts\/264998\/revisions\/265003"}],"wp:featuredmedia":[{"embeddable":true,"href":"http:\/\/vertienteglobal.com\/index.php?rest_route=\/wp\/v2\/media\/264999"}],"wp:attachment":[{"href":"http:\/\/vertienteglobal.com\/index.php?rest_route=%2Fwp%2Fv2%2Fmedia&parent=264998"}],"wp:term":[{"taxonomy":"category","embeddable":true,"href":"http:\/\/vertienteglobal.com\/index.php?rest_route=%2Fwp%2Fv2%2Fcategories&post=264998"},{"taxonomy":"post_tag","embeddable":true,"href":"http:\/\/vertienteglobal.com\/index.php?rest_route=%2Fwp%2Fv2%2Ftags&post=264998"}],"curies":[{"name":"wp","href":"https:\/\/api.w.org\/{rel}","templated":true}]}}