{"id":264992,"date":"2026-09-03T19:52:00","date_gmt":"2026-09-04T00:52:00","guid":{"rendered":"http:\/\/vertienteglobal.com\/?p=264992"},"modified":"2026-09-06T10:55:15","modified_gmt":"2026-09-06T15:55:15","slug":"asume-jorge-sanen-la-presidencia-de-la-jugocopo-ratifica-el-compromiso-con-la-justicia-social","status":"publish","type":"post","link":"http:\/\/vertienteglobal.com\/?p=264992","title":{"rendered":"Asume Jorge San\u00e9n la presidencia de la JUGOCOPO, ratifica el compromiso con la justicia social"},"content":{"rendered":"\n<div class=\"twitterbutton\" style=\"float: right; padding-left: 5px;\"><a href=\"http:\/\/twitter.com\/share\" class=\"twitter-share-button\" data-count=\"horizontal\" data-text=\"Asume Jorge San\u00e9n la presidencia de la JUGOCOPO, ratifica el compromiso con la ...\" data-via=\"https:\/\/twitter.com\/VertienteGloba1\" data-url=\"http:\/\/vertienteglobal.com\/?p=264992\" data-lang=\"es\" data-related=\"Informaci\u00f3n general:S\u00edguenos para que est\u00e9ss informado\"><\/a><\/div>\n<figure class=\"wp-block-image size-large\"><img loading=\"lazy\" decoding=\"async\" width=\"1024\" height=\"527\" src=\"http:\/\/vertienteglobal.com\/wp-content\/uploads\/2026\/09\/56822-1024x527.jpg\" alt=\"\" class=\"wp-image-264994\" srcset=\"http:\/\/vertienteglobal.com\/wp-content\/uploads\/2026\/09\/56822-1024x527.jpg 1024w, http:\/\/vertienteglobal.com\/wp-content\/uploads\/2026\/09\/56822-300x155.jpg 300w, http:\/\/vertienteglobal.com\/wp-content\/uploads\/2026\/09\/56822-150x77.jpg 150w, http:\/\/vertienteglobal.com\/wp-content\/uploads\/2026\/09\/56822-768x396.jpg 768w, http:\/\/vertienteglobal.com\/wp-content\/uploads\/2026\/09\/56822-1536x791.jpg 1536w, http:\/\/vertienteglobal.com\/wp-content\/uploads\/2026\/09\/56822.jpg 1600w\" sizes=\"auto, (max-width: 1024px) 100vw, 1024px\" \/><\/figure>\n\n\n\n<p>(Redacci\u00f3n)<\/p>\n\n\n\n<p><em> El trabajo de la Junta de Gobierno continuar\u00e1 bajo los principios de unidad, pluralismo y convicci\u00f3n democr\u00e1tica<\/em><\/p>\n\n\n\n<p>Chetumal, Quintana Roo; 3 de septiembre de 2026.- Con el firme compromiso de mantener el trabajo legislativo a favor de la justicia social, este d\u00eda el diputado Jorge San\u00e9n Cervantes asumi\u00f3 la Presidencia de la Junta de Gobierno y Coordinaci\u00f3n Pol\u00edtica (JUGOCOPO) para el tercer a\u00f1o de la XVIII Legislatura.<\/p>\n\n\n\n<p>Al asumir la encomienda, San\u00e9n Cervantes hizo un amplio reconocimiento al trabajo realizado por el diputado Ren\u00e1n S\u00e1nchez Tajonar, quien durante su gesti\u00f3n al frente de este \u00f3rgano de gobierno promovi\u00f3 los consensos y acuerdos necesarios para que la actual Legislatura siguiera defendiendo el derecho del pueblo a vivir con justicia social.<\/p>\n\n\n\n<p>En su mensaje de inicio, la nueva Presidencia de la JUGOCOPO reafirm\u00f3 que el Poder Legislativo mantendr\u00e1 su din\u00e1mica a favor de la justicia social: \u201cSeguiremos trabajando en unidad, con pluralismo y convicci\u00f3n democr\u00e1tica\u00bb.<\/p>\n\n\n\n<p>Con este relevo institucional, el Congreso de Quintana Roo asegura la continuidad de su agenda legislativa, consolidando su visi\u00f3n y misi\u00f3n como la Legislatura de la Justicia Social.<\/p>\n\n\n\n<p>Por otra parte, el Pleno Legislativo aprob\u00f3 la integraci\u00f3n de la Mesa Directiva para el tercer a\u00f1o de ejercicio constitucional, la cual estar\u00e1 presidida por la diputada Lilia In\u00e9s Mis Mart\u00ednez, mientras que el diputado Jos\u00e9 Maria Chac\u00f3n ser\u00e1 vicepresidente, el diputado Jorge Cabrera Tinajero secretario y la diputada Diana Guti\u00e9rrez suplente general.<\/p>\n\n\n\n<figure class=\"wp-block-image size-large\"><img loading=\"lazy\" decoding=\"async\" width=\"1024\" height=\"815\" src=\"http:\/\/vertienteglobal.com\/wp-content\/uploads\/2026\/09\/56821-1024x815.jpg\" alt=\"\" class=\"wp-image-264993\" srcset=\"http:\/\/vertienteglobal.com\/wp-content\/uploads\/2026\/09\/56821-1024x815.jpg 1024w, http:\/\/vertienteglobal.com\/wp-content\/uploads\/2026\/09\/56821-300x239.jpg 300w, http:\/\/vertienteglobal.com\/wp-content\/uploads\/2026\/09\/56821-150x119.jpg 150w, http:\/\/vertienteglobal.com\/wp-content\/uploads\/2026\/09\/56821-768x612.jpg 768w, http:\/\/vertienteglobal.com\/wp-content\/uploads\/2026\/09\/56821-1536x1223.jpg 1536w, http:\/\/vertienteglobal.com\/wp-content\/uploads\/2026\/09\/56821.jpg 1600w\" sizes=\"auto, (max-width: 1024px) 100vw, 1024px\" \/><\/figure>\n\n\n\n<figure class=\"wp-block-image size-large\"><img loading=\"lazy\" decoding=\"async\" width=\"1024\" height=\"682\" src=\"http:\/\/vertienteglobal.com\/wp-content\/uploads\/2026\/09\/56823-1024x682.jpg\" alt=\"\" class=\"wp-image-264995\" srcset=\"http:\/\/vertienteglobal.com\/wp-content\/uploads\/2026\/09\/56823-1024x682.jpg 1024w, http:\/\/vertienteglobal.com\/wp-content\/uploads\/2026\/09\/56823-300x200.jpg 300w, http:\/\/vertienteglobal.com\/wp-content\/uploads\/2026\/09\/56823-150x100.jpg 150w, http:\/\/vertienteglobal.com\/wp-content\/uploads\/2026\/09\/56823-768x512.jpg 768w, http:\/\/vertienteglobal.com\/wp-content\/uploads\/2026\/09\/56823-1536x1023.jpg 1536w, http:\/\/vertienteglobal.com\/wp-content\/uploads\/2026\/09\/56823.jpg 1600w\" sizes=\"auto, (max-width: 1024px) 100vw, 1024px\" \/><\/figure>\n\n\n\n<figure class=\"wp-block-image size-large\"><img loading=\"lazy\" decoding=\"async\" width=\"1024\" height=\"577\" src=\"http:\/\/vertienteglobal.com\/wp-content\/uploads\/2026\/09\/56824-1024x577.jpg\" alt=\"\" class=\"wp-image-264996\" srcset=\"http:\/\/vertienteglobal.com\/wp-content\/uploads\/2026\/09\/56824-1024x577.jpg 1024w, http:\/\/vertienteglobal.com\/wp-content\/uploads\/2026\/09\/56824-300x169.jpg 300w, http:\/\/vertienteglobal.com\/wp-content\/uploads\/2026\/09\/56824-150x85.jpg 150w, http:\/\/vertienteglobal.com\/wp-content\/uploads\/2026\/09\/56824-768x433.jpg 768w, http:\/\/vertienteglobal.com\/wp-content\/uploads\/2026\/09\/56824-1536x866.jpg 1536w, http:\/\/vertienteglobal.com\/wp-content\/uploads\/2026\/09\/56824.jpg 1600w\" sizes=\"auto, (max-width: 1024px) 100vw, 1024px\" \/><\/figure>\n","protected":false},"excerpt":{"rendered":"<p>(Redacci\u00f3n) El trabajo de la Junta de Gobierno continuar\u00e1 bajo los principios de unidad, pluralismo y convicci\u00f3n democr\u00e1tica Chetumal, Quintana Roo; 3 de septiembre de 2026.- Con el firme compromiso de mantener el trabajo legislativo a favor de la justicia social, este d\u00eda el diputado Jorge San\u00e9n Cervantes asumi\u00f3 la Presidencia de la Junta de [&hellip;]<\/p>\n","protected":false},"author":6,"featured_media":264994,"comment_status":"open","ping_status":"open","sticky":false,"template":"","format":"standard","meta":{"footnotes":""},"categories":[3],"tags":[],"class_list":["post-264992","post","type-post","status-publish","format-standard","has-post-thumbnail","hentry","category-quintana-roo","entry","has-media"],"jetpack_featured_media_url":"http:\/\/vertienteglobal.com\/wp-content\/uploads\/2026\/09\/56822.jpg","_links":{"self":[{"href":"http:\/\/vertienteglobal.com\/index.php?rest_route=\/wp\/v2\/posts\/264992","targetHints":{"allow":["GET"]}}],"collection":[{"href":"http:\/\/vertienteglobal.com\/index.php?rest_route=\/wp\/v2\/posts"}],"about":[{"href":"http:\/\/vertienteglobal.com\/index.php?rest_route=\/wp\/v2\/types\/post"}],"author":[{"embeddable":true,"href":"http:\/\/vertienteglobal.com\/index.php?rest_route=\/wp\/v2\/users\/6"}],"replies":[{"embeddable":true,"href":"http:\/\/vertienteglobal.com\/index.php?rest_route=%2Fwp%2Fv2%2Fcomments&post=264992"}],"version-history":[{"count":1,"href":"http:\/\/vertienteglobal.com\/index.php?rest_route=\/wp\/v2\/posts\/264992\/revisions"}],"predecessor-version":[{"id":264997,"href":"http:\/\/vertienteglobal.com\/index.php?rest_route=\/wp\/v2\/posts\/264992\/revisions\/264997"}],"wp:featuredmedia":[{"embeddable":true,"href":"http:\/\/vertienteglobal.com\/index.php?rest_route=\/wp\/v2\/media\/264994"}],"wp:attachment":[{"href":"http:\/\/vertienteglobal.com\/index.php?rest_route=%2Fwp%2Fv2%2Fmedia&parent=264992"}],"wp:term":[{"taxonomy":"category","embeddable":true,"href":"http:\/\/vertienteglobal.com\/index.php?rest_route=%2Fwp%2Fv2%2Fcategories&post=264992"},{"taxonomy":"post_tag","embeddable":true,"href":"http:\/\/vertienteglobal.com\/index.php?rest_route=%2Fwp%2Fv2%2Ftags&post=264992"}],"curies":[{"name":"wp","href":"https:\/\/api.w.org\/{rel}","templated":true}]}}