{"id":264887,"date":"2026-09-03T18:48:00","date_gmt":"2026-09-03T23:48:00","guid":{"rendered":"http:\/\/vertienteglobal.com\/?p=264887"},"modified":"2026-09-04T08:24:35","modified_gmt":"2026-09-04T13:24:35","slug":"sep-alista-restricciones-al-uso-de-celulares-en-primarias-y-secundarias-del-pais","status":"publish","type":"post","link":"http:\/\/vertienteglobal.com\/?p=264887","title":{"rendered":"SEP alista restricciones al uso de celulares en primarias y secundarias del pa\u00eds"},"content":{"rendered":"\n<div class=\"twitterbutton\" style=\"float: right; padding-left: 5px;\"><a href=\"http:\/\/twitter.com\/share\" class=\"twitter-share-button\" data-count=\"horizontal\" data-text=\"SEP alista restricciones al uso de celulares en primarias y secundarias del pa\u00ed...\" data-via=\"https:\/\/twitter.com\/VertienteGloba1\" data-url=\"http:\/\/vertienteglobal.com\/?p=264887\" data-lang=\"es\" data-related=\"Informaci\u00f3n general:S\u00edguenos para que est\u00e9ss informado\"><\/a><\/div>\n<figure class=\"wp-block-image size-full\"><img loading=\"lazy\" decoding=\"async\" width=\"1024\" height=\"683\" src=\"http:\/\/vertienteglobal.com\/wp-content\/uploads\/2026\/09\/51256.webp\" alt=\"\" class=\"wp-image-264888\" srcset=\"http:\/\/vertienteglobal.com\/wp-content\/uploads\/2026\/09\/51256.webp 1024w, http:\/\/vertienteglobal.com\/wp-content\/uploads\/2026\/09\/51256-300x200.webp 300w, http:\/\/vertienteglobal.com\/wp-content\/uploads\/2026\/09\/51256-150x100.webp 150w, http:\/\/vertienteglobal.com\/wp-content\/uploads\/2026\/09\/51256-768x512.webp 768w\" sizes=\"auto, (max-width: 1024px) 100vw, 1024px\" \/><\/figure>\n\n\n\n<p>(Redacci\u00f3n)<\/p>\n\n\n\n<p>El funcionario indic\u00f3 que, una vez definido el esquema, se dar\u00e1 a conocer a las comunidades escolares y a los padres de familia las nuevas disposiciones<\/p>\n\n\n\n<p>Chetumal Quintana Roo 3 de septiembre de 2026.- La Secretar\u00eda de Educaci\u00f3n P\u00fablica (SEP) se prepara para establecer restricciones al uso de tel\u00e9fonos celulares en escuelas primarias y secundarias de todo el pa\u00eds, como parte de una estrategia para reducir el uso excesivo de pantallas y redes sociales entre ni\u00f1as, ni\u00f1os y adolescentes.<\/p>\n\n\n\n<p>Y es que el titular de la SEP, Mario Delgado Carrillo, inform\u00f3 que la propuesta se encuentra en la etapa final de an\u00e1lisis y asegur\u00f3 que cuenta con un amplio respaldo por parte del magisterio.<\/p>\n\n\n\n<p>De acuerdo con el funcionario, alrededor del 80 por ciento de los 565 mil docentes que participaron en una consulta nacional realizada durante el Consejo T\u00e9cnico Intensivo se pronunciaron a favor de establecer reglas para limitar el uso de estos dispositivos dentro de los planteles educativos.<\/p>\n\n\n\n<p>Entrevistado por diversos medios de comunicaci\u00f3n, Delgado Carrillo se\u00f1al\u00f3 que el uso prolongado de tel\u00e9fonos celulares puede convertirse en un factor de distracci\u00f3n para los estudiantes y afectar su capacidad de concentraci\u00f3n y comprensi\u00f3n lectora. Tambi\u00e9n advirti\u00f3 sobre posibles repercusiones en el descanso y el bienestar emocional de ni\u00f1as, ni\u00f1os y adolescentes.<\/p>\n\n\n\n<p>Hasta el momento, la SEP no ha establecido una fecha para la entrada en vigor de la regulaci\u00f3n. <\/p>\n\n\n\n<p>El funcionario indic\u00f3 que, una vez definido el esquema, se dar\u00e1 a conocer a las comunidades escolares y a los padres de familia las nuevas disposiciones.<\/p>\n\n\n\n<p>Dicha medida busca establecer reglas claras para el uso de dispositivos m\u00f3viles en las escuelas, con el objetivo de favorecer un entorno que contribuya al aprendizaje y al bienestar de los estudiantes.(Fuente:XEVA)<\/p>\n\n\n\n<figure class=\"wp-block-embed is-type-rich is-provider-x wp-block-embed-x\"><div class=\"wp-block-embed__wrapper\">\n<div class=\"oceanwp-oembed-wrap clr\"><div class=\"embed-x\"><blockquote class=\"twitter-tweet\" data-width=\"550\" data-dnt=\"true\"><p lang=\"es\" dir=\"ltr\">La <a href=\"https:\/\/x.com\/SEP_mx?ref_src=twsrc%5Etfw\">@SEP_mx<\/a> trabaja una regulaci\u00f3n de alcance nacional en restringir Celulares en primarias y secundarias: Mario Delgado Carrillo (<a href=\"https:\/\/x.com\/mario_delgado?ref_src=twsrc%5Etfw\">@mario_delgado<\/a>)<br><br>Dejo en claro: &quot;Por ahora, los lineamientos contin\u00faan en construcci\u00f3n&quot;<br><br>Chetumal Quintana Roo 3 de 5 de 2026.-El titular  de la\u2026 <a href=\"https:\/\/t.co\/ZUTPP3ZRsz\">pic.twitter.com\/ZUTPP3ZRsz<\/a><\/p>&mdash; vertienteglobal.com (@VertienteGloba1) <a href=\"https:\/\/x.com\/VertienteGloba1\/status\/2095695529539731647?ref_src=twsrc%5Etfw\">September 4, 2026<\/a><\/blockquote><script async src=\"https:\/\/platform.x.com\/widgets.js\" charset=\"utf-8\"><\/script><\/div><\/div>\n<\/div><\/figure>\n","protected":false},"excerpt":{"rendered":"<p>(Redacci\u00f3n) El funcionario indic\u00f3 que, una vez definido el esquema, se dar\u00e1 a conocer a las comunidades escolares y a los padres de familia las nuevas disposiciones Chetumal Quintana Roo 3 de septiembre de 2026.- La Secretar\u00eda de Educaci\u00f3n P\u00fablica (SEP) se prepara para establecer restricciones al uso de tel\u00e9fonos celulares en escuelas primarias y [&hellip;]<\/p>\n","protected":false},"author":6,"featured_media":264888,"comment_status":"open","ping_status":"open","sticky":false,"template":"","format":"standard","meta":{"footnotes":""},"categories":[9,8,3],"tags":[],"class_list":["post-264887","post","type-post","status-publish","format-standard","has-post-thumbnail","hentry","category-educacion","category-pais","category-quintana-roo","entry","has-media"],"jetpack_featured_media_url":"http:\/\/vertienteglobal.com\/wp-content\/uploads\/2026\/09\/51256.webp","_links":{"self":[{"href":"http:\/\/vertienteglobal.com\/index.php?rest_route=\/wp\/v2\/posts\/264887","targetHints":{"allow":["GET"]}}],"collection":[{"href":"http:\/\/vertienteglobal.com\/index.php?rest_route=\/wp\/v2\/posts"}],"about":[{"href":"http:\/\/vertienteglobal.com\/index.php?rest_route=\/wp\/v2\/types\/post"}],"author":[{"embeddable":true,"href":"http:\/\/vertienteglobal.com\/index.php?rest_route=\/wp\/v2\/users\/6"}],"replies":[{"embeddable":true,"href":"http:\/\/vertienteglobal.com\/index.php?rest_route=%2Fwp%2Fv2%2Fcomments&post=264887"}],"version-history":[{"count":2,"href":"http:\/\/vertienteglobal.com\/index.php?rest_route=\/wp\/v2\/posts\/264887\/revisions"}],"predecessor-version":[{"id":264890,"href":"http:\/\/vertienteglobal.com\/index.php?rest_route=\/wp\/v2\/posts\/264887\/revisions\/264890"}],"wp:featuredmedia":[{"embeddable":true,"href":"http:\/\/vertienteglobal.com\/index.php?rest_route=\/wp\/v2\/media\/264888"}],"wp:attachment":[{"href":"http:\/\/vertienteglobal.com\/index.php?rest_route=%2Fwp%2Fv2%2Fmedia&parent=264887"}],"wp:term":[{"taxonomy":"category","embeddable":true,"href":"http:\/\/vertienteglobal.com\/index.php?rest_route=%2Fwp%2Fv2%2Fcategories&post=264887"},{"taxonomy":"post_tag","embeddable":true,"href":"http:\/\/vertienteglobal.com\/index.php?rest_route=%2Fwp%2Fv2%2Ftags&post=264887"}],"curies":[{"name":"wp","href":"https:\/\/api.w.org\/{rel}","templated":true}]}}