{"id":264837,"date":"2026-09-03T19:45:00","date_gmt":"2026-09-04T00:45:00","guid":{"rendered":"http:\/\/vertienteglobal.com\/?p=264837"},"modified":"2026-09-04T06:55:07","modified_gmt":"2026-09-04T11:55:07","slug":"impulsan-desde-quintana-roo-debate-nacional-sobre-tecnologia-y-educacion-de-las-juventudes","status":"publish","type":"post","link":"http:\/\/vertienteglobal.com\/?p=264837","title":{"rendered":"Impulsan desde Quintana Roo debate nacional sobre tecnolog\u00eda y educaci\u00f3n de las juventudes"},"content":{"rendered":"\n<div class=\"twitterbutton\" style=\"float: right; padding-left: 5px;\"><a href=\"http:\/\/twitter.com\/share\" class=\"twitter-share-button\" data-count=\"horizontal\" data-text=\"Impulsan desde Quintana Roo debate nacional sobre tecnolog\u00eda y educaci\u00f3n de la...\" data-via=\"https:\/\/twitter.com\/VertienteGloba1\" data-url=\"http:\/\/vertienteglobal.com\/?p=264837\" data-lang=\"es\" data-related=\"Informaci\u00f3n general:S\u00edguenos para que est\u00e9ss informado\"><\/a><\/div>\n<figure class=\"wp-block-image size-large\"><img loading=\"lazy\" decoding=\"async\" width=\"1024\" height=\"683\" src=\"http:\/\/vertienteglobal.com\/wp-content\/uploads\/2026\/09\/50951-1024x683.jpg\" alt=\"\" class=\"wp-image-264838\" srcset=\"http:\/\/vertienteglobal.com\/wp-content\/uploads\/2026\/09\/50951-1024x683.jpg 1024w, http:\/\/vertienteglobal.com\/wp-content\/uploads\/2026\/09\/50951-300x200.jpg 300w, http:\/\/vertienteglobal.com\/wp-content\/uploads\/2026\/09\/50951-150x100.jpg 150w, http:\/\/vertienteglobal.com\/wp-content\/uploads\/2026\/09\/50951-768x512.jpg 768w, http:\/\/vertienteglobal.com\/wp-content\/uploads\/2026\/09\/50951.jpg 1280w\" sizes=\"auto, (max-width: 1024px) 100vw, 1024px\" \/><\/figure>\n\n\n\n<p>(Redacci\u00f3n)<\/p>\n\n\n\n<p>El Foro Regional Sur-Sureste, clausurado por la gobernadora Mara Lezama y el secretario Mario Delgado reuni\u00f3 a autoridades, universidades y especialistas para analizar el impacto de dispositivos digitales, redes sociales e inteligencia artificial en el aprendizaje, la salud mental y el bienestar de las nuevas generaciones<\/p>\n\n\n\n<p>Chetumal, Quintana Roo 3 de septiembre de 2026.- La gobernadora Mara Lezama Espinosa y el titular de la Secretar\u00eda de Educaci\u00f3n P\u00fablica (SEP), Mario Delgado Carrillo, clausuraron el Foro Regional Sur-Sureste \u201cLa vida frente a la pantalla, el impacto de los dispositivos digitales en las juventudes mexicanas\u201d, celebrado en el Centro Cultural Universitario de la Universidad Aut\u00f3noma del Estado de Quintana Roo.<\/p>\n\n\n\n<p>El objetivo fue generar un espacio de deliberaci\u00f3n entre el sector p\u00fablico, la academia y organismos nacionales e internacionales, para posicionar en la agenda p\u00fablica los impactos que tiene el uso de los dispositivos m\u00f3viles, de las redes sociales y de la inteligencia artificial en la salud mental, el desarrollo humano y la calidad de vida de las ni\u00f1as, ni\u00f1os, adolescentes y j\u00f3venes.<\/p>\n\n\n\n<p>El Foro Regional Sur-Sureste, organizado conjuntamente por la Secretar\u00eda de Educaci\u00f3n P\u00fablica (SEP) y la Asociaci\u00f3n Nacional de Universidades e Instituciones de Educaci\u00f3n Superior (ANUIES), forma parte de una estrategia nacional de seis foros regionales orientados al an\u00e1lisis del impacto de las tecnolog\u00edas digitales en el aprendizaje, la salud mental y el bienestar de las nuevas generaciones.<\/p>\n\n\n\n<p>El encuentro cont\u00f3 con un aforo previsto de 700 personas, con participaci\u00f3n del sector p\u00fablico, la academia y organismos nacionales e internacionales.<\/p>\n\n\n\n<p>Participaron instituciones que forman parte del Consejo Regional Sur-Sureste de la ANUIES, integrado por 47 instituciones de educaci\u00f3n superior: 20 institutos tecnol\u00f3gicos, 24 universidades y 3 centros de investigaci\u00f3n, con presencia en Campeche, Chiapas, Oaxaca, Quintana Roo, Tabasco, Veracruz y Yucat\u00e1n. Durante la jornada se abord\u00f3 el impacto de los dispositivos m\u00f3viles, las redes sociales y la inteligencia artificial en la salud mental, el desarrollo humano y la calidad de vida de las juventudes.<\/p>\n\n\n\n<p>Ante todos ellos la gobernadora Mara Lezama destac\u00f3 la importancia del Foro, lo que significa la relaci\u00f3n de la tecnolog\u00eda con las juventudes, que es parte esencial de sus vidas. \u201cMe parece fundamental darnos cuenta de lo positivo y negativo que puede haber cuando est\u00e1s frente a las pantallas\u201d dijo.<\/p>\n\n\n\n<p>\u201cTomen decisiones que les hagan bien y que a la postre, con los a\u00f1os, les hagan ser la mejor versi\u00f3n de s\u00ed mismos\u201d expres\u00f3 la Gobernadora.<\/p>\n\n\n\n<p>Durante el evento, el secretario Mario Delgado inform\u00f3 que las propuestas debatidas hoy ser\u00e1n comunicadas en todas las comunidades educativas en sus diversos niveles, para que se pongan las restricciones y reglas de acuerdo al nivel educativo.<\/p>\n\n\n\n<p>Hizo un reconocimiento p\u00fablico al trabajo que la gobernadora Mara Lezama ha hecho en Quintana Roo en cuatro a\u00f1os de gobierno a favor de la educaci\u00f3n y de las y los maestros, como las m\u00e1s de 870 basificaciones y las gestiones para nuevos CBTIS,CESMAT, bachilleratos, becas, etc.<\/p>\n\n\n\n<p>Estuvieron en el pres\u00eddium la presidenta honoraria del Sistema DIF Quintana Roo, Ver\u00f3nica Lezama Espinosa; la Rectora de la UQROO, Consuelo Natalia Fiorentini Ca\u00f1edo, y la secretar\u00eda de Educaci\u00f3n, Elda Xix Eu\u00e1n<\/p>\n\n\n\n<figure class=\"wp-block-image size-large\"><img loading=\"lazy\" decoding=\"async\" width=\"1024\" height=\"683\" src=\"http:\/\/vertienteglobal.com\/wp-content\/uploads\/2026\/09\/50952-1024x683.jpg\" alt=\"\" class=\"wp-image-264839\" srcset=\"http:\/\/vertienteglobal.com\/wp-content\/uploads\/2026\/09\/50952-1024x683.jpg 1024w, http:\/\/vertienteglobal.com\/wp-content\/uploads\/2026\/09\/50952-300x200.jpg 300w, http:\/\/vertienteglobal.com\/wp-content\/uploads\/2026\/09\/50952-150x100.jpg 150w, http:\/\/vertienteglobal.com\/wp-content\/uploads\/2026\/09\/50952-768x512.jpg 768w, http:\/\/vertienteglobal.com\/wp-content\/uploads\/2026\/09\/50952.jpg 1280w\" sizes=\"auto, (max-width: 1024px) 100vw, 1024px\" \/><\/figure>\n\n\n\n<figure class=\"wp-block-image size-large\"><img loading=\"lazy\" decoding=\"async\" width=\"1024\" height=\"683\" src=\"http:\/\/vertienteglobal.com\/wp-content\/uploads\/2026\/09\/50954-1024x683.jpg\" alt=\"\" class=\"wp-image-264840\" srcset=\"http:\/\/vertienteglobal.com\/wp-content\/uploads\/2026\/09\/50954-1024x683.jpg 1024w, http:\/\/vertienteglobal.com\/wp-content\/uploads\/2026\/09\/50954-300x200.jpg 300w, http:\/\/vertienteglobal.com\/wp-content\/uploads\/2026\/09\/50954-150x100.jpg 150w, http:\/\/vertienteglobal.com\/wp-content\/uploads\/2026\/09\/50954-768x512.jpg 768w, http:\/\/vertienteglobal.com\/wp-content\/uploads\/2026\/09\/50954.jpg 1280w\" sizes=\"auto, (max-width: 1024px) 100vw, 1024px\" \/><\/figure>\n\n\n\n<figure class=\"wp-block-image size-large\"><img loading=\"lazy\" decoding=\"async\" width=\"1024\" height=\"485\" src=\"http:\/\/vertienteglobal.com\/wp-content\/uploads\/2026\/09\/50955-1024x485.jpg\" alt=\"\" class=\"wp-image-264841\" srcset=\"http:\/\/vertienteglobal.com\/wp-content\/uploads\/2026\/09\/50955-1024x485.jpg 1024w, http:\/\/vertienteglobal.com\/wp-content\/uploads\/2026\/09\/50955-300x142.jpg 300w, http:\/\/vertienteglobal.com\/wp-content\/uploads\/2026\/09\/50955-150x71.jpg 150w, http:\/\/vertienteglobal.com\/wp-content\/uploads\/2026\/09\/50955-768x364.jpg 768w, http:\/\/vertienteglobal.com\/wp-content\/uploads\/2026\/09\/50955.jpg 1280w\" sizes=\"auto, (max-width: 1024px) 100vw, 1024px\" \/><\/figure>\n\n\n\n<figure class=\"wp-block-image size-large\"><img loading=\"lazy\" decoding=\"async\" width=\"1024\" height=\"683\" src=\"http:\/\/vertienteglobal.com\/wp-content\/uploads\/2026\/09\/50956-1024x683.jpg\" alt=\"\" class=\"wp-image-264842\" srcset=\"http:\/\/vertienteglobal.com\/wp-content\/uploads\/2026\/09\/50956-1024x683.jpg 1024w, http:\/\/vertienteglobal.com\/wp-content\/uploads\/2026\/09\/50956-300x200.jpg 300w, http:\/\/vertienteglobal.com\/wp-content\/uploads\/2026\/09\/50956-150x100.jpg 150w, http:\/\/vertienteglobal.com\/wp-content\/uploads\/2026\/09\/50956-768x512.jpg 768w, http:\/\/vertienteglobal.com\/wp-content\/uploads\/2026\/09\/50956.jpg 1280w\" sizes=\"auto, (max-width: 1024px) 100vw, 1024px\" \/><\/figure>\n","protected":false},"excerpt":{"rendered":"<p>(Redacci\u00f3n) El Foro Regional Sur-Sureste, clausurado por la gobernadora Mara Lezama y el secretario Mario Delgado reuni\u00f3 a autoridades, universidades y especialistas para analizar el impacto de dispositivos digitales, redes sociales e inteligencia artificial en el aprendizaje, la salud mental y el bienestar de las nuevas generaciones Chetumal, Quintana Roo 3 de septiembre de 2026.- [&hellip;]<\/p>\n","protected":false},"author":6,"featured_media":264838,"comment_status":"open","ping_status":"open","sticky":false,"template":"","format":"standard","meta":{"footnotes":""},"categories":[3],"tags":[],"class_list":["post-264837","post","type-post","status-publish","format-standard","has-post-thumbnail","hentry","category-quintana-roo","entry","has-media"],"jetpack_featured_media_url":"http:\/\/vertienteglobal.com\/wp-content\/uploads\/2026\/09\/50951.jpg","_links":{"self":[{"href":"http:\/\/vertienteglobal.com\/index.php?rest_route=\/wp\/v2\/posts\/264837","targetHints":{"allow":["GET"]}}],"collection":[{"href":"http:\/\/vertienteglobal.com\/index.php?rest_route=\/wp\/v2\/posts"}],"about":[{"href":"http:\/\/vertienteglobal.com\/index.php?rest_route=\/wp\/v2\/types\/post"}],"author":[{"embeddable":true,"href":"http:\/\/vertienteglobal.com\/index.php?rest_route=\/wp\/v2\/users\/6"}],"replies":[{"embeddable":true,"href":"http:\/\/vertienteglobal.com\/index.php?rest_route=%2Fwp%2Fv2%2Fcomments&post=264837"}],"version-history":[{"count":1,"href":"http:\/\/vertienteglobal.com\/index.php?rest_route=\/wp\/v2\/posts\/264837\/revisions"}],"predecessor-version":[{"id":264843,"href":"http:\/\/vertienteglobal.com\/index.php?rest_route=\/wp\/v2\/posts\/264837\/revisions\/264843"}],"wp:featuredmedia":[{"embeddable":true,"href":"http:\/\/vertienteglobal.com\/index.php?rest_route=\/wp\/v2\/media\/264838"}],"wp:attachment":[{"href":"http:\/\/vertienteglobal.com\/index.php?rest_route=%2Fwp%2Fv2%2Fmedia&parent=264837"}],"wp:term":[{"taxonomy":"category","embeddable":true,"href":"http:\/\/vertienteglobal.com\/index.php?rest_route=%2Fwp%2Fv2%2Fcategories&post=264837"},{"taxonomy":"post_tag","embeddable":true,"href":"http:\/\/vertienteglobal.com\/index.php?rest_route=%2Fwp%2Fv2%2Ftags&post=264837"}],"curies":[{"name":"wp","href":"https:\/\/api.w.org\/{rel}","templated":true}]}}