{"id":264761,"date":"2026-09-02T21:19:00","date_gmt":"2026-09-03T02:19:00","guid":{"rendered":"http:\/\/vertienteglobal.com\/?p=264761"},"modified":"2026-09-03T00:22:00","modified_gmt":"2026-09-03T05:22:00","slug":"pone-en-marcha-mara-lezama-ruta-27-del-sistema-de-transporte-mobi-y-transforma-la-movilidad-en-cancun-video","status":"publish","type":"post","link":"http:\/\/vertienteglobal.com\/?p=264761","title":{"rendered":"Pone en marcha Mara Lezama ruta 27 del sistema de transporte MOBI y transforma la movilidad en Canc\u00fan (+V\u00eddeo)"},"content":{"rendered":"\n<div class=\"twitterbutton\" style=\"float: right; padding-left: 5px;\"><a href=\"http:\/\/twitter.com\/share\" class=\"twitter-share-button\" data-count=\"horizontal\" data-text=\"Pone en marcha Mara Lezama ruta 27 del sistema de transporte MOBI y transforma l...\" data-via=\"https:\/\/twitter.com\/VertienteGloba1\" data-url=\"http:\/\/vertienteglobal.com\/?p=264761\" data-lang=\"es\" data-related=\"Informaci\u00f3n general:S\u00edguenos para que est\u00e9ss informado\"><\/a><\/div>\n<figure class=\"wp-block-image size-large\"><img loading=\"lazy\" decoding=\"async\" width=\"1024\" height=\"683\" src=\"http:\/\/vertienteglobal.com\/wp-content\/uploads\/2026\/09\/47658-1024x683.jpg\" alt=\"\" class=\"wp-image-264762\" srcset=\"http:\/\/vertienteglobal.com\/wp-content\/uploads\/2026\/09\/47658-1024x683.jpg 1024w, http:\/\/vertienteglobal.com\/wp-content\/uploads\/2026\/09\/47658-300x200.jpg 300w, http:\/\/vertienteglobal.com\/wp-content\/uploads\/2026\/09\/47658-150x100.jpg 150w, http:\/\/vertienteglobal.com\/wp-content\/uploads\/2026\/09\/47658-768x512.jpg 768w, http:\/\/vertienteglobal.com\/wp-content\/uploads\/2026\/09\/47658.jpg 1280w\" sizes=\"auto, (max-width: 1024px) 100vw, 1024px\" \/><\/figure>\n\n\n\n<p>(Redacci\u00f3n)<\/p>\n\n\n\n<p>Esta ruta, por el puente Nichupt\u00e9, recorrer\u00e1 64.9 kil\u00f3metros, conectar\u00e1 155 colonias y beneficiar\u00e1 a m\u00e1s de 156 mil personas; reducir\u00e1 hasta 50 minutos el traslado a la Zona Hotelera<\/p>\n\n\n\n<p>Canc\u00fan, Quintana Roo 2 de septiembre de 2026.- Con el banderazo de salida de la Ruta 27 Puente Nichupt\u00e9, la gobernadora Mara Lezama Espinosa puso en marcha la primera gran acci\u00f3n de una transformaci\u00f3n integral del transporte p\u00fablico en Canc\u00fan, durante un evento realizado en el Malec\u00f3n Tajamar y con las modernas unidades Taruk, construidas en M\u00e9xico y con tecnolog\u00eda de punta.<\/p>\n\n\n\n<p>A trav\u00e9s del Sistema de Movilidad del Bienestar Quintanarroense (MOBI), durante 2026 y 2027 se incorporar\u00e1n gradualmente nuevas rutas estrat\u00e9gicas para ampliar la cobertura, conectar mejor a las familias con sus destinos y consolidar un sistema de movilidad moderno, integrado y pensado para las necesidades reales de la ciudad.<\/p>\n\n\n\n<p>\u201cMOBI es una realidad, para aquellas y aquellos que dec\u00edan que no lo \u00edbamos a lograr. S\u00ed lo logramos, s\u00ed se puede y \u00e9sta es la respuesta a una demanda de hace mucho tiempo; una demanda que est\u00e1 asentada ah\u00ed, en las consultas p\u00fablicas. Hoy MOBI extiende sus alas y hoy te lleva de manera segura. Tu voz nos mueve y aqu\u00ed est\u00e1n cada uno de los autobuses que nos solicitaron las y los quintanarroenses, las y los cancunenses para que tuvieran un transporte digno. MOBI es una realidad\u201d, expres\u00f3 Mara Lezama.<\/p>\n\n\n\n<p>Luego del banderazo de la salida, la gobernadora de Quintana Roo, junto con la presidenta honoraria del Sistema DIF Quintana Roo, Ver\u00f3nica Lezama Espinosa; la coordinadora t\u00e9cnica del Proyecto Moverse (GIZ), Auribel Villa Avenda\u00f1o; el gerente general de Mercedes Benz M\u00e9xico, Hoger D\u00fcrrfeld; el director del IMOVEQROO, Rafael Hern\u00e1ndez; el secretario general del Ayuntamiento de Benito Ju\u00e1rez, Pablo Guti\u00e9rrez Fern\u00e1ndez, y el presidente del Consejo de Administraci\u00f3n de Turicun, Vicente Noya Cruz, abordaron un Taruk para constatar la tecnolog\u00eda y la calidad de los autobuses.<\/p>\n\n\n\n<p>Durante la presentaci\u00f3n, el director del IMOVEQROO, Rafael Hern\u00e1ndez, explic\u00f3 los alcances de la ruta puesta en servicio y la dimensi\u00f3n de MOBI, as\u00ed como los beneficios que ofrece a las y los quintanarroenses.<\/p>\n\n\n\n<p>La Ruta 27 Puente Nichupt\u00e9 tiene un recorrido total de 64.9 kil\u00f3metros, con cobertura en 155 colonias y un beneficio potencial para m\u00e1s de 156 mil personas. Su trazo parte de Cielo Nuevo y contin\u00faa por Arco Norte, avenida Lak\u2019in, avenida Jos\u00e9 L\u00f3pez Portillo, avenida Nichupt\u00e9, avenida Kabah y el Puente Nichupt\u00e9, para ingresar al bulevar Kukulc\u00e1n y retornar por el mismo corredor.<\/p>\n\n\n\n<p>La Gobernadora inform\u00f3 que a partir de este d\u00eda hasta el domingo 13 de septiembre, la gente puede abordar de forma gratuita.<\/p>\n\n\n\n<p>Uno de los principales beneficios ser\u00e1 la reducci\u00f3n de los tiempos de traslado. En determinados recorridos, la nueva conexi\u00f3n permitir\u00e1 un ahorro potencial de hasta 50 minutos, devolviendo tiempo a las personas para sus familias, su descanso y sus actividades cotidianas.<\/p>\n\n\n\n<p>Inicialmente, la ruta operar\u00e1 con 16 unidades, cada una con capacidad para hasta 80 pasajeros. Tendr\u00e1 una frecuencia estimada de 7 minutos en hora pico y 15 minutos en hora valle, con servicio de 5:30 de la ma\u00f1ana a 2:00 de la madrugada del d\u00eda siguiente.<\/p>\n\n\n\n<p>La capacidad m\u00e1xima estimada del servicio ser\u00e1 de hasta mil 200 pasajeros por hora y 16 mil pasajeros diarios, mientras que la demanda prevista es de hasta 11 mil 500 viajes al d\u00eda, lo que permitir\u00e1 ampliar significativamente la oferta de transporte p\u00fablico hacia uno de los principales corredores laborales y tur\u00edsticos de Canc\u00fan.<\/p>\n\n\n\n<p>Las unidades que prestar\u00e1n el servicio incorporan tecnolog\u00eda para mejorar la experiencia de viaje: validadores para pago electr\u00f3nico, GPS en tiempo real, wifi, contador de pasajeros y sistemas para monitorear su desempe\u00f1o y operaci\u00f3n. Asimismo, cuentan con c\u00e1maras de videovigilancia integradas al C5.<\/p>\n\n\n\n<p>En materia de accesibilidad universal, disponen de piso bajo, rampas para sillas de ruedas, espacios preferentes, piso podot\u00e1ctil, se\u00f1al\u00e9tica braille, pasamanos para personas mayores y botones de descenso. Adem\u00e1s, cuentan con aire acondicionado, conectores USB y rack para bicicletas.<\/p>\n\n\n\n<p>La infraestructura del Sistema MOBI en Canc\u00fan incluye 95 paraderos oficiales, de los cuales 69 cuentan con se\u00f1al\u00e9tica y 26 con parab\u00fas, as\u00ed como un Centro de Control y Monitoreo que permite conocer en tiempo real la ubicaci\u00f3n de las unidades, tiempos de recorrido, intervalos de paso y cumplimiento de la programaci\u00f3n, con operaci\u00f3n las 24 horas, los siete d\u00edas de la semana.<\/p>\n\n\n\n<p>MOBI incorpora adem\u00e1s un sistema de pago electr\u00f3nico y la aplicaci\u00f3n MOBI, mediante la cual las personas pueden registrarse, obtener una tarjeta virtual gratuita, consultar y recargar saldo y realizar sus viajes mediante e-ticket.<\/p>\n\n\n\n<p>Como parte de su pol\u00edtica de inclusi\u00f3n, el sistema contempla Tarifa Social: estudiantes y personas mayores pagar\u00e1n 10 pesos y las personas con discapacidad tendr\u00e1n gratuidad permanente. Al 31 de agosto, en Canc\u00fan ya se hab\u00edan credencializado mil 103 personas para acceder a estos beneficios.<\/p>\n\n\n\n<p>El director de IMOVEQROO anunci\u00f3 que el pr\u00f3ximo d\u00eda 14 se anunciar\u00e1 la ruta 27 de Kil\u00f3metro Cero.<\/p>\n\n\n\n<figure class=\"wp-block-image size-large\"><img loading=\"lazy\" decoding=\"async\" width=\"1024\" height=\"683\" src=\"http:\/\/vertienteglobal.com\/wp-content\/uploads\/2026\/09\/47659-1024x683.jpg\" alt=\"\" class=\"wp-image-264763\" srcset=\"http:\/\/vertienteglobal.com\/wp-content\/uploads\/2026\/09\/47659-1024x683.jpg 1024w, http:\/\/vertienteglobal.com\/wp-content\/uploads\/2026\/09\/47659-300x200.jpg 300w, http:\/\/vertienteglobal.com\/wp-content\/uploads\/2026\/09\/47659-150x100.jpg 150w, http:\/\/vertienteglobal.com\/wp-content\/uploads\/2026\/09\/47659-768x512.jpg 768w, http:\/\/vertienteglobal.com\/wp-content\/uploads\/2026\/09\/47659.jpg 1280w\" sizes=\"auto, (max-width: 1024px) 100vw, 1024px\" \/><\/figure>\n\n\n\n<figure class=\"wp-block-image size-large\"><img loading=\"lazy\" decoding=\"async\" width=\"1024\" height=\"683\" src=\"http:\/\/vertienteglobal.com\/wp-content\/uploads\/2026\/09\/47660-1024x683.jpg\" alt=\"\" class=\"wp-image-264764\" srcset=\"http:\/\/vertienteglobal.com\/wp-content\/uploads\/2026\/09\/47660-1024x683.jpg 1024w, http:\/\/vertienteglobal.com\/wp-content\/uploads\/2026\/09\/47660-300x200.jpg 300w, http:\/\/vertienteglobal.com\/wp-content\/uploads\/2026\/09\/47660-150x100.jpg 150w, http:\/\/vertienteglobal.com\/wp-content\/uploads\/2026\/09\/47660-768x512.jpg 768w, http:\/\/vertienteglobal.com\/wp-content\/uploads\/2026\/09\/47660.jpg 1280w\" sizes=\"auto, (max-width: 1024px) 100vw, 1024px\" \/><\/figure>\n\n\n\n<figure class=\"wp-block-image size-large\"><img loading=\"lazy\" decoding=\"async\" width=\"1024\" height=\"683\" src=\"http:\/\/vertienteglobal.com\/wp-content\/uploads\/2026\/09\/47661-1024x683.jpg\" alt=\"\" class=\"wp-image-264765\" srcset=\"http:\/\/vertienteglobal.com\/wp-content\/uploads\/2026\/09\/47661-1024x683.jpg 1024w, http:\/\/vertienteglobal.com\/wp-content\/uploads\/2026\/09\/47661-300x200.jpg 300w, http:\/\/vertienteglobal.com\/wp-content\/uploads\/2026\/09\/47661-150x100.jpg 150w, http:\/\/vertienteglobal.com\/wp-content\/uploads\/2026\/09\/47661-768x512.jpg 768w, http:\/\/vertienteglobal.com\/wp-content\/uploads\/2026\/09\/47661.jpg 1280w\" sizes=\"auto, (max-width: 1024px) 100vw, 1024px\" \/><\/figure>\n\n\n\n<figure class=\"wp-block-image size-large\"><img loading=\"lazy\" decoding=\"async\" width=\"1024\" height=\"683\" src=\"http:\/\/vertienteglobal.com\/wp-content\/uploads\/2026\/09\/47662-1024x683.jpg\" alt=\"\" class=\"wp-image-264766\" srcset=\"http:\/\/vertienteglobal.com\/wp-content\/uploads\/2026\/09\/47662-1024x683.jpg 1024w, http:\/\/vertienteglobal.com\/wp-content\/uploads\/2026\/09\/47662-300x200.jpg 300w, http:\/\/vertienteglobal.com\/wp-content\/uploads\/2026\/09\/47662-150x100.jpg 150w, http:\/\/vertienteglobal.com\/wp-content\/uploads\/2026\/09\/47662-768x512.jpg 768w, http:\/\/vertienteglobal.com\/wp-content\/uploads\/2026\/09\/47662.jpg 1280w\" sizes=\"auto, (max-width: 1024px) 100vw, 1024px\" \/><\/figure>\n\n\n\n<figure class=\"wp-block-image size-large\"><img loading=\"lazy\" decoding=\"async\" width=\"1024\" height=\"576\" src=\"http:\/\/vertienteglobal.com\/wp-content\/uploads\/2026\/09\/47663-1024x576.jpg\" alt=\"\" class=\"wp-image-264767\" srcset=\"http:\/\/vertienteglobal.com\/wp-content\/uploads\/2026\/09\/47663-1024x576.jpg 1024w, http:\/\/vertienteglobal.com\/wp-content\/uploads\/2026\/09\/47663-300x169.jpg 300w, http:\/\/vertienteglobal.com\/wp-content\/uploads\/2026\/09\/47663-150x84.jpg 150w, http:\/\/vertienteglobal.com\/wp-content\/uploads\/2026\/09\/47663-768x432.jpg 768w, http:\/\/vertienteglobal.com\/wp-content\/uploads\/2026\/09\/47663.jpg 1280w\" sizes=\"auto, (max-width: 1024px) 100vw, 1024px\" \/><\/figure>\n\n\n\n<figure class=\"wp-block-embed is-type-rich is-provider-x wp-block-embed-x\"><div class=\"wp-block-embed__wrapper\">\n<div class=\"oceanwp-oembed-wrap clr\"><div class=\"embed-x\"><blockquote class=\"twitter-tweet\" data-width=\"550\" data-dnt=\"true\"><p lang=\"es\" dir=\"ltr\">Pone en marcha Mara Lezama (<a href=\"https:\/\/x.com\/MaraLezama?ref_src=twsrc%5Etfw\">@MaraLezama<\/a>) ruta 27 del sistema de transporte MOBI y transforma la movilidad en Canc\u00fan<br><br>Canc\u00fan, Quintana Roo 2 de septiembre 2026.-  Con el banderazo de salida de la Ruta 27 Puente Nichupt\u00e9, la gobernadora Mara Lezama Espinosa puso en marcha la\u2026 <a href=\"https:\/\/t.co\/TnIaZtUS8y\">pic.twitter.com\/TnIaZtUS8y<\/a><\/p>&mdash; vertienteglobal.com (@VertienteGloba1) <a href=\"https:\/\/x.com\/VertienteGloba1\/status\/2095347443105735073?ref_src=twsrc%5Etfw\">September 3, 2026<\/a><\/blockquote><script async src=\"https:\/\/platform.x.com\/widgets.js\" charset=\"utf-8\"><\/script><\/div><\/div>\n<\/div><\/figure>\n","protected":false},"excerpt":{"rendered":"<p>(Redacci\u00f3n) Esta ruta, por el puente Nichupt\u00e9, recorrer\u00e1 64.9 kil\u00f3metros, conectar\u00e1 155 colonias y beneficiar\u00e1 a m\u00e1s de 156 mil personas; reducir\u00e1 hasta 50 minutos el traslado a la Zona Hotelera Canc\u00fan, Quintana Roo 2 de septiembre de 2026.- Con el banderazo de salida de la Ruta 27 Puente Nichupt\u00e9, la gobernadora Mara Lezama Espinosa [&hellip;]<\/p>\n","protected":false},"author":6,"featured_media":264762,"comment_status":"open","ping_status":"open","sticky":false,"template":"","format":"standard","meta":{"footnotes":""},"categories":[3],"tags":[],"class_list":["post-264761","post","type-post","status-publish","format-standard","has-post-thumbnail","hentry","category-quintana-roo","entry","has-media"],"jetpack_featured_media_url":"http:\/\/vertienteglobal.com\/wp-content\/uploads\/2026\/09\/47658.jpg","_links":{"self":[{"href":"http:\/\/vertienteglobal.com\/index.php?rest_route=\/wp\/v2\/posts\/264761","targetHints":{"allow":["GET"]}}],"collection":[{"href":"http:\/\/vertienteglobal.com\/index.php?rest_route=\/wp\/v2\/posts"}],"about":[{"href":"http:\/\/vertienteglobal.com\/index.php?rest_route=\/wp\/v2\/types\/post"}],"author":[{"embeddable":true,"href":"http:\/\/vertienteglobal.com\/index.php?rest_route=\/wp\/v2\/users\/6"}],"replies":[{"embeddable":true,"href":"http:\/\/vertienteglobal.com\/index.php?rest_route=%2Fwp%2Fv2%2Fcomments&post=264761"}],"version-history":[{"count":1,"href":"http:\/\/vertienteglobal.com\/index.php?rest_route=\/wp\/v2\/posts\/264761\/revisions"}],"predecessor-version":[{"id":264768,"href":"http:\/\/vertienteglobal.com\/index.php?rest_route=\/wp\/v2\/posts\/264761\/revisions\/264768"}],"wp:featuredmedia":[{"embeddable":true,"href":"http:\/\/vertienteglobal.com\/index.php?rest_route=\/wp\/v2\/media\/264762"}],"wp:attachment":[{"href":"http:\/\/vertienteglobal.com\/index.php?rest_route=%2Fwp%2Fv2%2Fmedia&parent=264761"}],"wp:term":[{"taxonomy":"category","embeddable":true,"href":"http:\/\/vertienteglobal.com\/index.php?rest_route=%2Fwp%2Fv2%2Fcategories&post=264761"},{"taxonomy":"post_tag","embeddable":true,"href":"http:\/\/vertienteglobal.com\/index.php?rest_route=%2Fwp%2Fv2%2Ftags&post=264761"}],"curies":[{"name":"wp","href":"https:\/\/api.w.org\/{rel}","templated":true}]}}