{"id":264756,"date":"2026-09-02T16:54:00","date_gmt":"2026-09-02T21:54:00","guid":{"rendered":"http:\/\/vertienteglobal.com\/?p=264756"},"modified":"2026-09-03T00:18:02","modified_gmt":"2026-09-03T05:18:02","slug":"264756","status":"publish","type":"post","link":"http:\/\/vertienteglobal.com\/?p=264756","title":{"rendered":"Morena a\u00fan no define fecha para anunciar coordinadores estatales rumbo a 2027"},"content":{"rendered":"\n<div class=\"twitterbutton\" style=\"float: right; padding-left: 5px;\"><a href=\"http:\/\/twitter.com\/share\" class=\"twitter-share-button\" data-count=\"horizontal\" data-text=\"Morena a\u00fan no define fecha para anunciar coordinadores estatales rumbo a 2027\" data-via=\"https:\/\/twitter.com\/VertienteGloba1\" data-url=\"http:\/\/vertienteglobal.com\/?p=264756\" data-lang=\"es\" data-related=\"Informaci\u00f3n general:S\u00edguenos para que est\u00e9ss informado\"><\/a><\/div>\n<figure class=\"wp-block-image size-full\"><img loading=\"lazy\" decoding=\"async\" width=\"1024\" height=\"683\" src=\"http:\/\/vertienteglobal.com\/wp-content\/uploads\/2026\/09\/293826xeva20260902165443.webp\" alt=\"\" class=\"wp-image-264757\" srcset=\"http:\/\/vertienteglobal.com\/wp-content\/uploads\/2026\/09\/293826xeva20260902165443.webp 1024w, http:\/\/vertienteglobal.com\/wp-content\/uploads\/2026\/09\/293826xeva20260902165443-300x200.webp 300w, http:\/\/vertienteglobal.com\/wp-content\/uploads\/2026\/09\/293826xeva20260902165443-150x100.webp 150w, http:\/\/vertienteglobal.com\/wp-content\/uploads\/2026\/09\/293826xeva20260902165443-768x512.webp 768w\" sizes=\"auto, (max-width: 1024px) 100vw, 1024px\" \/><\/figure>\n\n\n\n<p>(Redacci\u00f3n)<\/p>\n\n\n\n<p>Montiel Eeyes, se\u00f1al\u00f3 que todav\u00eda no existen fechas exactas para dar a conocer a los pr\u00f3ximos coordinadores y asegur\u00f3 que Morena se encuentra dentro de los plazos establecidos en su convocatoria<\/p>\n\n\n\n<p>Ciudad de M\u00e9xico 2 de septiembre de 2026.-Morena mantiene sin fecha definida el anuncio de sus Coordinadores Estatales de los Comit\u00e9s de Defensa de la Transformaci\u00f3n en 12 entidades del pa\u00eds, figuras que representan el paso previo a la eventual candidatura por las gubernaturas que estar\u00e1n en juego en 2027.<\/p>\n\n\n\n<p>Y es que la presidenta nacional del partido, Ariadna Montiel Eeyes, se\u00f1al\u00f3 que todav\u00eda no existen fechas exactas para dar a conocer a los pr\u00f3ximos coordinadores y asegur\u00f3 que Morena se encuentra dentro de los plazos establecidos en su convocatoria.<\/p>\n\n\n\n<p>\u201cAh\u00ed les vamos a avisar, les vamos a avisar un d\u00eda antes\u201d, afirm\u00f3 durante una conferencia de prensa, al recordar que el proceso puede extenderse hasta diciembre.<\/p>\n\n\n\n<p>Hasta ahora, Morena ha definido coordinadores en Aguascalientes, Campeche, Colima, Quer\u00e9taro y Sinaloa. Permanecen pendientes Baja California, Baja California Sur, Chihuahua, Guerrero, Michoac\u00e1n, Nayarit, Nuevo Le\u00f3n, Quintana Roo, San Luis Potos\u00ed, Sonora, Tlaxcala y Zacatecas.<\/p>\n\n\n\n<p>El calendario electoral rumbo a los comicios del 6 de junio de 2027 contempla el inicio de actividades el pr\u00f3ximo 10 de septiembre, mientras que las precampa\u00f1as comenzar\u00e1n el 4 de enero y las campa\u00f1as se realizar\u00e1n del 4 de abril al 2 de junio.<\/p>\n\n\n\n<p>Con estos plazos, crece la expectativa sobre los perfiles que Morena elegir\u00e1 para encabezar sus procesos estatales y que eventualmente podr\u00edan convertirse en sus candidatos a las gubernaturas.(Fuente:XEVA)<\/p>\n\n\n\n<p><\/p>\n","protected":false},"excerpt":{"rendered":"<p>(Redacci\u00f3n) Montiel Eeyes, se\u00f1al\u00f3 que todav\u00eda no existen fechas exactas para dar a conocer a los pr\u00f3ximos coordinadores y asegur\u00f3 que Morena se encuentra dentro de los plazos establecidos en su convocatoria Ciudad de M\u00e9xico 2 de septiembre de 2026.-Morena mantiene sin fecha definida el anuncio de sus Coordinadores Estatales de los Comit\u00e9s de Defensa [&hellip;]<\/p>\n","protected":false},"author":6,"featured_media":264757,"comment_status":"open","ping_status":"open","sticky":false,"template":"","format":"standard","meta":{"footnotes":""},"categories":[8],"tags":[],"class_list":["post-264756","post","type-post","status-publish","format-standard","has-post-thumbnail","hentry","category-pais","entry","has-media"],"jetpack_featured_media_url":"http:\/\/vertienteglobal.com\/wp-content\/uploads\/2026\/09\/293826xeva20260902165443.webp","_links":{"self":[{"href":"http:\/\/vertienteglobal.com\/index.php?rest_route=\/wp\/v2\/posts\/264756","targetHints":{"allow":["GET"]}}],"collection":[{"href":"http:\/\/vertienteglobal.com\/index.php?rest_route=\/wp\/v2\/posts"}],"about":[{"href":"http:\/\/vertienteglobal.com\/index.php?rest_route=\/wp\/v2\/types\/post"}],"author":[{"embeddable":true,"href":"http:\/\/vertienteglobal.com\/index.php?rest_route=\/wp\/v2\/users\/6"}],"replies":[{"embeddable":true,"href":"http:\/\/vertienteglobal.com\/index.php?rest_route=%2Fwp%2Fv2%2Fcomments&post=264756"}],"version-history":[{"count":3,"href":"http:\/\/vertienteglobal.com\/index.php?rest_route=\/wp\/v2\/posts\/264756\/revisions"}],"predecessor-version":[{"id":264759,"href":"http:\/\/vertienteglobal.com\/index.php?rest_route=\/wp\/v2\/posts\/264756\/revisions\/264759"}],"wp:featuredmedia":[{"embeddable":true,"href":"http:\/\/vertienteglobal.com\/index.php?rest_route=\/wp\/v2\/media\/264757"}],"wp:attachment":[{"href":"http:\/\/vertienteglobal.com\/index.php?rest_route=%2Fwp%2Fv2%2Fmedia&parent=264756"}],"wp:term":[{"taxonomy":"category","embeddable":true,"href":"http:\/\/vertienteglobal.com\/index.php?rest_route=%2Fwp%2Fv2%2Fcategories&post=264756"},{"taxonomy":"post_tag","embeddable":true,"href":"http:\/\/vertienteglobal.com\/index.php?rest_route=%2Fwp%2Fv2%2Ftags&post=264756"}],"curies":[{"name":"wp","href":"https:\/\/api.w.org\/{rel}","templated":true}]}}