{"id":264750,"date":"2026-09-02T11:44:00","date_gmt":"2026-09-02T16:44:00","guid":{"rendered":"http:\/\/vertienteglobal.com\/?p=264750"},"modified":"2026-09-02T23:50:21","modified_gmt":"2026-09-03T04:50:21","slug":"la-presidenta-claudia-sheinbaum-pardo-confirma-investigacion-contra-amilcar-olan-amigo-de-andy-lopez-beltran","status":"publish","type":"post","link":"http:\/\/vertienteglobal.com\/?p=264750","title":{"rendered":"La Presidenta Claudia Sheinbaum Pardo, confirma investigaci\u00f3n contra Am\u00edlcar Ol\u00e1n, amigo de Andy L\u00f3pez Beltr\u00e1n"},"content":{"rendered":"\n<div class=\"twitterbutton\" style=\"float: right; padding-left: 5px;\"><a href=\"http:\/\/twitter.com\/share\" class=\"twitter-share-button\" data-count=\"horizontal\" data-text=\"La Presidenta Claudia Sheinbaum Pardo, confirma investigaci\u00f3n contra Am\u00edlcar O...\" data-via=\"https:\/\/twitter.com\/VertienteGloba1\" data-url=\"http:\/\/vertienteglobal.com\/?p=264750\" data-lang=\"es\" data-related=\"Informaci\u00f3n general:S\u00edguenos para que est\u00e9ss informado\"><\/a><\/div>\n<figure class=\"wp-block-image size-full\"><img loading=\"lazy\" decoding=\"async\" width=\"1024\" height=\"683\" src=\"http:\/\/vertienteglobal.com\/wp-content\/uploads\/2026\/09\/47628.webp\" alt=\"\" class=\"wp-image-264751\" srcset=\"http:\/\/vertienteglobal.com\/wp-content\/uploads\/2026\/09\/47628.webp 1024w, http:\/\/vertienteglobal.com\/wp-content\/uploads\/2026\/09\/47628-300x200.webp 300w, http:\/\/vertienteglobal.com\/wp-content\/uploads\/2026\/09\/47628-150x100.webp 150w, http:\/\/vertienteglobal.com\/wp-content\/uploads\/2026\/09\/47628-768x512.webp 768w\" sizes=\"auto, (max-width: 1024px) 100vw, 1024px\" \/><\/figure>\n\n\n\n<p>(Redacci\u00f3n)<\/p>\n\n\n\n<p>La mandataria se\u00f1al\u00f3, sin embargo, que cualquier se\u00f1alamiento debe sustentarse en elementos verificables y no \u00fanicamente en informaci\u00f3n difundida por medios de comunicaci\u00f3n o redes sociales<\/p>\n\n\n\n<p>Ciudad de M\u00e9xico 2 de septiembre de 2026.-La presidenta Claudia Sheinbaum Pardo asegur\u00f3 que las autoridades investigan el caso de Am\u00edlcar Ol\u00e1n, empresario cercano a Andy L\u00f3pez Beltr\u00e1n, as\u00ed como los posibles v\u00ednculos que han surgido en torno a una red relacionada con contratos, negocios y presunto contrabando de combustibles.<\/p>\n\n\n\n<p>Durante su conferencia ma\u00f1anera de este mi\u00e9rcoles 2 de septiembre en Palacio Nacional, Sheinbaum fue cuestionada sobre las investigaciones que involucran a Ol\u00e1n y respondi\u00f3 de manera contundente: \u201cTodo se investiga, todo\u201d.<\/p>\n\n\n\n<p>La mandataria se\u00f1al\u00f3, sin embargo, que cualquier se\u00f1alamiento debe sustentarse en elementos verificables y no \u00fanicamente en informaci\u00f3n difundida por medios de comunicaci\u00f3n o redes sociales.<\/p>\n\n\n\n<p>\u201cTodo se investiga, todo. No hay nada que no se investigue, pero tiene que basarse en evidencias cient\u00edficas\u201d, afirm\u00f3.<\/p>\n\n\n\n<p>Sheinbaum explic\u00f3 que las investigaciones pueden desarrollarse tanto por la v\u00eda administrativa como penal y adelant\u00f3 que la Fiscal\u00eda General de la Rep\u00fablica (FGR) deber\u00e1 informar sobre las indagatorias relacionadas con el contrabando de combustible.<\/p>\n\n\n\n<p>Adem\u00e1s, confirm\u00f3 que otras dependencias federales, entre ellas Hacienda y la Secretar\u00eda Anticorrupci\u00f3n y de Buen Gobierno, cuentan con informaci\u00f3n relacionada con el caso de Am\u00edlcar Ol\u00e1n.<\/p>\n\n\n\n<p>El empresario ha sido se\u00f1alado p\u00fablicamente por su cercan\u00eda con Andy L\u00f3pez Beltr\u00e1n y por su relaci\u00f3n con empresas vinculadas al sector energ\u00e9tico. Una de ellas, Portacelis Gas and Oil, es investigada por autoridades fiscales por presuntas irregularidades en la importaci\u00f3n de combustibles.<\/p>\n\n\n\n<p>El caso forma parte de las investigaciones que realizan autoridades mexicanas y estadounidenses sobre una presunta red de huachicol fiscal que habr\u00eda operado mediante puertos y aduanas.<\/p>\n\n\n\n<p>Ante los cuestionamientos, Sheinbaum insisti\u00f3 en que las investigaciones deben avanzar con elementos s\u00f3lidos que permitan determinar responsabilidades y evitar que los se\u00f1alamientos se basen \u00fanicamente en versiones difundidas p\u00fablicamente. (Fuente: XEU)<\/p>\n","protected":false},"excerpt":{"rendered":"<p>(Redacci\u00f3n) La mandataria se\u00f1al\u00f3, sin embargo, que cualquier se\u00f1alamiento debe sustentarse en elementos verificables y no \u00fanicamente en informaci\u00f3n difundida por medios de comunicaci\u00f3n o redes sociales Ciudad de M\u00e9xico 2 de septiembre de 2026.-La presidenta Claudia Sheinbaum Pardo asegur\u00f3 que las autoridades investigan el caso de Am\u00edlcar Ol\u00e1n, empresario cercano a Andy L\u00f3pez Beltr\u00e1n, [&hellip;]<\/p>\n","protected":false},"author":6,"featured_media":264751,"comment_status":"open","ping_status":"open","sticky":false,"template":"","format":"standard","meta":{"footnotes":""},"categories":[8],"tags":[],"class_list":["post-264750","post","type-post","status-publish","format-standard","has-post-thumbnail","hentry","category-pais","entry","has-media"],"jetpack_featured_media_url":"http:\/\/vertienteglobal.com\/wp-content\/uploads\/2026\/09\/47628.webp","_links":{"self":[{"href":"http:\/\/vertienteglobal.com\/index.php?rest_route=\/wp\/v2\/posts\/264750","targetHints":{"allow":["GET"]}}],"collection":[{"href":"http:\/\/vertienteglobal.com\/index.php?rest_route=\/wp\/v2\/posts"}],"about":[{"href":"http:\/\/vertienteglobal.com\/index.php?rest_route=\/wp\/v2\/types\/post"}],"author":[{"embeddable":true,"href":"http:\/\/vertienteglobal.com\/index.php?rest_route=\/wp\/v2\/users\/6"}],"replies":[{"embeddable":true,"href":"http:\/\/vertienteglobal.com\/index.php?rest_route=%2Fwp%2Fv2%2Fcomments&post=264750"}],"version-history":[{"count":1,"href":"http:\/\/vertienteglobal.com\/index.php?rest_route=\/wp\/v2\/posts\/264750\/revisions"}],"predecessor-version":[{"id":264752,"href":"http:\/\/vertienteglobal.com\/index.php?rest_route=\/wp\/v2\/posts\/264750\/revisions\/264752"}],"wp:featuredmedia":[{"embeddable":true,"href":"http:\/\/vertienteglobal.com\/index.php?rest_route=\/wp\/v2\/media\/264751"}],"wp:attachment":[{"href":"http:\/\/vertienteglobal.com\/index.php?rest_route=%2Fwp%2Fv2%2Fmedia&parent=264750"}],"wp:term":[{"taxonomy":"category","embeddable":true,"href":"http:\/\/vertienteglobal.com\/index.php?rest_route=%2Fwp%2Fv2%2Fcategories&post=264750"},{"taxonomy":"post_tag","embeddable":true,"href":"http:\/\/vertienteglobal.com\/index.php?rest_route=%2Fwp%2Fv2%2Ftags&post=264750"}],"curies":[{"name":"wp","href":"https:\/\/api.w.org\/{rel}","templated":true}]}}