{"id":264745,"date":"2026-09-02T12:33:00","date_gmt":"2026-09-02T17:33:00","guid":{"rendered":"http:\/\/vertienteglobal.com\/?p=264745"},"modified":"2026-09-02T23:44:13","modified_gmt":"2026-09-03T04:44:13","slug":"no-me-han-cancelado-visa-ni-hay-investigacion-de-la-fgr-ana-paty-peralta","status":"publish","type":"post","link":"http:\/\/vertienteglobal.com\/?p=264745","title":{"rendered":"No me han cancelado visa, ni alguna investigaci\u00f3n de la FGR: Ana Paty Peralta (+V\u00eddeo)"},"content":{"rendered":"\n<div class=\"twitterbutton\" style=\"float: right; padding-left: 5px;\"><a href=\"http:\/\/twitter.com\/share\" class=\"twitter-share-button\" data-count=\"horizontal\" data-text=\"No me han cancelado visa, ni alguna investigaci\u00f3n de la FGR: Ana Paty Peralta (...\" data-via=\"https:\/\/twitter.com\/VertienteGloba1\" data-url=\"http:\/\/vertienteglobal.com\/?p=264745\" data-lang=\"es\" data-related=\"Informaci\u00f3n general:S\u00edguenos para que est\u00e9ss informado\"><\/a><\/div>\n<figure class=\"wp-block-image size-full\"><img loading=\"lazy\" decoding=\"async\" width=\"1024\" height=\"682\" src=\"http:\/\/vertienteglobal.com\/wp-content\/uploads\/2026\/09\/47619.webp\" alt=\"\" class=\"wp-image-264746\" srcset=\"http:\/\/vertienteglobal.com\/wp-content\/uploads\/2026\/09\/47619.webp 1024w, http:\/\/vertienteglobal.com\/wp-content\/uploads\/2026\/09\/47619-300x200.webp 300w, http:\/\/vertienteglobal.com\/wp-content\/uploads\/2026\/09\/47619-150x100.webp 150w, http:\/\/vertienteglobal.com\/wp-content\/uploads\/2026\/09\/47619-768x512.webp 768w\" sizes=\"auto, (max-width: 1024px) 100vw, 1024px\" \/><\/figure>\n\n\n\n<p>(Redacci\u00f3n)<\/p>\n\n\n\n<p>Tambi\u00e9n rechaz\u00f3 que su situaci\u00f3n migratoria o la de su familia sea la se\u00f1alada en los reportes difundido<\/p>\n\n\n\n<p>Canc\u00fan Quintana Roo 2 de septiembre de 2026.-La presidenta municipal con licencia de Benito Ju\u00e1rez, Ana Patricia \u201cAna Paty\u201d Peralta de la Pe\u00f1a, rechaz\u00f3 los se\u00f1alamientos sobre una presunta investigaci\u00f3n de la Fiscal\u00eda General de la Rep\u00fablica (FGR) y neg\u00f3 que Estados Unidos haya cancelado su visa, as\u00ed como las de integrantes de su familia.<\/p>\n\n\n\n<p>Y es que la postura de la alcaldesa surgi\u00f3 despu\u00e9s de que se difundiera informaci\u00f3n que se\u00f1ala que autoridades estadounidenses habr\u00edan retirado las visas de Peralta, de su esposo y de su suegro. Al momento, no se han hecho p\u00fablicas las razones oficiales de una eventual medida migratoria por parte de Estados Unidos.<\/p>\n\n\n\n<p>Tambi\u00e9n rechaz\u00f3 que su situaci\u00f3n migratoria o la de su familia sea la se\u00f1alada en los reportes difundidos.<\/p>\n\n\n\n<p>A trav\u00e9s de un video difundido en las redes sociales, Ana Paty Peralta calific\u00f3 como falsa la informaci\u00f3n difundida y asegur\u00f3 que su documentaci\u00f3n se encuentra en orden.<\/p>\n\n\n\n<p>\u201cLo publicado sobre mi persona y mi familia es falso. Mi documentaci\u00f3n se encuentra en orden\u201d.<\/p>\n\n\n\n<p>Cabe destacar que la funcionaria tambi\u00e9n rechaz\u00f3 entrar en especulaciones y pidi\u00f3 privilegiar la verdad y el respeto.<\/p>\n\n\n\n<figure class=\"wp-block-embed is-type-rich is-provider-x wp-block-embed-x\"><div class=\"wp-block-embed__wrapper\">\n<div class=\"oceanwp-oembed-wrap clr\"><div class=\"embed-x\"><blockquote class=\"twitter-tweet\" data-width=\"550\" data-dnt=\"true\"><p lang=\"es\" dir=\"ltr\">Ana Paty Peralta (<a href=\"https:\/\/x.com\/anapatyp?ref_src=twsrc%5Etfw\">@anapatyp<\/a>) desmiente acusaciones y rechaza se\u00f1alamientos sobre retiro de visa.<br><br>Canc\u00fan Quintana Roo 1 de septiembre de 2026.-Ana Paty Peralta de la Pe\u00f1a, desminti\u00f3 las acusaciones en su contra y rechaz\u00f3 los se\u00f1alamientos relacionados con un presunto retiro de\u2026 <a href=\"https:\/\/t.co\/PEhZgksdsG\">pic.twitter.com\/PEhZgksdsG<\/a><\/p>&mdash; vertienteglobal.com (@VertienteGloba1) <a href=\"https:\/\/x.com\/VertienteGloba1\/status\/2095142186065043618?ref_src=twsrc%5Etfw\">September 2, 2026<\/a><\/blockquote><script async src=\"https:\/\/platform.x.com\/widgets.js\" charset=\"utf-8\"><\/script><\/div><\/div>\n<\/div><\/figure>\n","protected":false},"excerpt":{"rendered":"<p>(Redacci\u00f3n) Tambi\u00e9n rechaz\u00f3 que su situaci\u00f3n migratoria o la de su familia sea la se\u00f1alada en los reportes difundido Canc\u00fan Quintana Roo 2 de septiembre de 2026.-La presidenta municipal con licencia de Benito Ju\u00e1rez, Ana Patricia \u201cAna Paty\u201d Peralta de la Pe\u00f1a, rechaz\u00f3 los se\u00f1alamientos sobre una presunta investigaci\u00f3n de la Fiscal\u00eda General de la [&hellip;]<\/p>\n","protected":false},"author":6,"featured_media":264746,"comment_status":"open","ping_status":"open","sticky":false,"template":"","format":"standard","meta":{"footnotes":""},"categories":[8,3],"tags":[],"class_list":["post-264745","post","type-post","status-publish","format-standard","has-post-thumbnail","hentry","category-pais","category-quintana-roo","entry","has-media"],"jetpack_featured_media_url":"http:\/\/vertienteglobal.com\/wp-content\/uploads\/2026\/09\/47619.webp","_links":{"self":[{"href":"http:\/\/vertienteglobal.com\/index.php?rest_route=\/wp\/v2\/posts\/264745","targetHints":{"allow":["GET"]}}],"collection":[{"href":"http:\/\/vertienteglobal.com\/index.php?rest_route=\/wp\/v2\/posts"}],"about":[{"href":"http:\/\/vertienteglobal.com\/index.php?rest_route=\/wp\/v2\/types\/post"}],"author":[{"embeddable":true,"href":"http:\/\/vertienteglobal.com\/index.php?rest_route=\/wp\/v2\/users\/6"}],"replies":[{"embeddable":true,"href":"http:\/\/vertienteglobal.com\/index.php?rest_route=%2Fwp%2Fv2%2Fcomments&post=264745"}],"version-history":[{"count":3,"href":"http:\/\/vertienteglobal.com\/index.php?rest_route=\/wp\/v2\/posts\/264745\/revisions"}],"predecessor-version":[{"id":264749,"href":"http:\/\/vertienteglobal.com\/index.php?rest_route=\/wp\/v2\/posts\/264745\/revisions\/264749"}],"wp:featuredmedia":[{"embeddable":true,"href":"http:\/\/vertienteglobal.com\/index.php?rest_route=\/wp\/v2\/media\/264746"}],"wp:attachment":[{"href":"http:\/\/vertienteglobal.com\/index.php?rest_route=%2Fwp%2Fv2%2Fmedia&parent=264745"}],"wp:term":[{"taxonomy":"category","embeddable":true,"href":"http:\/\/vertienteglobal.com\/index.php?rest_route=%2Fwp%2Fv2%2Fcategories&post=264745"},{"taxonomy":"post_tag","embeddable":true,"href":"http:\/\/vertienteglobal.com\/index.php?rest_route=%2Fwp%2Fv2%2Ftags&post=264745"}],"curies":[{"name":"wp","href":"https:\/\/api.w.org\/{rel}","templated":true}]}}