{"id":264742,"date":"2026-09-02T10:28:00","date_gmt":"2026-09-02T15:28:00","guid":{"rendered":"http:\/\/vertienteglobal.com\/?p=264742"},"modified":"2026-09-02T23:33:43","modified_gmt":"2026-09-03T04:33:43","slug":"rechaza-la-presdenta-claudia-sheinbaum-intervencion-de-amlo-en-su-gobierno-y-pugna-interna-en-morena","status":"publish","type":"post","link":"http:\/\/vertienteglobal.com\/?p=264742","title":{"rendered":"Rechaza la Presdenta Claudia Sheinbaum intervenci\u00f3n de AMLO en su gobierno y pugna interna en Morena"},"content":{"rendered":"\n<div class=\"twitterbutton\" style=\"float: right; padding-left: 5px;\"><a href=\"http:\/\/twitter.com\/share\" class=\"twitter-share-button\" data-count=\"horizontal\" data-text=\"Rechaza la Presdenta Claudia Sheinbaum intervenci\u00f3n de AMLO en su gobierno y pu...\" data-via=\"https:\/\/twitter.com\/VertienteGloba1\" data-url=\"http:\/\/vertienteglobal.com\/?p=264742\" data-lang=\"es\" data-related=\"Informaci\u00f3n general:S\u00edguenos para que est\u00e9ss informado\"><\/a><\/div>\n<figure class=\"wp-block-image size-full\"><img loading=\"lazy\" decoding=\"async\" width=\"1024\" height=\"683\" src=\"http:\/\/vertienteglobal.com\/wp-content\/uploads\/2026\/09\/47618.webp\" alt=\"\" class=\"wp-image-264743\" srcset=\"http:\/\/vertienteglobal.com\/wp-content\/uploads\/2026\/09\/47618.webp 1024w, http:\/\/vertienteglobal.com\/wp-content\/uploads\/2026\/09\/47618-300x200.webp 300w, http:\/\/vertienteglobal.com\/wp-content\/uploads\/2026\/09\/47618-150x100.webp 150w, http:\/\/vertienteglobal.com\/wp-content\/uploads\/2026\/09\/47618-768x512.webp 768w\" sizes=\"auto, (max-width: 1024px) 100vw, 1024px\" \/><\/figure>\n\n\n\n<p>(Redacci\u00f3n)<\/p>\n\n\n\n<p>Subray\u00f3 que L\u00f3pez Obrador ha sido \u00abextremadamente respetuoso\u00bb con su administraci\u00f3n, y que no le ha enviado mensajes ni llamadas para reclamar o darle instrucciones, y que ahora est\u00e1 enfocado en escribir su libro<\/p>\n\n\n\n<p>Ciudad de M\u00e9xico 2 de septiembre de 2026.-La presidenta Claudia Sheinbaum rechaz\u00f3 este mi\u00e9rcoles que haya una divisi\u00f3n al interior de Morena y que el expresidente Andr\u00e9s Manuel L\u00f3pez Obrador intervenga en su gobierno.<\/p>\n\n\n\n<p>Acus\u00f3 que se trata de una narrativa creada por la oposici\u00f3n para intentar fracturar al movimiento de la 4T.<\/p>\n\n\n\n<p>\u00abSe inventaron que hay una pugna interna para que la presidenta demuestre que tiene el control del pa\u00eds\u00bb, acus\u00f3.<\/p>\n\n\n\n<p>Subray\u00f3 que L\u00f3pez Obrador ha sido \u00abextremadamente respetuoso\u00bb con su administraci\u00f3n, y que no le ha enviado mensajes ni llamadas para reclamar o darle instrucciones, y que ahora est\u00e1 enfocado en escribir su libro.<\/p>\n\n\n\n<p>\u00abAMLO ha sido sumamente respetuoso con nuestro gobierno. No ha mandado ning\u00fan mensaje sobre qu\u00e9 hacer, no hacer, si est\u00e1 o no de acuerdo con algo, o que algo no le parece\u00bb, afirm\u00f3.<\/p>\n\n\n\n<p>\u00abNo ha habido una sola llamada para decirme qu\u00e9 hacer. Esta idea de que detr\u00e1s de la presidenta gobierna AMLO, es una idea muy machista de que las mujeres no podemos desarrollar un gobierno\u00bb, puntualiz\u00f3.<\/p>\n\n\n\n<p>Sobre el proceso interno de 2027, reiter\u00f3 que los candidatos de Morena se elegir\u00e1n por encuesta en cada entidad, con la participaci\u00f3n del pueblo, por lo que no le corresponde a ella. (Fuente: XEU)<\/p>\n","protected":false},"excerpt":{"rendered":"<p>(Redacci\u00f3n) Subray\u00f3 que L\u00f3pez Obrador ha sido \u00abextremadamente respetuoso\u00bb con su administraci\u00f3n, y que no le ha enviado mensajes ni llamadas para reclamar o darle instrucciones, y que ahora est\u00e1 enfocado en escribir su libro Ciudad de M\u00e9xico 2 de septiembre de 2026.-La presidenta Claudia Sheinbaum rechaz\u00f3 este mi\u00e9rcoles que haya una divisi\u00f3n al interior [&hellip;]<\/p>\n","protected":false},"author":6,"featured_media":264743,"comment_status":"open","ping_status":"open","sticky":false,"template":"","format":"standard","meta":{"footnotes":""},"categories":[8],"tags":[],"class_list":["post-264742","post","type-post","status-publish","format-standard","has-post-thumbnail","hentry","category-pais","entry","has-media"],"jetpack_featured_media_url":"http:\/\/vertienteglobal.com\/wp-content\/uploads\/2026\/09\/47618.webp","_links":{"self":[{"href":"http:\/\/vertienteglobal.com\/index.php?rest_route=\/wp\/v2\/posts\/264742","targetHints":{"allow":["GET"]}}],"collection":[{"href":"http:\/\/vertienteglobal.com\/index.php?rest_route=\/wp\/v2\/posts"}],"about":[{"href":"http:\/\/vertienteglobal.com\/index.php?rest_route=\/wp\/v2\/types\/post"}],"author":[{"embeddable":true,"href":"http:\/\/vertienteglobal.com\/index.php?rest_route=\/wp\/v2\/users\/6"}],"replies":[{"embeddable":true,"href":"http:\/\/vertienteglobal.com\/index.php?rest_route=%2Fwp%2Fv2%2Fcomments&post=264742"}],"version-history":[{"count":1,"href":"http:\/\/vertienteglobal.com\/index.php?rest_route=\/wp\/v2\/posts\/264742\/revisions"}],"predecessor-version":[{"id":264744,"href":"http:\/\/vertienteglobal.com\/index.php?rest_route=\/wp\/v2\/posts\/264742\/revisions\/264744"}],"wp:featuredmedia":[{"embeddable":true,"href":"http:\/\/vertienteglobal.com\/index.php?rest_route=\/wp\/v2\/media\/264743"}],"wp:attachment":[{"href":"http:\/\/vertienteglobal.com\/index.php?rest_route=%2Fwp%2Fv2%2Fmedia&parent=264742"}],"wp:term":[{"taxonomy":"category","embeddable":true,"href":"http:\/\/vertienteglobal.com\/index.php?rest_route=%2Fwp%2Fv2%2Fcategories&post=264742"},{"taxonomy":"post_tag","embeddable":true,"href":"http:\/\/vertienteglobal.com\/index.php?rest_route=%2Fwp%2Fv2%2Ftags&post=264742"}],"curies":[{"name":"wp","href":"https:\/\/api.w.org\/{rel}","templated":true}]}}