{"id":264739,"date":"2026-09-02T09:34:00","date_gmt":"2026-09-02T14:34:00","guid":{"rendered":"http:\/\/vertienteglobal.com\/?p=264739"},"modified":"2026-09-02T23:25:11","modified_gmt":"2026-09-03T04:25:11","slug":"sheinbaum-acusa-injerencia-de-eu-para-dividir-al-gabinete-de-seguridad","status":"publish","type":"post","link":"http:\/\/vertienteglobal.com\/?p=264739","title":{"rendered":"Sheinbaum acusa injerencia de EU para dividir al Gabinete de Seguridad"},"content":{"rendered":"\n<div class=\"twitterbutton\" style=\"float: right; padding-left: 5px;\"><a href=\"http:\/\/twitter.com\/share\" class=\"twitter-share-button\" data-count=\"horizontal\" data-text=\"Sheinbaum acusa injerencia de EU para dividir al Gabinete de Seguridad\" data-via=\"https:\/\/twitter.com\/VertienteGloba1\" data-url=\"http:\/\/vertienteglobal.com\/?p=264739\" data-lang=\"es\" data-related=\"Informaci\u00f3n general:S\u00edguenos para que est\u00e9ss informado\"><\/a><\/div>\n<figure class=\"wp-block-image size-full\"><img loading=\"lazy\" decoding=\"async\" width=\"1024\" height=\"683\" src=\"http:\/\/vertienteglobal.com\/wp-content\/uploads\/2026\/09\/47617.webp\" alt=\"\" class=\"wp-image-264740\" srcset=\"http:\/\/vertienteglobal.com\/wp-content\/uploads\/2026\/09\/47617.webp 1024w, http:\/\/vertienteglobal.com\/wp-content\/uploads\/2026\/09\/47617-300x200.webp 300w, http:\/\/vertienteglobal.com\/wp-content\/uploads\/2026\/09\/47617-150x100.webp 150w, http:\/\/vertienteglobal.com\/wp-content\/uploads\/2026\/09\/47617-768x512.webp 768w\" sizes=\"auto, (max-width: 1024px) 100vw, 1024px\" \/><\/figure>\n\n\n\n<p>(Redacci\u00f3n)<\/p>\n\n\n\n<p>Sheinbaum Pardo, sostuvo que estos intentos no han tenido efecto debido a la coordinaci\u00f3n y unidad que, asegur\u00f3, existe entre las instituciones encargadas de la seguridad y el resto del Gobierno federal<\/p>\n\n\n\n<p>Ciudad de M\u00e9xico 2 de septiembre de 2026.-La presidenta Claudia Sheinbaum Pardo acus\u00f3 que desde Estados Unidos se han impulsado estrategias para generar divisiones dentro del Gobierno de M\u00e9xico, particularmente entre los integrantes del Gabinete de Seguridad, con el objetivo de debilitar a administraciones que defienden su soberan\u00eda.<\/p>\n\n\n\n<p>Y es que durante su conferencia matutina, la mandataria se\u00f1al\u00f3 que este tipo de acciones no son nuevas y forman parte de pr\u00e1cticas de \u201cinjerencia\u201d mediante las cuales se busca confrontar a funcionarios mexicanos, incluso a trav\u00e9s de mensajes en los que se elogia a algunos integrantes del gobierno y se cuestiona a otros.<\/p>\n\n\n\n<p>\u201cDividirnos internamente. Es una de sus estrategias, no de ahora, de siempre: generar divisiones al interior del Gabinete de Seguridad, generar divisiones al interior del Gabinete federal\u201d, afirm\u00f3.<\/p>\n\n\n\n<p>Sin embargo, Sheinbaum Pardo, sostuvo que estos intentos no han tenido efecto debido a la coordinaci\u00f3n y unidad que, asegur\u00f3, existe entre las instituciones encargadas de la seguridad y el resto del Gobierno federal.<\/p>\n\n\n\n<p>\u201cEl Gabinete de Seguridad del Gobierno de M\u00e9xico tiene una coordinaci\u00f3n y una unidad enorme\u201d, destac\u00f3.<\/p>\n\n\n\n<p>La Presidenta resalt\u00f3 el trabajo conjunto entre los titulares de la Secretar\u00eda de la Defensa Nacional (Sedena), la Secretar\u00eda de Marina (Semar) y la Secretar\u00eda de Seguridad y Protecci\u00f3n Ciudadana (SSPC), encabezada por Omar Garc\u00eda Harfuch, adem\u00e1s de la participaci\u00f3n de la Secretar\u00eda de Gobernaci\u00f3n y la Consejer\u00eda Jur\u00eddica de la Presidencia.<\/p>\n\n\n\n<p>En particular, destac\u00f3 la relaci\u00f3n entre las principales instituciones de seguridad del pa\u00eds y asegur\u00f3 que existe \u201cmucha colaboraci\u00f3n\u201d y \u201cmucho entendimiento\u201d entre sus integrantes.<\/p>\n\n\n\n<p>\u201cPiensan que por hablar bien de uno y mal de otros van a generar al interior divisi\u00f3n, pero pues fracasan en eso porque no lo logran\u201d, afirm\u00f3.<\/p>\n\n\n\n<p>Sheinbaum tambi\u00e9n consider\u00f3 que estos se\u00f1alamientos pueden estar relacionados con la pol\u00edtica interna de Estados Unidos, donde habr\u00e1 elecciones en noviembre. Se\u00f1al\u00f3 que, en ocasiones, M\u00e9xico es utilizado como parte del debate electoral estadounidense.<\/p>\n\n\n\n<p>\u201cEllos recuerden que est\u00e1n en elecciones en noviembre. Entonces usan muchas veces a M\u00e9xico como parte de su elecci\u00f3n\u201d, expres\u00f3.<\/p>\n\n\n\n<p>Ante este escenario, la presidenta reiter\u00f3 que M\u00e9xico mantendr\u00e1 una relaci\u00f3n de coordinaci\u00f3n con Estados Unidos, pero bajo el principio de respeto a la soberan\u00eda nacional.<\/p>\n\n\n\n<p>\u201cQue se ocupen de los asuntos de all\u00e1, ac\u00e1 nos ocupamos nosotros de los asuntos de ac\u00e1 y nos coordinamos como lo hemos hecho hasta ahora, que ha habido muy buena coordinaci\u00f3n\u201d, manifest\u00f3.<\/p>\n\n\n\n<p>La mandataria tambi\u00e9n rechaz\u00f3 que los comentarios de funcionarios estadounidenses puedan interpretarse como un respaldo particular hacia alguno de los integrantes de su Gabinete de Seguridad, pues insisti\u00f3 en que se trata de intentos por generar diferencias al interior de su administraci\u00f3n.<\/p>\n\n\n\n<p>Como muestra de la coordinaci\u00f3n existente, Sheinbaum puso como ejemplo los resultados de la Estrategia de Seguridad, al se\u00f1alar que la reducci\u00f3n de 51 por ciento en los homicidios no habr\u00eda sido posible sin el trabajo conjunto entre el Gabinete de Seguridad y la Fiscal\u00eda General de la Rep\u00fablica (FGR).<\/p>\n\n\n\n<p>\u201cLos resultados que tenemos de 51% de reducci\u00f3n de homicidios no se podr\u00edan tener si no hay coordinaci\u00f3n del Gabinete de Seguridad y con la Fiscal\u00eda tambi\u00e9n\u201d, sostuvo.<\/p>\n\n\n\n<p>Aunque reconoci\u00f3 que la FGR es un \u00f3rgano aut\u00f3nomo, destac\u00f3 que existe colaboraci\u00f3n con el Gobierno federal en investigaciones relacionadas con delincuencia organizada y otros delitos.<\/p>\n\n\n\n<p>De esta manera, Sheinbaum asegur\u00f3 que su administraci\u00f3n mantiene una postura de unidad y coordinaci\u00f3n frente a cualquier intento externo de generar divisiones, al tiempo que reiter\u00f3 que la relaci\u00f3n con Estados Unidos continuar\u00e1 bajo el principio de respeto a la soberan\u00eda de M\u00e9xico. (Fuente: XEU)<\/p>\n","protected":false},"excerpt":{"rendered":"<p>(Redacci\u00f3n) Sheinbaum Pardo, sostuvo que estos intentos no han tenido efecto debido a la coordinaci\u00f3n y unidad que, asegur\u00f3, existe entre las instituciones encargadas de la seguridad y el resto del Gobierno federal Ciudad de M\u00e9xico 2 de septiembre de 2026.-La presidenta Claudia Sheinbaum Pardo acus\u00f3 que desde Estados Unidos se han impulsado estrategias para [&hellip;]<\/p>\n","protected":false},"author":6,"featured_media":264740,"comment_status":"open","ping_status":"open","sticky":false,"template":"","format":"standard","meta":{"footnotes":""},"categories":[8],"tags":[],"class_list":["post-264739","post","type-post","status-publish","format-standard","has-post-thumbnail","hentry","category-pais","entry","has-media"],"jetpack_featured_media_url":"http:\/\/vertienteglobal.com\/wp-content\/uploads\/2026\/09\/47617.webp","_links":{"self":[{"href":"http:\/\/vertienteglobal.com\/index.php?rest_route=\/wp\/v2\/posts\/264739","targetHints":{"allow":["GET"]}}],"collection":[{"href":"http:\/\/vertienteglobal.com\/index.php?rest_route=\/wp\/v2\/posts"}],"about":[{"href":"http:\/\/vertienteglobal.com\/index.php?rest_route=\/wp\/v2\/types\/post"}],"author":[{"embeddable":true,"href":"http:\/\/vertienteglobal.com\/index.php?rest_route=\/wp\/v2\/users\/6"}],"replies":[{"embeddable":true,"href":"http:\/\/vertienteglobal.com\/index.php?rest_route=%2Fwp%2Fv2%2Fcomments&post=264739"}],"version-history":[{"count":1,"href":"http:\/\/vertienteglobal.com\/index.php?rest_route=\/wp\/v2\/posts\/264739\/revisions"}],"predecessor-version":[{"id":264741,"href":"http:\/\/vertienteglobal.com\/index.php?rest_route=\/wp\/v2\/posts\/264739\/revisions\/264741"}],"wp:featuredmedia":[{"embeddable":true,"href":"http:\/\/vertienteglobal.com\/index.php?rest_route=\/wp\/v2\/media\/264740"}],"wp:attachment":[{"href":"http:\/\/vertienteglobal.com\/index.php?rest_route=%2Fwp%2Fv2%2Fmedia&parent=264739"}],"wp:term":[{"taxonomy":"category","embeddable":true,"href":"http:\/\/vertienteglobal.com\/index.php?rest_route=%2Fwp%2Fv2%2Fcategories&post=264739"},{"taxonomy":"post_tag","embeddable":true,"href":"http:\/\/vertienteglobal.com\/index.php?rest_route=%2Fwp%2Fv2%2Ftags&post=264739"}],"curies":[{"name":"wp","href":"https:\/\/api.w.org\/{rel}","templated":true}]}}