{"id":264727,"date":"2026-09-02T20:49:00","date_gmt":"2026-09-03T01:49:00","guid":{"rendered":"http:\/\/vertienteglobal.com\/?p=264727"},"modified":"2026-09-02T22:52:51","modified_gmt":"2026-09-03T03:52:51","slug":"mexico-busca-convertirse-en-potencia-de-ia-ebrard-se-reune-con-lideres-tecnologicos","status":"publish","type":"post","link":"http:\/\/vertienteglobal.com\/?p=264727","title":{"rendered":"M\u00e9xico busca convertirse en potencia de IA; Ebrard se re\u00fane con l\u00edderes tecnol\u00f3gicos"},"content":{"rendered":"\n<div class=\"twitterbutton\" style=\"float: right; padding-left: 5px;\"><a href=\"http:\/\/twitter.com\/share\" class=\"twitter-share-button\" data-count=\"horizontal\" data-text=\"M\u00e9xico busca convertirse en potencia de IA; Ebrard se re\u00fane con l\u00edderes tecno...\" data-via=\"https:\/\/twitter.com\/VertienteGloba1\" data-url=\"http:\/\/vertienteglobal.com\/?p=264727\" data-lang=\"es\" data-related=\"Informaci\u00f3n general:S\u00edguenos para que est\u00e9ss informado\"><\/a><\/div>\n<figure class=\"wp-block-image size-full\"><img loading=\"lazy\" decoding=\"async\" width=\"1024\" height=\"683\" src=\"http:\/\/vertienteglobal.com\/wp-content\/uploads\/2026\/09\/47588.webp\" alt=\"\" class=\"wp-image-264728\" srcset=\"http:\/\/vertienteglobal.com\/wp-content\/uploads\/2026\/09\/47588.webp 1024w, http:\/\/vertienteglobal.com\/wp-content\/uploads\/2026\/09\/47588-300x200.webp 300w, http:\/\/vertienteglobal.com\/wp-content\/uploads\/2026\/09\/47588-150x100.webp 150w, http:\/\/vertienteglobal.com\/wp-content\/uploads\/2026\/09\/47588-768x512.webp 768w\" sizes=\"auto, (max-width: 1024px) 100vw, 1024px\" \/><\/figure>\n\n\n\n<p>(Redacci\u00f3n)<\/p>\n\n\n\n<p>Ebrard compar\u00f3 el potencial transformador de esta tecnolog\u00eda con la llegada de la electricidad a la industria y defendi\u00f3 que M\u00e9xico desarrolle capacidades propias para aprovechar su impacto sobre la manufactura y otros sectores productivos<\/p>\n\n\n\n<p>Ciudad de M\u00e9xico 2 de septiembre de 2026.-M\u00e9xico busca acelerar el desarrollo de la inteligencia artificial (IA) y ampliar su participaci\u00f3n en las cadenas tecnol\u00f3gicas globales mediante alianzas con empresas y gobiernos, una estrategia que el secretario de Econom\u00eda, Marcelo Ebrard, impuls\u00f3 este mi\u00e9rcoles durante la reuni\u00f3n de ministros de Innovaci\u00f3n del G20 en Carolina del Norte.<\/p>\n\n\n\n<p>El funcionario mexicano mantuvo encuentros con Jensen Huang, fundador y consejero delegado de Nvidia; Sam Altman, responsable de OpenAI, y Tom Brown, cofundador de Anthropic, tres de las compa\u00f1\u00edas que protagonizan la carrera mundial por el desarrollo de modelos e infraestructura de IA.<\/p>\n\n\n\n<p>El avance m\u00e1s concreto fue con Huang, quien acord\u00f3 visitar M\u00e9xico para explorar el desarrollo de capacidades y el despliegue de inteligencia artificial en el pa\u00eds, despu\u00e9s de destacar el papel que ya tiene el territorio mexicano en la fabricaci\u00f3n de supercomputadoras de Nvidia.<\/p>\n\n\n\n<p>\u201cEspero con entusiasmo poder visitar M\u00e9xico y ayudar a impulsar al pa\u00eds hacia la era, hacia la edad de la inteligencia artificial\u201d, se\u00f1al\u00f3 Huang, seg\u00fan el comunicado de la Secretar\u00eda de Econom\u00eda.<\/p>\n\n\n\n<p>Ebrard compar\u00f3 el potencial transformador de esta tecnolog\u00eda con la llegada de la electricidad a la industria y defendi\u00f3 que M\u00e9xico desarrolle capacidades propias para aprovechar su impacto sobre la manufactura y otros sectores productivos.<\/p>\n\n\n\n<p>La Secretar\u00eda de Econom\u00eda confirm\u00f3 tambi\u00e9n las reuniones con Altman y Brown, aunque no inform\u00f3 de acuerdos espec\u00edficos derivados de esos dos encuentros. Brown particip\u00f3 adem\u00e1s en la agenda oficial del G20 junto con Huang, Altman y el consejero delegado de Palantir, Alex Karp, en conversaciones organizadas por el secretario estadounidense de Comercio, Howard Lutnick.<\/p>\n\n\n\n<p>La agenda tecnol\u00f3gica se cruz\u00f3 asimismo con la relaci\u00f3n comercial de M\u00e9xico con Estados Unidos. Ebrard sostuvo una reuni\u00f3n bilateral con Lutnick para abordar el desarrollo tecnol\u00f3gico de Am\u00e9rica del Norte y asuntos de la agenda comercial entre ambos pa\u00edses, en un momento en el que nuevas industrias como la IA elevan la importancia de los semiconductores, centros de datos y cadenas de suministro tecnol\u00f3gicas.<\/p>\n\n\n\n<p>El secretario mexicano se reuni\u00f3 adem\u00e1s con Henna Virkkunen, vicepresidenta ejecutiva de la Comisi\u00f3n Europea para Soberan\u00eda Tecnol\u00f3gica, Seguridad y Democracia, con quien acord\u00f3 establecer una agenda coordinada de innovaci\u00f3n entre M\u00e9xico y la Uni\u00f3n Europea. La Comisi\u00f3n Europea confirm\u00f3 en su agenda oficial el encuentro con Ebrard.<\/p>\n\n\n\n<p>Ebrard tambi\u00e9n mantuvo un encuentro con el ministro surcoreano de Comercio, Industria y Recursos, Kim Jung-kwan, aunque la Secretar\u00eda de Econom\u00eda no detall\u00f3 los temas abordados ni eventuales acuerdos.<\/p>\n\n\n\n<p>La estrategia forma parte del Plan M\u00e9xico, con el que el Gobierno pretende fortalecer la capacidad productiva nacional e incorporar proveedores mexicanos a las cadenas de valor de la llamada econom\u00eda de datos. Ebrard destac\u00f3 adem\u00e1s que los cambios en el Instituto Mexicano de la Propiedad Industrial (IMPI) permitieron aumentar casi un 50 % el otorgamiento de nuevas patentes entre 2024 y 2025.<\/p>\n\n\n\n<p>La reuni\u00f3n ministerial del G20 concluy\u00f3 tras dos d\u00edas de trabajos con un documento de consenso sobre seis \u00e1reas, entre ellas marcos favorables a la innovaci\u00f3n, formaci\u00f3n de trabajadores tecnol\u00f3gicos, propiedad intelectual para la IA, est\u00e1ndares y cadenas de suministro.<\/p>\n\n\n\n<p>Los participantes respaldaron adem\u00e1s los llamados Principios de Carolina para las tecnolog\u00edas emergentes, orientados a promover investigaci\u00f3n b\u00e1sica, comercializaci\u00f3n y adopci\u00f3n tecnol\u00f3gica. Estados Unidos, anfitri\u00f3n de la reuni\u00f3n, plante\u00f3 durante las discusiones una regulaci\u00f3n flexible que evite frenar la innovaci\u00f3n.<\/p>\n","protected":false},"excerpt":{"rendered":"<p>(Redacci\u00f3n) Ebrard compar\u00f3 el potencial transformador de esta tecnolog\u00eda con la llegada de la electricidad a la industria y defendi\u00f3 que M\u00e9xico desarrolle capacidades propias para aprovechar su impacto sobre la manufactura y otros sectores productivos Ciudad de M\u00e9xico 2 de septiembre de 2026.-M\u00e9xico busca acelerar el desarrollo de la inteligencia artificial (IA) y ampliar [&hellip;]<\/p>\n","protected":false},"author":6,"featured_media":264728,"comment_status":"open","ping_status":"open","sticky":false,"template":"","format":"standard","meta":{"footnotes":""},"categories":[8],"tags":[],"class_list":["post-264727","post","type-post","status-publish","format-standard","has-post-thumbnail","hentry","category-pais","entry","has-media"],"jetpack_featured_media_url":"http:\/\/vertienteglobal.com\/wp-content\/uploads\/2026\/09\/47588.webp","_links":{"self":[{"href":"http:\/\/vertienteglobal.com\/index.php?rest_route=\/wp\/v2\/posts\/264727","targetHints":{"allow":["GET"]}}],"collection":[{"href":"http:\/\/vertienteglobal.com\/index.php?rest_route=\/wp\/v2\/posts"}],"about":[{"href":"http:\/\/vertienteglobal.com\/index.php?rest_route=\/wp\/v2\/types\/post"}],"author":[{"embeddable":true,"href":"http:\/\/vertienteglobal.com\/index.php?rest_route=\/wp\/v2\/users\/6"}],"replies":[{"embeddable":true,"href":"http:\/\/vertienteglobal.com\/index.php?rest_route=%2Fwp%2Fv2%2Fcomments&post=264727"}],"version-history":[{"count":1,"href":"http:\/\/vertienteglobal.com\/index.php?rest_route=\/wp\/v2\/posts\/264727\/revisions"}],"predecessor-version":[{"id":264729,"href":"http:\/\/vertienteglobal.com\/index.php?rest_route=\/wp\/v2\/posts\/264727\/revisions\/264729"}],"wp:featuredmedia":[{"embeddable":true,"href":"http:\/\/vertienteglobal.com\/index.php?rest_route=\/wp\/v2\/media\/264728"}],"wp:attachment":[{"href":"http:\/\/vertienteglobal.com\/index.php?rest_route=%2Fwp%2Fv2%2Fmedia&parent=264727"}],"wp:term":[{"taxonomy":"category","embeddable":true,"href":"http:\/\/vertienteglobal.com\/index.php?rest_route=%2Fwp%2Fv2%2Fcategories&post=264727"},{"taxonomy":"post_tag","embeddable":true,"href":"http:\/\/vertienteglobal.com\/index.php?rest_route=%2Fwp%2Fv2%2Ftags&post=264727"}],"curies":[{"name":"wp","href":"https:\/\/api.w.org\/{rel}","templated":true}]}}