{"id":264711,"date":"2026-09-02T12:56:00","date_gmt":"2026-09-02T17:56:00","guid":{"rendered":"http:\/\/vertienteglobal.com\/?p=264711"},"modified":"2026-09-02T22:36:39","modified_gmt":"2026-09-03T03:36:39","slug":"grupo-xcaret-refrenda-25-anos-como-pionero-y-lider-de-la-responsabilidad-social-empresarial-en-mexico","status":"publish","type":"post","link":"http:\/\/vertienteglobal.com\/?p=264711","title":{"rendered":"Grupo Xcaret refrenda 25 a\u00f1os como pionero y l\u00edder de la Responsabilidad Social Empresarial en M\u00e9xico"},"content":{"rendered":"\n<div class=\"twitterbutton\" style=\"float: right; padding-left: 5px;\"><a href=\"http:\/\/twitter.com\/share\" class=\"twitter-share-button\" data-count=\"horizontal\" data-text=\"Grupo Xcaret refrenda 25 a\u00f1os como pionero y l\u00edder de la Responsabilidad Socia...\" data-via=\"https:\/\/twitter.com\/VertienteGloba1\" data-url=\"http:\/\/vertienteglobal.com\/?p=264711\" data-lang=\"es\" data-related=\"Informaci\u00f3n general:S\u00edguenos para que est\u00e9ss informado\"><\/a><\/div>\n<figure class=\"wp-block-image size-large\"><img loading=\"lazy\" decoding=\"async\" width=\"683\" height=\"1024\" src=\"http:\/\/vertienteglobal.com\/wp-content\/uploads\/2026\/09\/47561-683x1024.jpg\" alt=\"\" class=\"wp-image-264712\" srcset=\"http:\/\/vertienteglobal.com\/wp-content\/uploads\/2026\/09\/47561-683x1024.jpg 683w, http:\/\/vertienteglobal.com\/wp-content\/uploads\/2026\/09\/47561-200x300.jpg 200w, http:\/\/vertienteglobal.com\/wp-content\/uploads\/2026\/09\/47561-100x150.jpg 100w, http:\/\/vertienteglobal.com\/wp-content\/uploads\/2026\/09\/47561-768x1152.jpg 768w, http:\/\/vertienteglobal.com\/wp-content\/uploads\/2026\/09\/47561-1024x1536.jpg 1024w, http:\/\/vertienteglobal.com\/wp-content\/uploads\/2026\/09\/47561.jpg 1365w\" sizes=\"auto, (max-width: 683px) 100vw, 683px\" \/><\/figure>\n\n\n\n<p>(Redacci\u00f3n)<\/p>\n\n\n\n<p>Es la primera empresa tur\u00edstica de Quintana Roo y M\u00e9xico en mantener durante 25 a\u00f1os consecutivos el Distintivo ESR<\/p>\n\n\n\n<p>El reconocimiento respalda m\u00e1s de tres d\u00e9cadas de un modelo de turismo que genera prosperidad mientras protege la naturaleza, la cultura y las personas<\/p>\n\n\n\n<p>Xcaret, Riviera Maya, 02 de septiembre de 2026. Grupo Xcaret refrenda su liderazgo en el sector tur\u00edstico al mantener por 25 a\u00f1os consecutivos el Distintivo Empresa Socialmente Responsable (ESR).<\/p>\n\n\n\n<p>Este hito consolida a la organizaci\u00f3n como la primera empresa tur\u00edstica en Quintana Roo y M\u00e9xico en alcanzar un cuarto de siglo con este reconocimiento, lo que evidencia la solidez y madurez de un modelo de negocio que ha evolucionado durante m\u00e1s de tres d\u00e9cadas, demostrando que el turismo puede generar prosperidad mientras protege aquello que le da sentido: las personas, la naturaleza y la cultura.<\/p>\n\n\n\n<p>M\u00e1s que una meta anual, el Distintivo ESR, otorgado por el Centro Mexicano para la Filantrop\u00eda (Cemefi), funciona como el testimonio de una trayectoria sostenida. Grupo Xcaret ha acompa\u00f1ado pr\u00e1cticamente toda la historia de este reconocimiento en el pa\u00eds, integrando de manera transversal pr\u00e1cticas responsables en gobernanza, calidad de vida, cuidado del medio ambiente y \u00e9tica. En l\u00ednea con este legado y en el marco de la campa\u00f1a de Cemefi \u00abSer ESR hace bien\u00bb, el Grupo suma a esta celebraci\u00f3n la difusi\u00f3n de materiales y videos testimoniales en sus canales institucionales, compartiendo las lecciones de un modelo que busca inspirar al sector.<\/p>\n\n\n\n<p>\u00abMantener el Distintivo ESR durante 25 a\u00f1os consecutivos representa mucho m\u00e1s que recibir un reconocimiento a\u00f1o con a\u00f1o; refleja la consistencia de un modelo de negocio que, desde hace m\u00e1s de tres d\u00e9cadas, ha demostrado que es posible hacer turismo generando prosperidad mientras se protege a las personas, la naturaleza y la cultura. Este hito nos inspira a seguir innovando, elevando nuestros est\u00e1ndares y reafirmando que la sostenibilidad es la forma en la que entendemos y gestionamos la empresa todos los d\u00edas\u00bb, se\u00f1al\u00f3 Miriam Alonso, Subdirectora de Sostenibilidad en Grupo Xcaret.<\/p>\n\n\n\n<p>Con este aniversario, Grupo Xcaret reafirma que la sostenibilidad seguir\u00e1 siendo el eje desde el cual impulsar\u00e1 la innovaci\u00f3n, el crecimiento y el desarrollo del turismo en M\u00e9xico.<\/p>\n\n\n\n<figure class=\"wp-block-image size-large\"><img loading=\"lazy\" decoding=\"async\" width=\"683\" height=\"1024\" src=\"http:\/\/vertienteglobal.com\/wp-content\/uploads\/2026\/09\/47562-683x1024.jpg\" alt=\"\" class=\"wp-image-264713\" srcset=\"http:\/\/vertienteglobal.com\/wp-content\/uploads\/2026\/09\/47562-683x1024.jpg 683w, http:\/\/vertienteglobal.com\/wp-content\/uploads\/2026\/09\/47562-200x300.jpg 200w, http:\/\/vertienteglobal.com\/wp-content\/uploads\/2026\/09\/47562-100x150.jpg 100w, http:\/\/vertienteglobal.com\/wp-content\/uploads\/2026\/09\/47562-768x1152.jpg 768w, http:\/\/vertienteglobal.com\/wp-content\/uploads\/2026\/09\/47562-1024x1536.jpg 1024w, http:\/\/vertienteglobal.com\/wp-content\/uploads\/2026\/09\/47562.jpg 1365w\" sizes=\"auto, (max-width: 683px) 100vw, 683px\" \/><\/figure>\n\n\n\n<figure class=\"wp-block-image size-large\"><img loading=\"lazy\" decoding=\"async\" width=\"1024\" height=\"683\" src=\"http:\/\/vertienteglobal.com\/wp-content\/uploads\/2026\/09\/47563-1024x683.jpg\" alt=\"\" class=\"wp-image-264714\" srcset=\"http:\/\/vertienteglobal.com\/wp-content\/uploads\/2026\/09\/47563-1024x683.jpg 1024w, http:\/\/vertienteglobal.com\/wp-content\/uploads\/2026\/09\/47563-300x200.jpg 300w, http:\/\/vertienteglobal.com\/wp-content\/uploads\/2026\/09\/47563-150x100.jpg 150w, http:\/\/vertienteglobal.com\/wp-content\/uploads\/2026\/09\/47563-768x512.jpg 768w, http:\/\/vertienteglobal.com\/wp-content\/uploads\/2026\/09\/47563-1536x1025.jpg 1536w, http:\/\/vertienteglobal.com\/wp-content\/uploads\/2026\/09\/47563.jpg 2048w\" sizes=\"auto, (max-width: 1024px) 100vw, 1024px\" \/><\/figure>\n","protected":false},"excerpt":{"rendered":"<p>(Redacci\u00f3n) Es la primera empresa tur\u00edstica de Quintana Roo y M\u00e9xico en mantener durante 25 a\u00f1os consecutivos el Distintivo ESR El reconocimiento respalda m\u00e1s de tres d\u00e9cadas de un modelo de turismo que genera prosperidad mientras protege la naturaleza, la cultura y las personas Xcaret, Riviera Maya, 02 de septiembre de 2026. Grupo Xcaret refrenda [&hellip;]<\/p>\n","protected":false},"author":6,"featured_media":264712,"comment_status":"open","ping_status":"open","sticky":false,"template":"","format":"standard","meta":{"footnotes":""},"categories":[3],"tags":[],"class_list":["post-264711","post","type-post","status-publish","format-standard","has-post-thumbnail","hentry","category-quintana-roo","entry","has-media"],"jetpack_featured_media_url":"http:\/\/vertienteglobal.com\/wp-content\/uploads\/2026\/09\/47561.jpg","_links":{"self":[{"href":"http:\/\/vertienteglobal.com\/index.php?rest_route=\/wp\/v2\/posts\/264711","targetHints":{"allow":["GET"]}}],"collection":[{"href":"http:\/\/vertienteglobal.com\/index.php?rest_route=\/wp\/v2\/posts"}],"about":[{"href":"http:\/\/vertienteglobal.com\/index.php?rest_route=\/wp\/v2\/types\/post"}],"author":[{"embeddable":true,"href":"http:\/\/vertienteglobal.com\/index.php?rest_route=\/wp\/v2\/users\/6"}],"replies":[{"embeddable":true,"href":"http:\/\/vertienteglobal.com\/index.php?rest_route=%2Fwp%2Fv2%2Fcomments&post=264711"}],"version-history":[{"count":1,"href":"http:\/\/vertienteglobal.com\/index.php?rest_route=\/wp\/v2\/posts\/264711\/revisions"}],"predecessor-version":[{"id":264715,"href":"http:\/\/vertienteglobal.com\/index.php?rest_route=\/wp\/v2\/posts\/264711\/revisions\/264715"}],"wp:featuredmedia":[{"embeddable":true,"href":"http:\/\/vertienteglobal.com\/index.php?rest_route=\/wp\/v2\/media\/264712"}],"wp:attachment":[{"href":"http:\/\/vertienteglobal.com\/index.php?rest_route=%2Fwp%2Fv2%2Fmedia&parent=264711"}],"wp:term":[{"taxonomy":"category","embeddable":true,"href":"http:\/\/vertienteglobal.com\/index.php?rest_route=%2Fwp%2Fv2%2Fcategories&post=264711"},{"taxonomy":"post_tag","embeddable":true,"href":"http:\/\/vertienteglobal.com\/index.php?rest_route=%2Fwp%2Fv2%2Ftags&post=264711"}],"curies":[{"name":"wp","href":"https:\/\/api.w.org\/{rel}","templated":true}]}}