{"id":264708,"date":"2026-09-01T21:19:00","date_gmt":"2026-09-02T02:19:00","guid":{"rendered":"http:\/\/vertienteglobal.com\/?p=264708"},"modified":"2026-09-02T01:17:13","modified_gmt":"2026-09-02T06:17:13","slug":"inicia-suspension-de-lineas-telefonicas-con-terminacion-1-que-no-fueron-registradas","status":"publish","type":"post","link":"http:\/\/vertienteglobal.com\/?p=264708","title":{"rendered":"Inicia suspensi\u00f3n de l\u00edneas telef\u00f3nicas con terminaci\u00f3n 1 que no fueron registradas"},"content":{"rendered":"\n<div class=\"twitterbutton\" style=\"float: right; padding-left: 5px;\"><a href=\"http:\/\/twitter.com\/share\" class=\"twitter-share-button\" data-count=\"horizontal\" data-text=\"Inicia suspensi\u00f3n de l\u00edneas telef\u00f3nicas con terminaci\u00f3n 1 que no fueron regi...\" data-via=\"https:\/\/twitter.com\/VertienteGloba1\" data-url=\"http:\/\/vertienteglobal.com\/?p=264708\" data-lang=\"es\" data-related=\"Informaci\u00f3n general:S\u00edguenos para que est\u00e9ss informado\"><\/a><\/div>\n<figure class=\"wp-block-image size-full\"><img loading=\"lazy\" decoding=\"async\" width=\"1024\" height=\"683\" src=\"http:\/\/vertienteglobal.com\/wp-content\/uploads\/2026\/09\/44562.webp\" alt=\"\" class=\"wp-image-264709\" srcset=\"http:\/\/vertienteglobal.com\/wp-content\/uploads\/2026\/09\/44562.webp 1024w, http:\/\/vertienteglobal.com\/wp-content\/uploads\/2026\/09\/44562-300x200.webp 300w, http:\/\/vertienteglobal.com\/wp-content\/uploads\/2026\/09\/44562-150x100.webp 150w, http:\/\/vertienteglobal.com\/wp-content\/uploads\/2026\/09\/44562-768x512.webp 768w\" sizes=\"auto, (max-width: 1024px) 100vw, 1024px\" \/><\/figure>\n\n\n\n<p>(Redacci\u00f3n)<\/p>\n\n\n\n<p>La CRT se\u00f1al\u00f3 que las personas que no realizaron la vinculaci\u00f3n de sus l\u00edneas con terminaci\u00f3n 1 antes del 31 de agosto podr\u00e1n efectuar el tr\u00e1mite incluso si su servicio ya fue suspendido o no cuentan con saldo<\/p>\n\n\n\n<p>Ciudad de M\u00e9xico 1 de septiembre 2026.-La Comisi\u00f3n Reguladora de Telecomunicaciones (CRT) inform\u00f3 que las l\u00edneas de telefon\u00eda m\u00f3vil con terminaci\u00f3n 1 que no fueron vinculadas dentro del plazo establecido podr\u00e1n ser suspendidas a partir del primer minuto del 1 de septiembre.<\/p>\n\n\n\n<p>Y es que de acuerdo con una tarjeta informativa de la autoridad, la suspensi\u00f3n de las l\u00edneas no vinculadas podr\u00e1 concretarse dentro de las 72 horas siguientes al inicio de este martes. Sin embargo, los usuarios podr\u00e1n reactivar el servicio una vez que completen el proceso de registro ante su compa\u00f1\u00eda telef\u00f3nica.<\/p>\n\n\n\n<p>La CRT se\u00f1al\u00f3 que las personas que no realizaron la vinculaci\u00f3n de sus l\u00edneas con terminaci\u00f3n 1 antes del 31 de agosto podr\u00e1n efectuar el tr\u00e1mite incluso si su servicio ya fue suspendido o no cuentan con saldo.<\/p>\n\n\n\n<p>El proceso puede realizarse en l\u00ednea desde el propio tel\u00e9fono celular, mediante la plataforma del proveedor de telefon\u00eda m\u00f3vil. La autoridad indic\u00f3 que la navegaci\u00f3n en los sitios de las compa\u00f1\u00edas telef\u00f3nicas no consume datos, por lo que el tr\u00e1mite puede efectuarse aun cuando la l\u00ednea se encuentre sin saldo.<\/p>\n\n\n\n<p>La autoridad record\u00f3 que el calendario de vinculaci\u00f3n continuar\u00e1 de manera escalonada. El pr\u00f3ximo 15 de septiembre corresponder\u00e1 a las l\u00edneas con terminaci\u00f3n 2.<\/p>\n\n\n\n<p>No obstante, los usuarios cuyas l\u00edneas tengan cualquier otra terminaci\u00f3n pueden realizar desde ahora el proceso de vinculaci\u00f3n, con el objetivo de evitar interrupciones en el servicio y aglomeraciones durante los d\u00edas establecidos para cada terminaci\u00f3n.<\/p>\n\n\n\n<p>La CRT exhort\u00f3 a los usuarios a mantenerse atentos al calendario y realizar el registro de sus l\u00edneas en la fecha que les corresponda.(Fuente:Agencias\/XEVA)<\/p>\n\n\n\n<figure class=\"wp-block-embed is-type-rich is-provider-x wp-block-embed-x\"><div class=\"wp-block-embed__wrapper\">\n<div class=\"oceanwp-oembed-wrap clr\"><div class=\"embed-x\"><blockquote class=\"twitter-tweet\" data-width=\"550\" data-dnt=\"true\"><p lang=\"es\" dir=\"ltr\"><a href=\"https:\/\/x.com\/hashtag\/Bolet%C3%ADnInformativo?src=hash&amp;ref_src=twsrc%5Etfw\">#Bolet\u00ednInformativo<\/a>\ud83d\udce3<br><br>Las l\u00edneas con terminaci\u00f3n 1 suspendidas se reactivar\u00e1n al completar su vinculaci\u00f3n.<br><br>La inhabilitaci\u00f3n ser\u00e1 gradual y ocurrir\u00e1 en las 72 horas posteriores al 31 de agosto.<br><br>\u2139\ufe0f M\u00e1s informaci\u00f3n: <a href=\"https:\/\/t.co\/eymOOWNQhn\">https:\/\/t.co\/eymOOWNQhn<\/a> <a href=\"https:\/\/t.co\/k60xF5mP3R\">pic.twitter.com\/k60xF5mP3R<\/a><\/p>&mdash; CRTGobMX (@CRTGobMX) <a href=\"https:\/\/x.com\/CRTGobMX\/status\/2094911513580417427?ref_src=twsrc%5Etfw\">September 1, 2026<\/a><\/blockquote><script async src=\"https:\/\/platform.x.com\/widgets.js\" charset=\"utf-8\"><\/script><\/div><\/div>\n<\/div><\/figure>\n","protected":false},"excerpt":{"rendered":"<p>(Redacci\u00f3n) La CRT se\u00f1al\u00f3 que las personas que no realizaron la vinculaci\u00f3n de sus l\u00edneas con terminaci\u00f3n 1 antes del 31 de agosto podr\u00e1n efectuar el tr\u00e1mite incluso si su servicio ya fue suspendido o no cuentan con saldo Ciudad de M\u00e9xico 1 de septiembre 2026.-La Comisi\u00f3n Reguladora de Telecomunicaciones (CRT) inform\u00f3 que las l\u00edneas [&hellip;]<\/p>\n","protected":false},"author":6,"featured_media":264709,"comment_status":"open","ping_status":"open","sticky":false,"template":"","format":"standard","meta":{"footnotes":""},"categories":[8],"tags":[],"class_list":["post-264708","post","type-post","status-publish","format-standard","has-post-thumbnail","hentry","category-pais","entry","has-media"],"jetpack_featured_media_url":"http:\/\/vertienteglobal.com\/wp-content\/uploads\/2026\/09\/44562.webp","_links":{"self":[{"href":"http:\/\/vertienteglobal.com\/index.php?rest_route=\/wp\/v2\/posts\/264708","targetHints":{"allow":["GET"]}}],"collection":[{"href":"http:\/\/vertienteglobal.com\/index.php?rest_route=\/wp\/v2\/posts"}],"about":[{"href":"http:\/\/vertienteglobal.com\/index.php?rest_route=\/wp\/v2\/types\/post"}],"author":[{"embeddable":true,"href":"http:\/\/vertienteglobal.com\/index.php?rest_route=\/wp\/v2\/users\/6"}],"replies":[{"embeddable":true,"href":"http:\/\/vertienteglobal.com\/index.php?rest_route=%2Fwp%2Fv2%2Fcomments&post=264708"}],"version-history":[{"count":1,"href":"http:\/\/vertienteglobal.com\/index.php?rest_route=\/wp\/v2\/posts\/264708\/revisions"}],"predecessor-version":[{"id":264710,"href":"http:\/\/vertienteglobal.com\/index.php?rest_route=\/wp\/v2\/posts\/264708\/revisions\/264710"}],"wp:featuredmedia":[{"embeddable":true,"href":"http:\/\/vertienteglobal.com\/index.php?rest_route=\/wp\/v2\/media\/264709"}],"wp:attachment":[{"href":"http:\/\/vertienteglobal.com\/index.php?rest_route=%2Fwp%2Fv2%2Fmedia&parent=264708"}],"wp:term":[{"taxonomy":"category","embeddable":true,"href":"http:\/\/vertienteglobal.com\/index.php?rest_route=%2Fwp%2Fv2%2Fcategories&post=264708"},{"taxonomy":"post_tag","embeddable":true,"href":"http:\/\/vertienteglobal.com\/index.php?rest_route=%2Fwp%2Fv2%2Ftags&post=264708"}],"curies":[{"name":"wp","href":"https:\/\/api.w.org\/{rel}","templated":true}]}}