{"id":264697,"date":"2026-09-01T17:46:00","date_gmt":"2026-09-01T22:46:00","guid":{"rendered":"http:\/\/vertienteglobal.com\/?p=264697"},"modified":"2026-09-02T01:04:40","modified_gmt":"2026-09-02T06:04:40","slug":"la-secretaria-de-gobernacion-rosa-icela-rodriguez-entrega-al-congreso-el-segundo-informe-de-gobierno-de-la-presidenta-claudia-sheinbaum-pardo","status":"publish","type":"post","link":"http:\/\/vertienteglobal.com\/?p=264697","title":{"rendered":"La Secretar\u00eda de Gobernaci\u00f3n, Rosa Icela Rodr\u00edguez entrega al Congreso el Segundo Informe de Gobierno de la Presidenta Claudia Sheinbaum Pardo"},"content":{"rendered":"\n<div class=\"twitterbutton\" style=\"float: right; padding-left: 5px;\"><a href=\"http:\/\/twitter.com\/share\" class=\"twitter-share-button\" data-count=\"horizontal\" data-text=\"La Secretar\u00eda de Gobernaci\u00f3n, Rosa Icela Rodr\u00edguez entrega al Congreso el Seg...\" data-via=\"https:\/\/twitter.com\/VertienteGloba1\" data-url=\"http:\/\/vertienteglobal.com\/?p=264697\" data-lang=\"es\" data-related=\"Informaci\u00f3n general:S\u00edguenos para que est\u00e9ss informado\"><\/a><\/div>\n<figure class=\"wp-block-image size-full\"><img loading=\"lazy\" decoding=\"async\" width=\"1024\" height=\"683\" src=\"http:\/\/vertienteglobal.com\/wp-content\/uploads\/2026\/09\/44528.webp\" alt=\"\" class=\"wp-image-264698\" srcset=\"http:\/\/vertienteglobal.com\/wp-content\/uploads\/2026\/09\/44528.webp 1024w, http:\/\/vertienteglobal.com\/wp-content\/uploads\/2026\/09\/44528-300x200.webp 300w, http:\/\/vertienteglobal.com\/wp-content\/uploads\/2026\/09\/44528-150x100.webp 150w, http:\/\/vertienteglobal.com\/wp-content\/uploads\/2026\/09\/44528-768x512.webp 768w\" sizes=\"auto, (max-width: 1024px) 100vw, 1024px\" \/><\/figure>\n\n\n\n<p>(Redacci\u00f3n)<\/p>\n\n\n\n<p>A partir de este momento, el Segundo Informe de Gobierno queda a disposici\u00f3n del Congreso de la Uni\u00f3n para su an\u00e1lisis y posterior glosa<\/p>\n\n\n\n<p>Ciudad de M\u00e9xico 1 de septiembre 2026.-Con la presencia de 91 senadores y 325 diputados, inici\u00f3 este 1 de septiembre el nuevo periodo ordinario de sesiones del Congreso de la Uni\u00f3n. A las 17:23 horas, la secretaria de Gobernaci\u00f3n, Rosa Icela Rodr\u00edguez, entreg\u00f3 a la Mesa Directiva de la C\u00e1mara de Diputados, encabezada por Ra\u00fal Bola\u00f1os-Cacho Cu\u00e9, el Segundo Informe de Gobierno de la presidenta Claudia Sheinbaum Pardo.<\/p>\n\n\n\n<p>Y es que la titular de la Secretar\u00eda de Gobernaci\u00f3n permaneci\u00f3 alrededor de cinco minutos en la Mesa Directiva durante el acto protocolario. Posteriormente, camin\u00f3 hacia la salida del recinto legislativo en San L\u00e1zaro, donde fue saludada por legisladores de Morena. A las 17:38 horas abandon\u00f3 la C\u00e1mara de Diputados.<\/p>\n\n\n\n<p>Rosa Icela Rodr\u00edguez hab\u00eda llegado al recinto alrededor de las 16:30 horas, donde fue recibida por una comisi\u00f3n de legisladores que la acompa\u00f1\u00f3 a un sal\u00f3n, en el que permaneci\u00f3 a la espera del inicio del acto protocolario.<\/p>\n\n\n\n<p>Con la entrega del documento, qued\u00f3 formalmente cumplida la obligaci\u00f3n constitucional de presentar el informe presidencial en representaci\u00f3n de Claudia Sheinbaum Pardo, conforme a lo establecido en el art\u00edculo 69 de la Constituci\u00f3n.<\/p>\n\n\n\n<p>A partir de este momento, el Segundo Informe de Gobierno queda a disposici\u00f3n del Congreso de la Uni\u00f3n para su an\u00e1lisis y posterior glosa.<\/p>\n\n\n\n<p>Previo al inicio de la sesi\u00f3n, el presidente de la Junta de Coordinaci\u00f3n Pol\u00edtica de la C\u00e1mara de Diputados, Ricardo Monreal, llam\u00f3 a los integrantes de su bancada a respetar los posicionamientos de los grupos parlamentarios de oposici\u00f3n durante la jornada.(Fuente:Nmas\/XEVA)<\/p>\n\n\n\n<figure class=\"wp-block-image size-full\"><img loading=\"lazy\" decoding=\"async\" width=\"1024\" height=\"587\" src=\"http:\/\/vertienteglobal.com\/wp-content\/uploads\/2026\/09\/44527.webp\" alt=\"\" class=\"wp-image-264699\" srcset=\"http:\/\/vertienteglobal.com\/wp-content\/uploads\/2026\/09\/44527.webp 1024w, http:\/\/vertienteglobal.com\/wp-content\/uploads\/2026\/09\/44527-300x172.webp 300w, http:\/\/vertienteglobal.com\/wp-content\/uploads\/2026\/09\/44527-150x86.webp 150w, http:\/\/vertienteglobal.com\/wp-content\/uploads\/2026\/09\/44527-768x440.webp 768w\" sizes=\"auto, (max-width: 1024px) 100vw, 1024px\" \/><\/figure>\n\n\n\n<p><\/p>\n\n\n\n<p><\/p>\n\n\n\n<p><\/p>\n\n\n\n<p><\/p>\n","protected":false},"excerpt":{"rendered":"<p>(Redacci\u00f3n) A partir de este momento, el Segundo Informe de Gobierno queda a disposici\u00f3n del Congreso de la Uni\u00f3n para su an\u00e1lisis y posterior glosa Ciudad de M\u00e9xico 1 de septiembre 2026.-Con la presencia de 91 senadores y 325 diputados, inici\u00f3 este 1 de septiembre el nuevo periodo ordinario de sesiones del Congreso de la [&hellip;]<\/p>\n","protected":false},"author":6,"featured_media":264698,"comment_status":"open","ping_status":"open","sticky":false,"template":"","format":"standard","meta":{"footnotes":""},"categories":[8],"tags":[],"class_list":["post-264697","post","type-post","status-publish","format-standard","has-post-thumbnail","hentry","category-pais","entry","has-media"],"jetpack_featured_media_url":"http:\/\/vertienteglobal.com\/wp-content\/uploads\/2026\/09\/44528.webp","_links":{"self":[{"href":"http:\/\/vertienteglobal.com\/index.php?rest_route=\/wp\/v2\/posts\/264697","targetHints":{"allow":["GET"]}}],"collection":[{"href":"http:\/\/vertienteglobal.com\/index.php?rest_route=\/wp\/v2\/posts"}],"about":[{"href":"http:\/\/vertienteglobal.com\/index.php?rest_route=\/wp\/v2\/types\/post"}],"author":[{"embeddable":true,"href":"http:\/\/vertienteglobal.com\/index.php?rest_route=\/wp\/v2\/users\/6"}],"replies":[{"embeddable":true,"href":"http:\/\/vertienteglobal.com\/index.php?rest_route=%2Fwp%2Fv2%2Fcomments&post=264697"}],"version-history":[{"count":1,"href":"http:\/\/vertienteglobal.com\/index.php?rest_route=\/wp\/v2\/posts\/264697\/revisions"}],"predecessor-version":[{"id":264700,"href":"http:\/\/vertienteglobal.com\/index.php?rest_route=\/wp\/v2\/posts\/264697\/revisions\/264700"}],"wp:featuredmedia":[{"embeddable":true,"href":"http:\/\/vertienteglobal.com\/index.php?rest_route=\/wp\/v2\/media\/264698"}],"wp:attachment":[{"href":"http:\/\/vertienteglobal.com\/index.php?rest_route=%2Fwp%2Fv2%2Fmedia&parent=264697"}],"wp:term":[{"taxonomy":"category","embeddable":true,"href":"http:\/\/vertienteglobal.com\/index.php?rest_route=%2Fwp%2Fv2%2Fcategories&post=264697"},{"taxonomy":"post_tag","embeddable":true,"href":"http:\/\/vertienteglobal.com\/index.php?rest_route=%2Fwp%2Fv2%2Ftags&post=264697"}],"curies":[{"name":"wp","href":"https:\/\/api.w.org\/{rel}","templated":true}]}}