{"id":264669,"date":"2026-09-01T14:24:00","date_gmt":"2026-09-01T19:24:00","guid":{"rendered":"http:\/\/vertienteglobal.com\/?p=264669"},"modified":"2026-09-01T15:08:46","modified_gmt":"2026-09-01T20:08:46","slug":"destaca-mara-lezama-inversion-historica-de-la-presidenta-claudia-sheinbaum-en-quintana-roo","status":"publish","type":"post","link":"http:\/\/vertienteglobal.com\/?p=264669","title":{"rendered":"Destaca Mara Lezama inversi\u00f3n hist\u00f3rica de la Presidenta Claudia Sheinbaum en Quintana Roo"},"content":{"rendered":"\n<div class=\"twitterbutton\" style=\"float: right; padding-left: 5px;\"><a href=\"http:\/\/twitter.com\/share\" class=\"twitter-share-button\" data-count=\"horizontal\" data-text=\"Destaca Mara Lezama inversi\u00f3n hist\u00f3rica de la Presidenta Claudia Sheinbaum en ...\" data-via=\"https:\/\/twitter.com\/VertienteGloba1\" data-url=\"http:\/\/vertienteglobal.com\/?p=264669\" data-lang=\"es\" data-related=\"Informaci\u00f3n general:S\u00edguenos para que est\u00e9ss informado\"><\/a><\/div>\n<figure class=\"wp-block-image size-large\"><img loading=\"lazy\" decoding=\"async\" width=\"1024\" height=\"668\" src=\"http:\/\/vertienteglobal.com\/wp-content\/uploads\/2026\/09\/1001537511-1024x668.jpg\" alt=\"\" class=\"wp-image-264670\" srcset=\"http:\/\/vertienteglobal.com\/wp-content\/uploads\/2026\/09\/1001537511-1024x668.jpg 1024w, http:\/\/vertienteglobal.com\/wp-content\/uploads\/2026\/09\/1001537511-300x196.jpg 300w, http:\/\/vertienteglobal.com\/wp-content\/uploads\/2026\/09\/1001537511-150x98.jpg 150w, http:\/\/vertienteglobal.com\/wp-content\/uploads\/2026\/09\/1001537511-768x501.jpg 768w, http:\/\/vertienteglobal.com\/wp-content\/uploads\/2026\/09\/1001537511-1536x1003.jpg 1536w, http:\/\/vertienteglobal.com\/wp-content\/uploads\/2026\/09\/1001537511-2048x1337.jpg 2048w\" sizes=\"auto, (max-width: 1024px) 100vw, 1024px\" \/><\/figure>\n\n\n\n<p>(Redacci\u00f3n)<\/p>\n\n\n\n<p>La Gobernadora acompa\u00f1\u00f3 a la presidenta de M\u00e9xico, en Palacio Nacional, en su 2\u00ba Informe de Gobierno, donde resalt\u00f3 los avances en infraestructura vial, salud, vivienda, educaci\u00f3n, combate al sargazo y desarrollo ferroviario en beneficio de las y los quintanarroenses<\/p>\n\n\n\n<p>Ciudad de M\u00e9xico, 1 de septiembre 2026.- La gobernadora de Quintana Roo, Mara Lezama Espinosa, acompa\u00f1\u00f3 a la presidenta de M\u00e9xico, Claudia Sheinbaum Pardo, en Palacio Nacional, con motivo de su Segundo Informe de Gobierno, y destac\u00f3 las acciones e inversiones hist\u00f3ricas impulsadas por el Gobierno de M\u00e9xico en beneficio de las familias quintanarroenses.<\/p>\n\n\n\n<p>A su llegada a Palacio Nacional, la titular del Ejecutivo reconoci\u00f3 los resultados de la administraci\u00f3n federal en materia de bienestar, salud, infraestructura, vivienda y obra p\u00fablica, al se\u00f1alar que estas inversiones est\u00e1n generando una transformaci\u00f3n en las condiciones de vida de la poblaci\u00f3n de Quintana Roo.<\/p>\n\n\n\n<p>Mara Lezama destac\u00f3 particularmente los proyectos de infraestructura vial que se desarrollan en el estado, entre ellos la culminaci\u00f3n del puente Nichupt\u00e9 y el distribuidor vial que se construye en el bulevar Kukulc\u00e1n, obras que, afirm\u00f3, representan avances importantes para mejorar la movilidad y conectividad.<\/p>\n\n\n\n<p>Asimismo, resalt\u00f3 la inversi\u00f3n federal destinada al fortalecimiento de la infraestructura hospitalaria, al considerar que permitir\u00e1 ampliar la capacidad de atenci\u00f3n m\u00e9dica y avanzar hacia servicios de tercer nivel de atenci\u00f3n, lo que representa, dijo, un antes y un despu\u00e9s para la salud de las y los quintanarroenses.<\/p>\n\n\n\n<p>En materia educativa, la gobernadora reconoci\u00f3 la creaci\u00f3n de la Universidad Rosario Castellanos en Playa del Carmen y el proyecto para establecer una instituci\u00f3n de este tipo en Chetumal, acciones que permitir\u00e1n ampliar las oportunidades de acceso a la educaci\u00f3n superior para las juventudes del estado.<\/p>\n\n\n\n<p>Otro de los rubros que destac\u00f3 Mara Lezama fue el programa Vivienda para el Bienestar, mediante el cual se impulsa la construcci\u00f3n y acceso a viviendas para las familias, as\u00ed como las acciones emprendidas para atender el fen\u00f3meno del sargazo, que llega a las costas del Caribe Mexicano.<\/p>\n\n\n\n<p>La gobernadora Mara Lezama tambi\u00e9n subray\u00f3 la importancia de los proyectos ferroviarios impulsados por el Gobierno de M\u00e9xico y se\u00f1al\u00f3 que el Tren Maya de carga est\u00e1 previsto para iniciar operaciones en enero, lo que representar\u00e1 un nuevo componente para la infraestructura y conectividad de Quintana Roo.<\/p>\n\n\n\n<p>\u201cEstamos agradecidas y agradecidos en Quintana Roo por esta inversi\u00f3n hist\u00f3rica en nuestro estado\u201d, expres\u00f3 Lezama Espinosa, al enumerar los proyectos que reflejan el respaldo de la administraci\u00f3n federal a la entidad.<\/p>\n\n\n\n<p>\u201cTenemos una gran Presidenta, y Claudia Sheinbaum da resultados\u201d, expres\u00f3.<\/p>\n\n\n\n<figure class=\"wp-block-image size-large\"><img loading=\"lazy\" decoding=\"async\" width=\"1024\" height=\"682\" src=\"http:\/\/vertienteglobal.com\/wp-content\/uploads\/2026\/09\/1001537512-1024x682.jpg\" alt=\"\" class=\"wp-image-264671\" srcset=\"http:\/\/vertienteglobal.com\/wp-content\/uploads\/2026\/09\/1001537512-1024x682.jpg 1024w, http:\/\/vertienteglobal.com\/wp-content\/uploads\/2026\/09\/1001537512-300x200.jpg 300w, http:\/\/vertienteglobal.com\/wp-content\/uploads\/2026\/09\/1001537512-150x100.jpg 150w, http:\/\/vertienteglobal.com\/wp-content\/uploads\/2026\/09\/1001537512-768x512.jpg 768w, http:\/\/vertienteglobal.com\/wp-content\/uploads\/2026\/09\/1001537512-1536x1024.jpg 1536w, http:\/\/vertienteglobal.com\/wp-content\/uploads\/2026\/09\/1001537512-2048x1365.jpg 2048w\" sizes=\"auto, (max-width: 1024px) 100vw, 1024px\" \/><\/figure>\n\n\n\n<figure class=\"wp-block-image size-large\"><img loading=\"lazy\" decoding=\"async\" width=\"1024\" height=\"682\" src=\"http:\/\/vertienteglobal.com\/wp-content\/uploads\/2026\/09\/1001537513-1024x682.jpg\" alt=\"\" class=\"wp-image-264672\" srcset=\"http:\/\/vertienteglobal.com\/wp-content\/uploads\/2026\/09\/1001537513-1024x682.jpg 1024w, http:\/\/vertienteglobal.com\/wp-content\/uploads\/2026\/09\/1001537513-300x200.jpg 300w, http:\/\/vertienteglobal.com\/wp-content\/uploads\/2026\/09\/1001537513-150x100.jpg 150w, http:\/\/vertienteglobal.com\/wp-content\/uploads\/2026\/09\/1001537513-768x512.jpg 768w, http:\/\/vertienteglobal.com\/wp-content\/uploads\/2026\/09\/1001537513-1536x1024.jpg 1536w\" sizes=\"auto, (max-width: 1024px) 100vw, 1024px\" \/><\/figure>\n\n\n\n<figure class=\"wp-block-image size-large\"><img loading=\"lazy\" decoding=\"async\" width=\"1024\" height=\"682\" src=\"http:\/\/vertienteglobal.com\/wp-content\/uploads\/2026\/09\/1001537514-1024x682.jpg\" alt=\"\" class=\"wp-image-264673\" srcset=\"http:\/\/vertienteglobal.com\/wp-content\/uploads\/2026\/09\/1001537514-1024x682.jpg 1024w, http:\/\/vertienteglobal.com\/wp-content\/uploads\/2026\/09\/1001537514-300x200.jpg 300w, http:\/\/vertienteglobal.com\/wp-content\/uploads\/2026\/09\/1001537514-150x100.jpg 150w\" sizes=\"auto, (max-width: 1024px) 100vw, 1024px\" \/><\/figure>\n\n\n\n<figure class=\"wp-block-image size-large\"><img loading=\"lazy\" decoding=\"async\" width=\"1024\" height=\"682\" src=\"http:\/\/vertienteglobal.com\/wp-content\/uploads\/2026\/09\/1001537515-1024x682.jpg\" alt=\"\" class=\"wp-image-264674\" srcset=\"http:\/\/vertienteglobal.com\/wp-content\/uploads\/2026\/09\/1001537515-1024x682.jpg 1024w, http:\/\/vertienteglobal.com\/wp-content\/uploads\/2026\/09\/1001537515-300x200.jpg 300w, http:\/\/vertienteglobal.com\/wp-content\/uploads\/2026\/09\/1001537515-150x100.jpg 150w, http:\/\/vertienteglobal.com\/wp-content\/uploads\/2026\/09\/1001537515-768x512.jpg 768w, http:\/\/vertienteglobal.com\/wp-content\/uploads\/2026\/09\/1001537515-1536x1024.jpg 1536w, http:\/\/vertienteglobal.com\/wp-content\/uploads\/2026\/09\/1001537515-2048x1365.jpg 2048w\" sizes=\"auto, (max-width: 1024px) 100vw, 1024px\" \/><\/figure>\n\n\n\n<figure class=\"wp-block-image size-large\"><img loading=\"lazy\" decoding=\"async\" width=\"1024\" height=\"682\" src=\"http:\/\/vertienteglobal.com\/wp-content\/uploads\/2026\/09\/1001537516-1024x682.jpg\" alt=\"\" class=\"wp-image-264675\" srcset=\"http:\/\/vertienteglobal.com\/wp-content\/uploads\/2026\/09\/1001537516-1024x682.jpg 1024w, http:\/\/vertienteglobal.com\/wp-content\/uploads\/2026\/09\/1001537516-300x200.jpg 300w, http:\/\/vertienteglobal.com\/wp-content\/uploads\/2026\/09\/1001537516-150x100.jpg 150w, http:\/\/vertienteglobal.com\/wp-content\/uploads\/2026\/09\/1001537516-768x512.jpg 768w, http:\/\/vertienteglobal.com\/wp-content\/uploads\/2026\/09\/1001537516-1536x1024.jpg 1536w, http:\/\/vertienteglobal.com\/wp-content\/uploads\/2026\/09\/1001537516-2048x1365.jpg 2048w\" sizes=\"auto, (max-width: 1024px) 100vw, 1024px\" \/><\/figure>\n\n\n\n<figure class=\"wp-block-embed is-type-rich is-provider-x wp-block-embed-x\"><div class=\"wp-block-embed__wrapper\">\n<div class=\"oceanwp-oembed-wrap clr\"><div class=\"embed-x\"><blockquote class=\"twitter-tweet\" data-width=\"550\" data-dnt=\"true\"><p lang=\"es\" dir=\"ltr\">Segundo Informe de Gobierno. Palacio Nacional <a href=\"https:\/\/t.co\/uCe1PE8VkK\">https:\/\/t.co\/uCe1PE8VkK<\/a><\/p>&mdash; Claudia Sheinbaum Pardo (@Claudiashein) <a href=\"https:\/\/x.com\/Claudiashein\/status\/2094831636575826206?ref_src=twsrc%5Etfw\">September 1, 2026<\/a><\/blockquote><script async src=\"https:\/\/platform.x.com\/widgets.js\" charset=\"utf-8\"><\/script><\/div><\/div>\n<\/div><\/figure>\n","protected":false},"excerpt":{"rendered":"<p>(Redacci\u00f3n) La Gobernadora acompa\u00f1\u00f3 a la presidenta de M\u00e9xico, en Palacio Nacional, en su 2\u00ba Informe de Gobierno, donde resalt\u00f3 los avances en infraestructura vial, salud, vivienda, educaci\u00f3n, combate al sargazo y desarrollo ferroviario en beneficio de las y los quintanarroenses Ciudad de M\u00e9xico, 1 de septiembre 2026.- La gobernadora de Quintana Roo, Mara Lezama [&hellip;]<\/p>\n","protected":false},"author":6,"featured_media":264670,"comment_status":"open","ping_status":"open","sticky":false,"template":"","format":"standard","meta":{"footnotes":""},"categories":[8,3],"tags":[],"class_list":["post-264669","post","type-post","status-publish","format-standard","has-post-thumbnail","hentry","category-pais","category-quintana-roo","entry","has-media"],"jetpack_featured_media_url":"http:\/\/vertienteglobal.com\/wp-content\/uploads\/2026\/09\/1001537511.jpg","_links":{"self":[{"href":"http:\/\/vertienteglobal.com\/index.php?rest_route=\/wp\/v2\/posts\/264669","targetHints":{"allow":["GET"]}}],"collection":[{"href":"http:\/\/vertienteglobal.com\/index.php?rest_route=\/wp\/v2\/posts"}],"about":[{"href":"http:\/\/vertienteglobal.com\/index.php?rest_route=\/wp\/v2\/types\/post"}],"author":[{"embeddable":true,"href":"http:\/\/vertienteglobal.com\/index.php?rest_route=\/wp\/v2\/users\/6"}],"replies":[{"embeddable":true,"href":"http:\/\/vertienteglobal.com\/index.php?rest_route=%2Fwp%2Fv2%2Fcomments&post=264669"}],"version-history":[{"count":1,"href":"http:\/\/vertienteglobal.com\/index.php?rest_route=\/wp\/v2\/posts\/264669\/revisions"}],"predecessor-version":[{"id":264676,"href":"http:\/\/vertienteglobal.com\/index.php?rest_route=\/wp\/v2\/posts\/264669\/revisions\/264676"}],"wp:featuredmedia":[{"embeddable":true,"href":"http:\/\/vertienteglobal.com\/index.php?rest_route=\/wp\/v2\/media\/264670"}],"wp:attachment":[{"href":"http:\/\/vertienteglobal.com\/index.php?rest_route=%2Fwp%2Fv2%2Fmedia&parent=264669"}],"wp:term":[{"taxonomy":"category","embeddable":true,"href":"http:\/\/vertienteglobal.com\/index.php?rest_route=%2Fwp%2Fv2%2Fcategories&post=264669"},{"taxonomy":"post_tag","embeddable":true,"href":"http:\/\/vertienteglobal.com\/index.php?rest_route=%2Fwp%2Fv2%2Ftags&post=264669"}],"curies":[{"name":"wp","href":"https:\/\/api.w.org\/{rel}","templated":true}]}}