{"id":264656,"date":"2026-09-01T11:19:00","date_gmt":"2026-09-01T16:19:00","guid":{"rendered":"http:\/\/vertienteglobal.com\/?p=264656"},"modified":"2026-09-01T13:15:56","modified_gmt":"2026-09-01T18:15:56","slug":"estamos-transformando-la-vida-publica-del-pais-claudia-sheinbaum-pardo-segundo-informe-de-gobierno-video","status":"publish","type":"post","link":"http:\/\/vertienteglobal.com\/?p=264656","title":{"rendered":"&#8216;Estamos transformando la vida p\u00fablica del pa\u00eds&#8217;: Claudia Sheinbaum Pardo, Segundo Informe de Gobierno (+VIDEO)"},"content":{"rendered":"\n<div class=\"twitterbutton\" style=\"float: right; padding-left: 5px;\"><a href=\"http:\/\/twitter.com\/share\" class=\"twitter-share-button\" data-count=\"horizontal\" data-text=\"&#8216;Estamos transformando la vida p\u00fablica del pa\u00eds&#8217;: Claudia Sheinbau...\" data-via=\"https:\/\/twitter.com\/VertienteGloba1\" data-url=\"http:\/\/vertienteglobal.com\/?p=264656\" data-lang=\"es\" data-related=\"Informaci\u00f3n general:S\u00edguenos para que est\u00e9ss informado\"><\/a><\/div>\n<figure class=\"wp-block-image size-full\"><img loading=\"lazy\" decoding=\"async\" width=\"1024\" height=\"683\" src=\"http:\/\/vertienteglobal.com\/wp-content\/uploads\/2026\/09\/1001537211.webp\" alt=\"\" class=\"wp-image-264657\" srcset=\"http:\/\/vertienteglobal.com\/wp-content\/uploads\/2026\/09\/1001537211.webp 1024w, http:\/\/vertienteglobal.com\/wp-content\/uploads\/2026\/09\/1001537211-300x200.webp 300w, http:\/\/vertienteglobal.com\/wp-content\/uploads\/2026\/09\/1001537211-150x100.webp 150w, http:\/\/vertienteglobal.com\/wp-content\/uploads\/2026\/09\/1001537211-768x512.webp 768w\" sizes=\"auto, (max-width: 1024px) 100vw, 1024px\" \/><\/figure>\n\n\n\n<p>(Redacci\u00f3n)<\/p>\n\n\n\n<p>Sheinbaum Pardo afirm\u00f3 que en lo qe va de su gobierno se ha transformado la p\u00fablica del pa\u00eds<\/p>\n\n\n\n<p>Ciudad de M\u00e9xico 1 de septiembre de 2026.-La presidenta de M\u00e9xico, Claudia Sheinbaum, rinde este martes 1 de septiembre su segundo informe de gobierno.<\/p>\n\n\n\n<p>Y es que desde Palacio Nacional, la mandataria dio a conocer los avances de actividades a casi dos a\u00f1os de que tom\u00f3 el cargo del Poder Ejecutivo y se convirti\u00f3 en la primera mujer en gobernar el pa\u00eds.<\/p>\n\n\n\n<p>Al inicio de su discurso, Sheinbaum Pardo afirm\u00f3 que en lo qe va de su gobierno se ha transformado la p\u00fablica del pa\u00eds.<\/p>\n\n\n\n<p>\u00abComparezco ante el pueblo de M\u00e9xico, lo hago con la certeza de que estamos cambiando la vida p\u00fablica del pa\u00eds, estoy convencida que M\u00e9xico camina por el rumbo de la prosperidad compartida con independencia, libertad y con mucha dignidad hemos ejercido el gobierno con honradez y austeridad republicana. Tenemos claro que los recursos p\u00fablicos son del pueblo y deben ejercer su beneficio. Los servidores p\u00fablicos tenemos la obligaci\u00f3n de comportarnos con profunda responsabilidad, pero, al mismo tiempo, con sencillez y humildad\u00bb, destac\u00f3.<\/p>\n\n\n\n<p>Vestida de un traje sastre color morado ,la presidenta ofrece un mensaje a la naci\u00f3n acompa\u00f1ada de su gabinete legal y ampliado, as\u00ed como de gobernadores, miembros de la Corte, entre otros.<\/p>\n\n\n\n<p>Cabe destacar que por la tarde la titular de la Secretar\u00eda de Gobernaci\u00f3n, Rosa Icela Rodr\u00edguez entregar\u00e1 el segundo informe al Congreso de la Uni\u00f3n.(Fuente: XEU)<\/p>\n\n\n\n<figure class=\"wp-block-embed is-type-video is-provider-youtube wp-block-embed-youtube wp-embed-aspect-4-3 wp-has-aspect-ratio\"><div class=\"wp-block-embed__wrapper\">\n<p class=\"responsive-video-wrap clr\"><iframe loading=\"lazy\" title=\"Segundo Informe de Gobierno. Palacio Nacional\" width=\"1200\" height=\"900\" src=\"https:\/\/www.youtube.com\/embed\/E5B2trLN4Ro?feature=oembed\" frameborder=\"0\" allow=\"accelerometer; autoplay; clipboard-write; encrypted-media; gyroscope; picture-in-picture; web-share\" referrerpolicy=\"strict-origin-when-cross-origin\" allowfullscreen><\/iframe><\/p>\n<\/div><\/figure>\n","protected":false},"excerpt":{"rendered":"<p>(Redacci\u00f3n) Sheinbaum Pardo afirm\u00f3 que en lo qe va de su gobierno se ha transformado la p\u00fablica del pa\u00eds Ciudad de M\u00e9xico 1 de septiembre de 2026.-La presidenta de M\u00e9xico, Claudia Sheinbaum, rinde este martes 1 de septiembre su segundo informe de gobierno. Y es que desde Palacio Nacional, la mandataria dio a conocer los [&hellip;]<\/p>\n","protected":false},"author":6,"featured_media":264657,"comment_status":"open","ping_status":"open","sticky":false,"template":"","format":"standard","meta":{"footnotes":""},"categories":[8],"tags":[],"class_list":["post-264656","post","type-post","status-publish","format-standard","has-post-thumbnail","hentry","category-pais","entry","has-media"],"jetpack_featured_media_url":"http:\/\/vertienteglobal.com\/wp-content\/uploads\/2026\/09\/1001537211.webp","_links":{"self":[{"href":"http:\/\/vertienteglobal.com\/index.php?rest_route=\/wp\/v2\/posts\/264656","targetHints":{"allow":["GET"]}}],"collection":[{"href":"http:\/\/vertienteglobal.com\/index.php?rest_route=\/wp\/v2\/posts"}],"about":[{"href":"http:\/\/vertienteglobal.com\/index.php?rest_route=\/wp\/v2\/types\/post"}],"author":[{"embeddable":true,"href":"http:\/\/vertienteglobal.com\/index.php?rest_route=\/wp\/v2\/users\/6"}],"replies":[{"embeddable":true,"href":"http:\/\/vertienteglobal.com\/index.php?rest_route=%2Fwp%2Fv2%2Fcomments&post=264656"}],"version-history":[{"count":1,"href":"http:\/\/vertienteglobal.com\/index.php?rest_route=\/wp\/v2\/posts\/264656\/revisions"}],"predecessor-version":[{"id":264658,"href":"http:\/\/vertienteglobal.com\/index.php?rest_route=\/wp\/v2\/posts\/264656\/revisions\/264658"}],"wp:featuredmedia":[{"embeddable":true,"href":"http:\/\/vertienteglobal.com\/index.php?rest_route=\/wp\/v2\/media\/264657"}],"wp:attachment":[{"href":"http:\/\/vertienteglobal.com\/index.php?rest_route=%2Fwp%2Fv2%2Fmedia&parent=264656"}],"wp:term":[{"taxonomy":"category","embeddable":true,"href":"http:\/\/vertienteglobal.com\/index.php?rest_route=%2Fwp%2Fv2%2Fcategories&post=264656"},{"taxonomy":"post_tag","embeddable":true,"href":"http:\/\/vertienteglobal.com\/index.php?rest_route=%2Fwp%2Fv2%2Ftags&post=264656"}],"curies":[{"name":"wp","href":"https:\/\/api.w.org\/{rel}","templated":true}]}}