{"id":264636,"date":"2026-09-01T07:50:00","date_gmt":"2026-09-01T12:50:00","guid":{"rendered":"http:\/\/vertienteglobal.com\/?p=264636"},"modified":"2026-09-01T11:03:36","modified_gmt":"2026-09-01T16:03:36","slug":"que-pasa-en-tu-cerebro-cada-vez-que-respiras-un-estudio-revela-una-conexion-sorprendente","status":"publish","type":"post","link":"http:\/\/vertienteglobal.com\/?p=264636","title":{"rendered":"\u00bfQu\u00e9 pasa en tu cerebro cada vez que respiras? Un estudio revela una conexi\u00f3n sorprendente"},"content":{"rendered":"\n<div class=\"twitterbutton\" style=\"float: right; padding-left: 5px;\"><a href=\"http:\/\/twitter.com\/share\" class=\"twitter-share-button\" data-count=\"horizontal\" data-text=\"\u00bfQu\u00e9 pasa en tu cerebro cada vez que respiras? Un estudio revela una conexi\u00f3n...\" data-via=\"https:\/\/twitter.com\/VertienteGloba1\" data-url=\"http:\/\/vertienteglobal.com\/?p=264636\" data-lang=\"es\" data-related=\"Informaci\u00f3n general:S\u00edguenos para que est\u00e9ss informado\"><\/a><\/div>\n<figure class=\"wp-block-image size-full\"><img loading=\"lazy\" decoding=\"async\" width=\"1024\" height=\"617\" src=\"http:\/\/vertienteglobal.com\/wp-content\/uploads\/2026\/09\/1001536563.webp\" alt=\"\" class=\"wp-image-264637\" srcset=\"http:\/\/vertienteglobal.com\/wp-content\/uploads\/2026\/09\/1001536563.webp 1024w, http:\/\/vertienteglobal.com\/wp-content\/uploads\/2026\/09\/1001536563-300x181.webp 300w, http:\/\/vertienteglobal.com\/wp-content\/uploads\/2026\/09\/1001536563-150x90.webp 150w, http:\/\/vertienteglobal.com\/wp-content\/uploads\/2026\/09\/1001536563-768x463.webp 768w\" sizes=\"auto, (max-width: 1024px) 100vw, 1024px\" \/><\/figure>\n\n\n\n<p>(Redacci\u00f3n)<\/p>\n\n\n\n<p>Los seres humanos tienen un gran control voluntario sobre la respiraci\u00f3n, lo que permite modificar conscientemente su ritmo, que normalmente es autom\u00e1tico, para actividades como hablar o cantar<\/p>\n\n\n\n<p>Ciudad de M\u00e9xico 1 de septiembre 2026.-El perfil detallado de cada respiraci\u00f3n individual est\u00e1 estrechamente vinculado al de la actividad neuronal en las regiones cerebrales implicadas en la cognici\u00f3n, las emociones y la memoria.<\/p>\n\n\n\n<p>El cerebro es capaz de registrar las sutiles variaciones que se producen de una respiraci\u00f3n a otra y las respiraciones individuales en reposo influyen en las ondas cerebrales, seg\u00fan sugiere un estudio de la Universidad de California en San Diego (EE.UU.) que publica Journal of Neuroscience.<\/p>\n\n\n\n<p>La respiraci\u00f3n influye en el pensamiento, la atenci\u00f3n, la memoria, la percepci\u00f3n, la regulaci\u00f3n emocional y la salud mental en general, al afectar a la actividad de diversas \u00e1reas del cerebro.<\/p>\n\n\n\n<p>Una de las formas en que afecta a la actividad cerebral es a trav\u00e9s de su relaci\u00f3n con los patrones r\u00edtmicos de la actividad neuronal (ondas cerebrales).<\/p>\n\n\n\n<p>Cada respiraci\u00f3n en reposo se corresponde con la forma de las ondas cerebrales, lo que sugiere que las respiraciones individuales pueden influir en los procesos mentales que afectan a la calidad de vida.<\/p>\n\n\n\n<p>A partir de una poblaci\u00f3n de pacientes con epilepsia a los que se les hab\u00eda implantado electrodos cerebrales con fines terap\u00e9uticos, los investigadores compararon las formas de las ondas cerebrales con las formas complejas y variables que crean las respiraciones individuales.<\/p>\n\n\n\n<p>La forma creada por la inhalaci\u00f3n y la exhalaci\u00f3n se correspond\u00eda con la forma de la actividad neuronal generalizada en las \u00e1reas cerebrales que regulan las emociones, la motivaci\u00f3n, el placer, el pensamiento, la atenci\u00f3n y la memoria.<\/p>\n\n\n\n<p>\u00abCada respiraci\u00f3n tiene, por as\u00ed decirlo, una huella en cuanto a su impacto en la actividad cerebral y el estado mental\u00bb, se\u00f1al\u00f3 Eena Kosik-Rose, una de las firmantes del estudio.<\/p>\n\n\n\n<p>Una inhalaci\u00f3n m\u00e1s prolongada, una exhalaci\u00f3n m\u00e1s lenta u otros cambios en la duraci\u00f3n y la intensidad de una respiraci\u00f3n se reflejan en los patrones correspondientes de actividad neuronal.<\/p>\n\n\n\n<p>As\u00ed, se revela una conexi\u00f3n mucho m\u00e1s precisa entre la respiraci\u00f3n y el cerebro de lo que pueden captar las medidas tradicionales, como las respiraciones por minuto.<\/p>\n\n\n\n<p>Los seres humanos tienen un gran control voluntario sobre la respiraci\u00f3n, lo que permite modificar conscientemente su ritmo, que normalmente es autom\u00e1tico, para actividades como hablar o cantar.<\/p>\n\n\n\n<p>\u00abPuedes detener la respiraci\u00f3n durante varios segundos, hacer una inspiraci\u00f3n muy profunda o una espiraci\u00f3n superficial. Lo que estamos demostrando es que esas diferencias en el patr\u00f3n de cada respiraci\u00f3n se reflejan en el patr\u00f3n de la actividad cerebral\u00bb, agreg\u00f3.<\/p>\n\n\n\n<p>La investigaci\u00f3n muestra que la relaci\u00f3n entre la respiraci\u00f3n y la actividad neuronal es mucho m\u00e1s compleja de lo que se pensaba, afirm\u00f3 el tambi\u00e9n firmante del estudio Bradley Voytek.<\/p>\n\n\n\n<p>Para el estudio, se represent\u00f3 cada respiraci\u00f3n como un patr\u00f3n ondulado, en el que los picos y valles se corresponden con los cambios en el flujo de aire al inhalar y exhalar.<\/p>\n\n\n\n<p>Lo siguiente fue comparar la forma de cada onda respiratoria con el patr\u00f3n correspondiente de actividad el\u00e9ctrica en el cerebro.<\/p>\n\n\n\n<p>A diferencia de una simple medici\u00f3n de la frecuencia respiratoria, este enfoque capta las sutiles diferencias en la sincronizaci\u00f3n, el volumen y la forma de una respiraci\u00f3n a otra.<\/p>\n\n\n\n<p>Los autores advierten de que el estudio se bas\u00f3 en registros intracraneales de gran precisi\u00f3n con personas sometidas a monitorizaci\u00f3n de la epilepsia; por ello, los resultados deber\u00e1n verificarse tambi\u00e9n mediante m\u00e9todos no invasivos y en poblaciones m\u00e1s amplias.<\/p>\n\n\n\n<p>No obstante, la idea central es sencilla: una respiraci\u00f3n es m\u00e1s que un n\u00famero, cada inhalaci\u00f3n y exhalaci\u00f3n contiene informaci\u00f3n y el cerebro parece seguir esa informaci\u00f3n con una precisi\u00f3n notable, respiraci\u00f3n a respiraci\u00f3n, ciclo a ciclo, resalt\u00f3 la Universidad de California.<\/p>\n\n\n\n<p>El equipo tiene previsto ahora evaluar si el control de la forma en que respiramos influye en la cognici\u00f3n y la salud mental. (Fuente:XEU)<\/p>\n","protected":false},"excerpt":{"rendered":"<p>(Redacci\u00f3n) Los seres humanos tienen un gran control voluntario sobre la respiraci\u00f3n, lo que permite modificar conscientemente su ritmo, que normalmente es autom\u00e1tico, para actividades como hablar o cantar Ciudad de M\u00e9xico 1 de septiembre 2026.-El perfil detallado de cada respiraci\u00f3n individual est\u00e1 estrechamente vinculado al de la actividad neuronal en las regiones cerebrales implicadas [&hellip;]<\/p>\n","protected":false},"author":6,"featured_media":264637,"comment_status":"open","ping_status":"open","sticky":false,"template":"","format":"standard","meta":{"footnotes":""},"categories":[8],"tags":[],"class_list":["post-264636","post","type-post","status-publish","format-standard","has-post-thumbnail","hentry","category-pais","entry","has-media"],"jetpack_featured_media_url":"http:\/\/vertienteglobal.com\/wp-content\/uploads\/2026\/09\/1001536563.webp","_links":{"self":[{"href":"http:\/\/vertienteglobal.com\/index.php?rest_route=\/wp\/v2\/posts\/264636","targetHints":{"allow":["GET"]}}],"collection":[{"href":"http:\/\/vertienteglobal.com\/index.php?rest_route=\/wp\/v2\/posts"}],"about":[{"href":"http:\/\/vertienteglobal.com\/index.php?rest_route=\/wp\/v2\/types\/post"}],"author":[{"embeddable":true,"href":"http:\/\/vertienteglobal.com\/index.php?rest_route=\/wp\/v2\/users\/6"}],"replies":[{"embeddable":true,"href":"http:\/\/vertienteglobal.com\/index.php?rest_route=%2Fwp%2Fv2%2Fcomments&post=264636"}],"version-history":[{"count":1,"href":"http:\/\/vertienteglobal.com\/index.php?rest_route=\/wp\/v2\/posts\/264636\/revisions"}],"predecessor-version":[{"id":264638,"href":"http:\/\/vertienteglobal.com\/index.php?rest_route=\/wp\/v2\/posts\/264636\/revisions\/264638"}],"wp:featuredmedia":[{"embeddable":true,"href":"http:\/\/vertienteglobal.com\/index.php?rest_route=\/wp\/v2\/media\/264637"}],"wp:attachment":[{"href":"http:\/\/vertienteglobal.com\/index.php?rest_route=%2Fwp%2Fv2%2Fmedia&parent=264636"}],"wp:term":[{"taxonomy":"category","embeddable":true,"href":"http:\/\/vertienteglobal.com\/index.php?rest_route=%2Fwp%2Fv2%2Fcategories&post=264636"},{"taxonomy":"post_tag","embeddable":true,"href":"http:\/\/vertienteglobal.com\/index.php?rest_route=%2Fwp%2Fv2%2Ftags&post=264636"}],"curies":[{"name":"wp","href":"https:\/\/api.w.org\/{rel}","templated":true}]}}