{"id":264628,"date":"2026-08-31T13:39:00","date_gmt":"2026-08-31T18:39:00","guid":{"rendered":"http:\/\/vertienteglobal.com\/?p=264628"},"modified":"2026-09-01T06:47:16","modified_gmt":"2026-09-01T11:47:16","slug":"prohibiran-el-uso-de-celulares-en-escuelas","status":"publish","type":"post","link":"http:\/\/vertienteglobal.com\/?p=264628","title":{"rendered":"\u00bfProhibir\u00e1n el uso de celulares en escuelas?"},"content":{"rendered":"\n<div class=\"twitterbutton\" style=\"float: right; padding-left: 5px;\"><a href=\"http:\/\/twitter.com\/share\" class=\"twitter-share-button\" data-count=\"horizontal\" data-text=\"\u00bfProhibir\u00e1n el uso de celulares en escuelas?\" data-via=\"https:\/\/twitter.com\/VertienteGloba1\" data-url=\"http:\/\/vertienteglobal.com\/?p=264628\" data-lang=\"es\" data-related=\"Informaci\u00f3n general:S\u00edguenos para que est\u00e9ss informado\"><\/a><\/div>\n<figure class=\"wp-block-image size-full\"><img loading=\"lazy\" decoding=\"async\" width=\"1024\" height=\"683\" src=\"http:\/\/vertienteglobal.com\/wp-content\/uploads\/2026\/09\/1001535813.webp\" alt=\"\" class=\"wp-image-264629\" srcset=\"http:\/\/vertienteglobal.com\/wp-content\/uploads\/2026\/09\/1001535813.webp 1024w, http:\/\/vertienteglobal.com\/wp-content\/uploads\/2026\/09\/1001535813-300x200.webp 300w, http:\/\/vertienteglobal.com\/wp-content\/uploads\/2026\/09\/1001535813-150x100.webp 150w, http:\/\/vertienteglobal.com\/wp-content\/uploads\/2026\/09\/1001535813-768x512.webp 768w\" sizes=\"auto, (max-width: 1024px) 100vw, 1024px\" \/><\/figure>\n\n\n\n<p>(Redacci\u00f3n)<\/p>\n\n\n\n<p>Seg\u00fan los resultados, cerca del 40 % de los docentes detecta que los alumnos llevan tel\u00e9fonos celulares a la escuela y un 24 % se\u00f1al\u00f3 la presencia de relojes inteligentes<\/p>\n\n\n\n<p>Ciudad de M\u00e9xico 31 de agosto 2026.-El Gobierno mexicano prepara nuevos lineamientos para regular el uso de tel\u00e9fonos celulares y otros dispositivos en las escuelas, despu\u00e9s de que el 81 % de m\u00e1s de 565.000 docentes consultados respaldara establecer reglas para garantizar un uso seguro y pedag\u00f3gico de la tecnolog\u00eda, inform\u00f3 este lunes el secretario de Educaci\u00f3n P\u00fablica, Mario Delgado.<\/p>\n\n\n\n<p>El anuncio coincidi\u00f3 con el regreso a las aulas de millones de estudiantes para el ciclo escolar 2026-2027, que moviliza a m\u00e1s de 1,6 millones de docentes en unas 250.000 escuelas del pa\u00eds.<\/p>\n\n\n\n<p>Delgado Carrillo, explic\u00f3 que la Secretar\u00eda de Educaci\u00f3n P\u00fablica (SEP) realiz\u00f3 la consulta durante el Consejo T\u00e9cnico Escolar Intensivo de la semana pasada, con la participaci\u00f3n de 565.396 maestros, para conocer c\u00f3mo est\u00e1n experimentando la presencia de dispositivos electr\u00f3nicos en las aulas.<\/p>\n\n\n\n<p>Seg\u00fan los resultados, cerca del 40 % de los docentes detecta que los alumnos llevan tel\u00e9fonos celulares a la escuela y un 24 % se\u00f1al\u00f3 la presencia de relojes inteligentes.<\/p>\n\n\n\n<p>El 48 % consider\u00f3 que los celulares dificultan mantener la atenci\u00f3n de los estudiantes, mientras que el 38 % afirm\u00f3 que interrumpen las actividades escolares y el 34 % advirti\u00f3 que los alumnos abandonan alguna forma de convivencia por permanecer pendientes de sus dispositivos.<\/p>\n\n\n\n<p>Adem\u00e1s, un 38,7 % de los profesores asegur\u00f3 haber detectado que los conflictos originados en las redes sociales terminan traslad\u00e1ndose a las aulas o las escuelas.<\/p>\n\n\n\n<p>Ante este panorama, el 51 % de los docentes propuso establecer protocolos para atender situaciones de riesgo y alcanzar acuerdos con madres y padres de familia sobre el acceso y uso de las tecnolog\u00edas.<\/p>\n\n\n\n<p>Explic\u00f3 que los resultados fueron presentados parcialmente el viernes ante las autoridades educativas de los estados y que durante esta semana continuar\u00e1n trabajando en una propuesta nacional.<\/p>\n\n\n\n<p>\u201cVamos a seguir revisando esta semana para ver qu\u00e9 lineamientos vamos a tener a partir de lo que dicen los maestros, de lo que dicen las autoridades educativas\u201d, afirm\u00f3.<\/p>\n\n\n\n<p>La regulaci\u00f3n de los celulares en las escuelas ha cobrado fuerza en distintos pa\u00edses ante las preocupaciones sobre sus efectos en la concentraci\u00f3n, el aprendizaje, la convivencia y la salud mental de ni\u00f1os y adolescentes.<\/p>\n\n\n\n<p>La Unesco ha recomendado que la tecnolog\u00eda se utilice en las aulas \u00fanicamente cuando contribuya al aprendizaje y ha advertido sobre los efectos negativos que puede tener su uso excesivo.<\/p>\n\n\n\n<p>En el nuevo ciclo escolar la SEP pondr\u00e1 en marcha el programa \u2018ABC de las emociones\u2019, con gu\u00edas para estudiantes, docentes y familias y una hora semanal dedicada a hablar sobre salud emocional en secundarias y preparatorias.<\/p>\n\n\n\n<p>En Ciudad de M\u00e9xico, la alcaldesa Clara Brugada inform\u00f3 del despliegue de 15.000 polic\u00edas para vigilar escuelas, cruces, calles y transporte durante el regreso a clases, adem\u00e1s de programas para renovar planteles y ampliar las aulas digitales. (Fuente:XEU)<\/p>\n","protected":false},"excerpt":{"rendered":"<p>(Redacci\u00f3n) Seg\u00fan los resultados, cerca del 40 % de los docentes detecta que los alumnos llevan tel\u00e9fonos celulares a la escuela y un 24 % se\u00f1al\u00f3 la presencia de relojes inteligentes Ciudad de M\u00e9xico 31 de agosto 2026.-El Gobierno mexicano prepara nuevos lineamientos para regular el uso de tel\u00e9fonos celulares y otros dispositivos en las [&hellip;]<\/p>\n","protected":false},"author":6,"featured_media":264629,"comment_status":"open","ping_status":"open","sticky":false,"template":"","format":"standard","meta":{"footnotes":""},"categories":[9,8],"tags":[],"class_list":["post-264628","post","type-post","status-publish","format-standard","has-post-thumbnail","hentry","category-educacion","category-pais","entry","has-media"],"jetpack_featured_media_url":"http:\/\/vertienteglobal.com\/wp-content\/uploads\/2026\/09\/1001535813.webp","_links":{"self":[{"href":"http:\/\/vertienteglobal.com\/index.php?rest_route=\/wp\/v2\/posts\/264628","targetHints":{"allow":["GET"]}}],"collection":[{"href":"http:\/\/vertienteglobal.com\/index.php?rest_route=\/wp\/v2\/posts"}],"about":[{"href":"http:\/\/vertienteglobal.com\/index.php?rest_route=\/wp\/v2\/types\/post"}],"author":[{"embeddable":true,"href":"http:\/\/vertienteglobal.com\/index.php?rest_route=\/wp\/v2\/users\/6"}],"replies":[{"embeddable":true,"href":"http:\/\/vertienteglobal.com\/index.php?rest_route=%2Fwp%2Fv2%2Fcomments&post=264628"}],"version-history":[{"count":1,"href":"http:\/\/vertienteglobal.com\/index.php?rest_route=\/wp\/v2\/posts\/264628\/revisions"}],"predecessor-version":[{"id":264630,"href":"http:\/\/vertienteglobal.com\/index.php?rest_route=\/wp\/v2\/posts\/264628\/revisions\/264630"}],"wp:featuredmedia":[{"embeddable":true,"href":"http:\/\/vertienteglobal.com\/index.php?rest_route=\/wp\/v2\/media\/264629"}],"wp:attachment":[{"href":"http:\/\/vertienteglobal.com\/index.php?rest_route=%2Fwp%2Fv2%2Fmedia&parent=264628"}],"wp:term":[{"taxonomy":"category","embeddable":true,"href":"http:\/\/vertienteglobal.com\/index.php?rest_route=%2Fwp%2Fv2%2Fcategories&post=264628"},{"taxonomy":"post_tag","embeddable":true,"href":"http:\/\/vertienteglobal.com\/index.php?rest_route=%2Fwp%2Fv2%2Ftags&post=264628"}],"curies":[{"name":"wp","href":"https:\/\/api.w.org\/{rel}","templated":true}]}}