{"id":264623,"date":"2026-08-31T14:39:00","date_gmt":"2026-08-31T19:39:00","guid":{"rendered":"http:\/\/vertienteglobal.com\/?p=264623"},"modified":"2026-09-01T06:39:34","modified_gmt":"2026-09-01T11:39:34","slug":"renacimiento-maya-acercara-atencion-especializada-a-los-106-municipios-con-centro-estatal-de-autismo-video","status":"publish","type":"post","link":"http:\/\/vertienteglobal.com\/?p=264623","title":{"rendered":"Renacimiento Maya acercar\u00e1 atenci\u00f3n especializada a los 106 municipios con Centro Estatal de Autismo (+V\u00eddeo)\u00a0"},"content":{"rendered":"\n<div class=\"twitterbutton\" style=\"float: right; padding-left: 5px;\"><a href=\"http:\/\/twitter.com\/share\" class=\"twitter-share-button\" data-count=\"horizontal\" data-text=\"Renacimiento Maya acercar\u00e1 atenci\u00f3n especializada a los 106 municipios con Cen...\" data-via=\"https:\/\/twitter.com\/VertienteGloba1\" data-url=\"http:\/\/vertienteglobal.com\/?p=264623\" data-lang=\"es\" data-related=\"Informaci\u00f3n general:S\u00edguenos para que est\u00e9ss informado\"><\/a><\/div>\n<figure class=\"wp-block-image size-full\"><img loading=\"lazy\" decoding=\"async\" width=\"2560\" height=\"1707\" src=\"http:\/\/vertienteglobal.com\/wp-content\/uploads\/2026\/09\/1001535807-scaled.jpg\" alt=\"\" class=\"wp-image-264624\" srcset=\"http:\/\/vertienteglobal.com\/wp-content\/uploads\/2026\/09\/1001535807-scaled.jpg 2560w, http:\/\/vertienteglobal.com\/wp-content\/uploads\/2026\/09\/1001535807-300x200.jpg 300w\" sizes=\"auto, (max-width: 2560px) 100vw, 2560px\" \/><\/figure>\n\n\n\n<p>(Redacci\u00f3n)<\/p>\n\n\n\n<p><em>El nuevo espacio acercar\u00e1 diagn\u00f3stico, terapias y acompa\u00f1amiento integral a personas autistas del estado, dando respuesta a una demanda de las familias y reduciendo las barreras para acceder a atenci\u00f3n especializada<\/em><\/p>\n\n\n\n<p>M\u00e9rida, Yucat\u00e1n, 31 de agosto 2026.-Con una inversi\u00f3n hist\u00f3rica de 90 millones de pesos, Yucat\u00e1n contar\u00e1 con el Centro Estatal para el Autismo (CEA), un espacio especializado que brindar\u00e1 diagn\u00f3stico, terapias y acompa\u00f1amiento integral a ni\u00f1as, ni\u00f1os, adolescentes y personas adultas autistas de los 106 municipios del estado.<br>\u00a0<br>Como parte de este compromiso, el Gobernador Joaqu\u00edn D\u00edaz Mena, acompa\u00f1ado de la\u00a0Presidenta Honoraria del DIF Yucat\u00e1n, Mtra. Wendy M\u00e9ndez Naal, coloc\u00f3 la primera piedra del Centro, que se construir\u00e1 en un predio de 10 mil metros cuadrados, frente al Hospital de Alta Especialidad Agust\u00edn O\u2019Hor\u00e1n, con el objetivo de consolidarse como un referente en el sureste del pa\u00eds.<br>\u00a0<br>\u201cEs una obra muy importante para Yucat\u00e1n, que beneficiar\u00e1 a ni\u00f1as, ni\u00f1os y adolescentes con autismo y a las familias en los 106 municipios del estado. Este centro nace de una convicci\u00f3n profunda: las personas autistas tienen derecho a la atenci\u00f3n, al desarrollo, a la inclusi\u00f3n, y es responsabilidad del gobierno y de la sociedad garantizar ese derecho\u201d, afirm\u00f3 el Gobernador.<br>\u00a0<br>D\u00edaz Mena explic\u00f3 que el Centro responde a las barreras que durante a\u00f1os han enfrentado las familias yucatecas para acceder a servicios especializados, por lo que su modelo de atenci\u00f3n se organizar\u00e1 en\u00a0seis\u00a0componentes: diagn\u00f3stico y evaluaci\u00f3n; intervenci\u00f3n terap\u00e9utica; atenci\u00f3n y acompa\u00f1amiento familiar; inclusi\u00f3n educativa; vida independiente e inclusi\u00f3n laboral, y capacitaci\u00f3n e investigaci\u00f3n.<br>\u00a0<br>El nuevo espacio contar\u00e1 con consultorios m\u00e9dicos, \u00e1reas de psicolog\u00eda, c\u00e1mara de Gesell, odontolog\u00eda, terapia de lenguaje conductual, comunicaci\u00f3n humana, terapia ocupacional, gimnasio sensorial, simulador de vivienda con sala, comedor, habitaci\u00f3n y cocina, talleres para oficios, salas de capacitaci\u00f3n y un huerto.<br>\u00a0<br>El Gobernador record\u00f3 que el DIF Yucat\u00e1n aport\u00f3 40 millones de pesos y el Gobierno del Estado otros 50 millones de pesos. Tambi\u00e9n se\u00f1al\u00f3 que se solicit\u00f3 apoyo de la Beneficencia P\u00fablica nacional y del sector empresarial, que se sumar\u00e1 con la donaci\u00f3n de equipamiento, por lo que agradeci\u00f3 a Fundaci\u00f3n Bepensa por su aportaci\u00f3n e hizo un llamado a m\u00e1s empresas para sumarse a este proyecto.<br>\u00a0<br>Durante el evento, D\u00edaz Mena agradeci\u00f3 a la\u00a0Presidenta Claudia Sheinbaum Pardo\u00a0por su respaldo permanente a Yucat\u00e1n y reconoci\u00f3 el trabajo del equipo del DIF Yucat\u00e1n para consolidar este Centro, que, se\u00f1al\u00f3, representa m\u00e1s que un edificio, pues busca cumplir a madres y padres de familia que durante a\u00f1os han buscado respuestas, diagn\u00f3sticos, terapias y acompa\u00f1amiento.<br>\u00a0<br>En su intervenci\u00f3n, la\u00a0Presidenta Honoraria del DIF Yucat\u00e1n, Mtra. Wendy M\u00e9ndez Naal, expuso que la colocaci\u00f3n de la primera piedra es resultado del trabajo realizado desde el primer d\u00eda de esta administraci\u00f3n para mejorar la atenci\u00f3n, ampliar los servicios y acompa\u00f1ar a las personas autistas en cada etapa de su vida.<br>\u00a0<br>\u201cEscuchar a la comunidad autista ha sido fundamental para entender qu\u00e9 necesitamos hacer mejor y para que este espacio responda verdaderamente a las necesidades actuales que nos demanda la sociedad. El Centro Estatal para el Autismo ser\u00e1 un lugar pensado para atender de manera integral a ni\u00f1as, ni\u00f1os, adolescentes y personas adultas autistas, porque las necesidades de una persona no terminan en la infancia. Una persona autista tiene los mismos derechos que todas y todos tenemos\u201d, destac\u00f3.<br>\u00a0<br>Por su parte, el\u00a0secretario de Salud y director general de los Servicios de Salud de Yucat\u00e1n (SSY), Miguel Alberto Alcocer Gamboa, inform\u00f3 que desde esa dependencia se asumi\u00f3 la rector\u00eda para orientar las pol\u00edticas de salud, coordinar a las instituciones y procurar que los servicios trabajen bajo criterios y rutas comunes.<br>\u00a0<br>A\u00f1adi\u00f3 que el Centro ser\u00e1 punto de enlace de una red estatal de atenci\u00f3n, con responsabilidades definidas y servicios articulados, creada con base en las necesidades expresadas por personas autistas, sus familias y organizaciones de la sociedad civil.<br>\u00a0<br>Participaron en este evento la directora general del DIF Yucat\u00e1n, Shirley Castillo S\u00e1nchez; la secretaria de Infraestructura para el Bienestar, Alaine L\u00f3pez Brice\u00f1o; el secretario de Educaci\u00f3n, Juan Balam Varguez; la secretaria t\u00e9cnica de la Comisi\u00f3n Intersecretarial para la Atenci\u00f3n y Protecci\u00f3n a Personas Autistas del Estado, Claire Yamina Carvajal Achach, as\u00ed como Yerick Eli\u00e1n Vargas S\u00e1nchez, Sa\u00fal Emanuel Camal Rodr\u00edguez y Andr\u00e9s Vera Saluce Morales.<br>\u00a0<br>Tambi\u00e9n asistieron la diputada presidenta de la Mesa Directiva del Congreso del Estado, Naomi Peniche L\u00f3pez; la diputada local Clara Rosales Montiel, y el director general del Instituto para el Desarrollo y Certificaci\u00f3n de la Infraestructura F\u00edsica Educativa y El\u00e9ctrica de Yucat\u00e1n, Gilberto Chan Padilla.<br>\u00a0<br><\/p>\n\n\n\n<figure class=\"wp-block-image size-full\"><img loading=\"lazy\" decoding=\"async\" width=\"2560\" height=\"1707\" src=\"http:\/\/vertienteglobal.com\/wp-content\/uploads\/2026\/09\/1001535808-scaled.jpg\" alt=\"\" class=\"wp-image-264625\" srcset=\"http:\/\/vertienteglobal.com\/wp-content\/uploads\/2026\/09\/1001535808-scaled.jpg 2560w, http:\/\/vertienteglobal.com\/wp-content\/uploads\/2026\/09\/1001535808-300x200.jpg 300w\" sizes=\"auto, (max-width: 2560px) 100vw, 2560px\" \/><\/figure>\n\n\n\n<figure class=\"wp-block-image size-full\"><img decoding=\"async\" src=\"http:\/\/vertienteglobal.com\/wp-content\/uploads\/2026\/09\/1001535809.jpg\" alt=\"\" class=\"wp-image-264626\"\/><\/figure>\n\n\n\n<figure class=\"wp-block-embed is-type-rich is-provider-x wp-block-embed-x\"><div class=\"wp-block-embed__wrapper\">\n<div class=\"oceanwp-oembed-wrap clr\"><div class=\"embed-x\"><blockquote class=\"twitter-tweet\" data-width=\"550\" data-dnt=\"true\"><p lang=\"es\" dir=\"ltr\">Renacimiento Maya acercar\u00e1 atenci\u00f3n especializada a los 106 municipios con Centro Estatal de Autismo<br><br>El nuevo espacio acercar\u00e1 diagn\u00f3stico, terapias y acompa\u00f1amiento integral a personas autistas del estado, dando respuesta a una demanda de las familias y reduciendo las barreras\u2026 <a href=\"https:\/\/t.co\/KFUyRqNFP7\">pic.twitter.com\/KFUyRqNFP7<\/a><\/p>&mdash; vertienteglobal.com (@VertienteGloba1) <a href=\"https:\/\/x.com\/VertienteGloba1\/status\/2094537367075926076?ref_src=twsrc%5Etfw\">August 31, 2026<\/a><\/blockquote><script async src=\"https:\/\/platform.x.com\/widgets.js\" charset=\"utf-8\"><\/script><\/div><\/div>\n<\/div><\/figure>\n","protected":false},"excerpt":{"rendered":"<p>(Redacci\u00f3n) El nuevo espacio acercar\u00e1 diagn\u00f3stico, terapias y acompa\u00f1amiento integral a personas autistas del estado, dando respuesta a una demanda de las familias y reduciendo las barreras para acceder a atenci\u00f3n especializada M\u00e9rida, Yucat\u00e1n, 31 de agosto 2026.-Con una inversi\u00f3n hist\u00f3rica de 90 millones de pesos, Yucat\u00e1n contar\u00e1 con el Centro Estatal para el Autismo [&hellip;]<\/p>\n","protected":false},"author":6,"featured_media":264624,"comment_status":"open","ping_status":"open","sticky":false,"template":"","format":"standard","meta":{"footnotes":""},"categories":[2],"tags":[],"class_list":["post-264623","post","type-post","status-publish","format-standard","has-post-thumbnail","hentry","category-yucatan","entry","has-media"],"jetpack_featured_media_url":"http:\/\/vertienteglobal.com\/wp-content\/uploads\/2026\/09\/1001535807-scaled.jpg","_links":{"self":[{"href":"http:\/\/vertienteglobal.com\/index.php?rest_route=\/wp\/v2\/posts\/264623","targetHints":{"allow":["GET"]}}],"collection":[{"href":"http:\/\/vertienteglobal.com\/index.php?rest_route=\/wp\/v2\/posts"}],"about":[{"href":"http:\/\/vertienteglobal.com\/index.php?rest_route=\/wp\/v2\/types\/post"}],"author":[{"embeddable":true,"href":"http:\/\/vertienteglobal.com\/index.php?rest_route=\/wp\/v2\/users\/6"}],"replies":[{"embeddable":true,"href":"http:\/\/vertienteglobal.com\/index.php?rest_route=%2Fwp%2Fv2%2Fcomments&post=264623"}],"version-history":[{"count":1,"href":"http:\/\/vertienteglobal.com\/index.php?rest_route=\/wp\/v2\/posts\/264623\/revisions"}],"predecessor-version":[{"id":264627,"href":"http:\/\/vertienteglobal.com\/index.php?rest_route=\/wp\/v2\/posts\/264623\/revisions\/264627"}],"wp:featuredmedia":[{"embeddable":true,"href":"http:\/\/vertienteglobal.com\/index.php?rest_route=\/wp\/v2\/media\/264624"}],"wp:attachment":[{"href":"http:\/\/vertienteglobal.com\/index.php?rest_route=%2Fwp%2Fv2%2Fmedia&parent=264623"}],"wp:term":[{"taxonomy":"category","embeddable":true,"href":"http:\/\/vertienteglobal.com\/index.php?rest_route=%2Fwp%2Fv2%2Fcategories&post=264623"},{"taxonomy":"post_tag","embeddable":true,"href":"http:\/\/vertienteglobal.com\/index.php?rest_route=%2Fwp%2Fv2%2Ftags&post=264623"}],"curies":[{"name":"wp","href":"https:\/\/api.w.org\/{rel}","templated":true}]}}