{"id":264617,"date":"2026-08-31T16:46:00","date_gmt":"2026-08-31T21:46:00","guid":{"rendered":"http:\/\/vertienteglobal.com\/?p=264617"},"modified":"2026-09-01T06:33:28","modified_gmt":"2026-09-01T11:33:28","slug":"apoyos-por-mas-de-11-2-mdp-benefician-a-700-productoras-y-productores-del-campo","status":"publish","type":"post","link":"http:\/\/vertienteglobal.com\/?p=264617","title":{"rendered":"Apoyos por m\u00e1s de 11.2 mdp benefician a 700 productoras y productores del campo"},"content":{"rendered":"\n<div class=\"twitterbutton\" style=\"float: right; padding-left: 5px;\"><a href=\"http:\/\/twitter.com\/share\" class=\"twitter-share-button\" data-count=\"horizontal\" data-text=\"Apoyos por m\u00e1s de 11.2 mdp benefician a 700 productoras y productores del campo\" data-via=\"https:\/\/twitter.com\/VertienteGloba1\" data-url=\"http:\/\/vertienteglobal.com\/?p=264617\" data-lang=\"es\" data-related=\"Informaci\u00f3n general:S\u00edguenos para que est\u00e9ss informado\"><\/a><\/div>\n<figure class=\"wp-block-image size-large\"><img loading=\"lazy\" decoding=\"async\" width=\"1024\" height=\"576\" src=\"http:\/\/vertienteglobal.com\/wp-content\/uploads\/2026\/09\/1001535785-1024x576.jpg\" alt=\"\" class=\"wp-image-264618\" srcset=\"http:\/\/vertienteglobal.com\/wp-content\/uploads\/2026\/09\/1001535785-1024x576.jpg 1024w, http:\/\/vertienteglobal.com\/wp-content\/uploads\/2026\/09\/1001535785-300x169.jpg 300w, http:\/\/vertienteglobal.com\/wp-content\/uploads\/2026\/09\/1001535785-150x84.jpg 150w, http:\/\/vertienteglobal.com\/wp-content\/uploads\/2026\/09\/1001535785-768x432.jpg 768w, http:\/\/vertienteglobal.com\/wp-content\/uploads\/2026\/09\/1001535785-1536x864.jpg 1536w, http:\/\/vertienteglobal.com\/wp-content\/uploads\/2026\/09\/1001535785-2048x1152.jpg 2048w\" sizes=\"auto, (max-width: 1024px) 100vw, 1024px\" \/><\/figure>\n\n\n\n<p>(Redacci\u00f3n)<\/p>\n\n\n\n<p><em>El Renacimiento Maya entreg\u00f3 apoyos a familias de seis municipios mediante programas orientados a aumentar la producci\u00f3n, reducir costos y mejorar sus condiciones de trabajo<\/em><\/p>\n\n\n\n<p>Tekax, Yucat\u00e1n, 31 de agosto 2026.-Para aumentar su producci\u00f3n, reducir costos y mejorar la econom\u00eda de sus hogares, 700 productoras y productores de seis municipios recibieron apoyos de los programas Herramientas e Insumos para el Bienestar, Producci\u00f3n de Traspatio para el Bienestar y Renacer Ganadero, por un total de 11.2 millones de pesos.<\/p>\n\n\n\n<p>El programa Herramientas e Insumos para el Bienestar benefici\u00f3 a 382 personas de seis municipios para mejorar sus actividades productivas. Mediante Producci\u00f3n de Traspatio para el Bienestar, 194 familias de Mama, Chumayel, Teabo y Tekax recibieron apoyo, mientras que, con Renacer Ganadero, se impulsar\u00e1 el rescate de 876 vientres bovinos en beneficio de 124 ganaderas y ganaderos de Tzucacab y Tekax.<\/p>\n\n\n\n<p>El titular de la Secretar\u00eda de Desarrollo Rural (Seder), Edgardo Medina Rodr\u00edguez, indic\u00f3 que estos apoyos se reflejan en los bolsillos de la gente, al permitirles contar con mejores herramientas para el bienestar de sus familias y comunidades.<\/p>\n\n\n\n<p>\u201cQueremos que ser campesino sea sin\u00f3nimo de riqueza; por eso hoy estamos haciendo las cosas diferentes, porque el Gobernador Joaqu\u00edn D\u00edaz Mena quiere que a ustedes les vaya bien\u201d, afirm\u00f3 Medina Rodr\u00edguez.<\/p>\n\n\n\n<p>Estos apoyos son resultado del trabajo coordinado entre el Gobierno del Estado y las productoras y productores, en una alianza que permite construir mejores condiciones de vida y oportunidades para quienes trabajan el campo en Yucat\u00e1n.<\/p>\n\n\n\n<p>En los diferentes actos de entrega participaron el subsecretario de Desarrollo Rural, Mart\u00edn Peniche Monforte; la directora de Apoyo a la Mujer Rural y Grupos Vulnerables de la Seder, Mayra Nah Dzul; el director del Fondo de Apoyo a la Productividad Agropecuaria del Estado de Yucat\u00e1n (Foproyuc) de la Seder, Walter Iuit Can, y el director de Agricultura de la Seder, Freddy Dom\u00ednguez Ak\u00e9.<\/p>\n\n\n\n<p>Tambi\u00e9n participaron el delegado de la Secretar\u00eda de Agricultura y Desarrollo Rural (Sader) federal en Yucat\u00e1n, Jorge Carlos Berl\u00edn Montero; las alcaldesas y los alcaldes de Chapab, Mama, Chumayel, Teabo, Tzucacab y Tekax, as\u00ed como las diputadas locales Ver\u00f3nica Interi\u00e1n Arg\u00fcello y Neyda Pat Dzul.<\/p>\n\n\n\n<figure class=\"wp-block-image size-large\"><img loading=\"lazy\" decoding=\"async\" width=\"1024\" height=\"576\" src=\"http:\/\/vertienteglobal.com\/wp-content\/uploads\/2026\/09\/1001535786-1024x576.jpg\" alt=\"\" class=\"wp-image-264619\" srcset=\"http:\/\/vertienteglobal.com\/wp-content\/uploads\/2026\/09\/1001535786-1024x576.jpg 1024w, http:\/\/vertienteglobal.com\/wp-content\/uploads\/2026\/09\/1001535786-300x169.jpg 300w, http:\/\/vertienteglobal.com\/wp-content\/uploads\/2026\/09\/1001535786-150x84.jpg 150w, http:\/\/vertienteglobal.com\/wp-content\/uploads\/2026\/09\/1001535786-768x432.jpg 768w, http:\/\/vertienteglobal.com\/wp-content\/uploads\/2026\/09\/1001535786-1536x864.jpg 1536w, http:\/\/vertienteglobal.com\/wp-content\/uploads\/2026\/09\/1001535786-2048x1152.jpg 2048w\" sizes=\"auto, (max-width: 1024px) 100vw, 1024px\" \/><\/figure>\n\n\n\n<figure class=\"wp-block-image size-large\"><img loading=\"lazy\" decoding=\"async\" width=\"1024\" height=\"576\" src=\"http:\/\/vertienteglobal.com\/wp-content\/uploads\/2026\/09\/1001535787-1024x576.jpg\" alt=\"\" class=\"wp-image-264621\" srcset=\"http:\/\/vertienteglobal.com\/wp-content\/uploads\/2026\/09\/1001535787-1024x576.jpg 1024w, http:\/\/vertienteglobal.com\/wp-content\/uploads\/2026\/09\/1001535787-300x169.jpg 300w, http:\/\/vertienteglobal.com\/wp-content\/uploads\/2026\/09\/1001535787-150x84.jpg 150w, http:\/\/vertienteglobal.com\/wp-content\/uploads\/2026\/09\/1001535787-768x432.jpg 768w, http:\/\/vertienteglobal.com\/wp-content\/uploads\/2026\/09\/1001535787-1536x864.jpg 1536w, http:\/\/vertienteglobal.com\/wp-content\/uploads\/2026\/09\/1001535787-2048x1152.jpg 2048w\" sizes=\"auto, (max-width: 1024px) 100vw, 1024px\" \/><\/figure>\n\n\n\n<figure class=\"wp-block-image size-large\"><img loading=\"lazy\" decoding=\"async\" width=\"1024\" height=\"585\" src=\"http:\/\/vertienteglobal.com\/wp-content\/uploads\/2026\/09\/1001535788-1024x585.jpg\" alt=\"\" class=\"wp-image-264620\" srcset=\"http:\/\/vertienteglobal.com\/wp-content\/uploads\/2026\/09\/1001535788-1024x585.jpg 1024w, http:\/\/vertienteglobal.com\/wp-content\/uploads\/2026\/09\/1001535788-300x171.jpg 300w, http:\/\/vertienteglobal.com\/wp-content\/uploads\/2026\/09\/1001535788-150x86.jpg 150w, http:\/\/vertienteglobal.com\/wp-content\/uploads\/2026\/09\/1001535788-768x439.jpg 768w, http:\/\/vertienteglobal.com\/wp-content\/uploads\/2026\/09\/1001535788-1536x878.jpg 1536w, http:\/\/vertienteglobal.com\/wp-content\/uploads\/2026\/09\/1001535788-2048x1170.jpg 2048w\" sizes=\"auto, (max-width: 1024px) 100vw, 1024px\" \/><\/figure>\n","protected":false},"excerpt":{"rendered":"<p>(Redacci\u00f3n) El Renacimiento Maya entreg\u00f3 apoyos a familias de seis municipios mediante programas orientados a aumentar la producci\u00f3n, reducir costos y mejorar sus condiciones de trabajo Tekax, Yucat\u00e1n, 31 de agosto 2026.-Para aumentar su producci\u00f3n, reducir costos y mejorar la econom\u00eda de sus hogares, 700 productoras y productores de seis municipios recibieron apoyos de los [&hellip;]<\/p>\n","protected":false},"author":6,"featured_media":264618,"comment_status":"open","ping_status":"open","sticky":false,"template":"","format":"standard","meta":{"footnotes":""},"categories":[2],"tags":[],"class_list":["post-264617","post","type-post","status-publish","format-standard","has-post-thumbnail","hentry","category-yucatan","entry","has-media"],"jetpack_featured_media_url":"http:\/\/vertienteglobal.com\/wp-content\/uploads\/2026\/09\/1001535785.jpg","_links":{"self":[{"href":"http:\/\/vertienteglobal.com\/index.php?rest_route=\/wp\/v2\/posts\/264617","targetHints":{"allow":["GET"]}}],"collection":[{"href":"http:\/\/vertienteglobal.com\/index.php?rest_route=\/wp\/v2\/posts"}],"about":[{"href":"http:\/\/vertienteglobal.com\/index.php?rest_route=\/wp\/v2\/types\/post"}],"author":[{"embeddable":true,"href":"http:\/\/vertienteglobal.com\/index.php?rest_route=\/wp\/v2\/users\/6"}],"replies":[{"embeddable":true,"href":"http:\/\/vertienteglobal.com\/index.php?rest_route=%2Fwp%2Fv2%2Fcomments&post=264617"}],"version-history":[{"count":1,"href":"http:\/\/vertienteglobal.com\/index.php?rest_route=\/wp\/v2\/posts\/264617\/revisions"}],"predecessor-version":[{"id":264622,"href":"http:\/\/vertienteglobal.com\/index.php?rest_route=\/wp\/v2\/posts\/264617\/revisions\/264622"}],"wp:featuredmedia":[{"embeddable":true,"href":"http:\/\/vertienteglobal.com\/index.php?rest_route=\/wp\/v2\/media\/264618"}],"wp:attachment":[{"href":"http:\/\/vertienteglobal.com\/index.php?rest_route=%2Fwp%2Fv2%2Fmedia&parent=264617"}],"wp:term":[{"taxonomy":"category","embeddable":true,"href":"http:\/\/vertienteglobal.com\/index.php?rest_route=%2Fwp%2Fv2%2Fcategories&post=264617"},{"taxonomy":"post_tag","embeddable":true,"href":"http:\/\/vertienteglobal.com\/index.php?rest_route=%2Fwp%2Fv2%2Ftags&post=264617"}],"curies":[{"name":"wp","href":"https:\/\/api.w.org\/{rel}","templated":true}]}}