{"id":264610,"date":"2026-08-31T15:30:00","date_gmt":"2026-08-31T20:30:00","guid":{"rendered":"http:\/\/vertienteglobal.com\/?p=264610"},"modified":"2026-09-01T06:27:18","modified_gmt":"2026-09-01T11:27:18","slug":"encabeza-mara-lezama-entrega-de-apoyos-a-estudiantes-del-programa-de-becas-para-mujeres-en-educacion-superior-video","status":"publish","type":"post","link":"http:\/\/vertienteglobal.com\/?p=264610","title":{"rendered":"Encabeza Mara Lezama entrega de apoyos a estudiantes del Programa de Becas para Mujeres en Educaci\u00f3n Superior (+V\u00eddeo)"},"content":{"rendered":"\n<div class=\"twitterbutton\" style=\"float: right; padding-left: 5px;\"><a href=\"http:\/\/twitter.com\/share\" class=\"twitter-share-button\" data-count=\"horizontal\" data-text=\"Encabeza Mara Lezama entrega de apoyos a estudiantes del Programa de Becas para ...\" data-via=\"https:\/\/twitter.com\/VertienteGloba1\" data-url=\"http:\/\/vertienteglobal.com\/?p=264610\" data-lang=\"es\" data-related=\"Informaci\u00f3n general:S\u00edguenos para que est\u00e9ss informado\"><\/a><\/div>\n<figure class=\"wp-block-image size-large\"><img loading=\"lazy\" decoding=\"async\" width=\"1024\" height=\"654\" src=\"http:\/\/vertienteglobal.com\/wp-content\/uploads\/2026\/09\/1001535749-1024x654.jpg\" alt=\"\" class=\"wp-image-264611\" srcset=\"http:\/\/vertienteglobal.com\/wp-content\/uploads\/2026\/09\/1001535749-1024x654.jpg 1024w, http:\/\/vertienteglobal.com\/wp-content\/uploads\/2026\/09\/1001535749-300x192.jpg 300w, http:\/\/vertienteglobal.com\/wp-content\/uploads\/2026\/09\/1001535749-150x96.jpg 150w, http:\/\/vertienteglobal.com\/wp-content\/uploads\/2026\/09\/1001535749-768x491.jpg 768w, http:\/\/vertienteglobal.com\/wp-content\/uploads\/2026\/09\/1001535749.jpg 1280w\" sizes=\"auto, (max-width: 1024px) 100vw, 1024px\" \/><\/figure>\n\n\n\n<p>(Redacci\u00f3n)<\/p>\n\n\n\n<p>La beca representa un est\u00edmulo concreto para que las mujeres permanezcan y concluyan sus estudios, fortaleciendo la igualdad de oportunidades, el bienestar y su desarrollo profesional<\/p>\n\n\n\n<p>Chetumal, Quintana Roo, a 31 de agosto de 2026.- Para que m\u00e1s mujeres quintanarroenses tengan la oportunidad de continuar y concluir sus estudios, la gobernadora Mara Lezama Espinosa encabez\u00f3 la entrega de apoyos a estudiantes beneficiarias del Programa de Becas para Mujeres en Educaci\u00f3n Superior, durante un evento realizado en el Teatro Constituyentes del 74.<\/p>\n\n\n\n<p>El programa contempla 3 mil 660 beneficiarias, de las cuales 3 mil 616 estudian el nivel de T\u00e9cnico Superior Universitario o Licenciatura, en tanto de 44 se preparan en Posgrado. De este total, 2 mil 733 beneficiarias son renovantes y 927 son de nuevo ingreso al programa.<\/p>\n\n\n\n<p>Durante el evento, Mara Lezama anunci\u00f3 que la dispersi\u00f3n de la beca se har\u00e1 este lunes y corresponde a 6 meses de 1,500 pesos, lo que hace un total de 9 mil pesos por beneficiaria.<\/p>\n\n\n\n<p>Frida Isabella Lozano Carvajal, estudiante del 5\u00ba Semestre de la licenciatura en Ense\u00f1anza y Aprendizaje en la Telesecundaria del Centro de Actualizaci\u00f3n del Magisterio, expres\u00f3 que m\u00e1s que un apoyo econ\u00f3mico, la beca significa una oportunidad, motivaci\u00f3n y tranquilidad para continuar estudiando.<\/p>\n\n\n\n<p>La secretaria de Educaci\u00f3n, Elda Xix Eu\u00e1n, record\u00f3 que el programa inici\u00f3 en septiembre de 2023 y, a junio de 2026, ha beneficiado a 17 mil 354 mujeres, con inversiones provenientes en su totalidad de recursos estatales.<\/p>\n\n\n\n<p>\u201cHoy nos re\u00fane una convicci\u00f3n fundamental, la educaci\u00f3n debe abrir caminos y generar oportunidades reales para construir y mejor proyecto de vida. Y este programa busca acompa\u00f1ar a quienes han decidido continuar su formaci\u00f3n profesional y contribuir a que las condiciones econ\u00f3micas, familiares o sociales no se conviertan en un obst\u00e1culo para concluir sus estudios\u201d, se\u00f1al\u00f3 la Secretaria.<\/p>\n\n\n\n<p>Durante el mensaje dirigido a las becarias, la gobernadora Mara Lezama puntualiz\u00f3 que este es un gobierno diferente, honesto, encabezado por una mujer despu\u00e9s de muchos a\u00f1os, que impulsa pol\u00edticas p\u00fablicas con perspectiva de g\u00e9nero, para que las mujeres extiendan sus alas, que tengan todas las oportunidades para salir adelante y sean lo que quieran ser.<\/p>\n\n\n\n<p>Adem\u00e1s de la Secretaria de Educaci\u00f3n, tambi\u00e9n estuvo en el pres\u00eddium la beneficiaria Mirley Naomi Ara Alfaro, alumna de la Universidad Aut\u00f3noma de Quintana Roo (UQROO).<\/p>\n\n\n\n<figure class=\"wp-block-image size-large\"><img loading=\"lazy\" decoding=\"async\" width=\"1024\" height=\"608\" src=\"http:\/\/vertienteglobal.com\/wp-content\/uploads\/2026\/09\/1001535750-1024x608.jpg\" alt=\"\" class=\"wp-image-264612\" srcset=\"http:\/\/vertienteglobal.com\/wp-content\/uploads\/2026\/09\/1001535750-1024x608.jpg 1024w, http:\/\/vertienteglobal.com\/wp-content\/uploads\/2026\/09\/1001535750-300x178.jpg 300w, http:\/\/vertienteglobal.com\/wp-content\/uploads\/2026\/09\/1001535750-150x89.jpg 150w, http:\/\/vertienteglobal.com\/wp-content\/uploads\/2026\/09\/1001535750-768x456.jpg 768w, http:\/\/vertienteglobal.com\/wp-content\/uploads\/2026\/09\/1001535750.jpg 1280w\" sizes=\"auto, (max-width: 1024px) 100vw, 1024px\" \/><\/figure>\n\n\n\n<figure class=\"wp-block-image size-large\"><img loading=\"lazy\" decoding=\"async\" width=\"1024\" height=\"683\" src=\"http:\/\/vertienteglobal.com\/wp-content\/uploads\/2026\/09\/1001535751-1024x683.jpg\" alt=\"\" class=\"wp-image-264613\" srcset=\"http:\/\/vertienteglobal.com\/wp-content\/uploads\/2026\/09\/1001535751-1024x683.jpg 1024w, http:\/\/vertienteglobal.com\/wp-content\/uploads\/2026\/09\/1001535751-300x200.jpg 300w, http:\/\/vertienteglobal.com\/wp-content\/uploads\/2026\/09\/1001535751-150x100.jpg 150w, http:\/\/vertienteglobal.com\/wp-content\/uploads\/2026\/09\/1001535751-768x512.jpg 768w, http:\/\/vertienteglobal.com\/wp-content\/uploads\/2026\/09\/1001535751.jpg 1280w\" sizes=\"auto, (max-width: 1024px) 100vw, 1024px\" \/><\/figure>\n\n\n\n<figure class=\"wp-block-image size-large\"><img loading=\"lazy\" decoding=\"async\" width=\"1024\" height=\"683\" src=\"http:\/\/vertienteglobal.com\/wp-content\/uploads\/2026\/09\/1001535752-1024x683.jpg\" alt=\"\" class=\"wp-image-264614\" srcset=\"http:\/\/vertienteglobal.com\/wp-content\/uploads\/2026\/09\/1001535752-1024x683.jpg 1024w, http:\/\/vertienteglobal.com\/wp-content\/uploads\/2026\/09\/1001535752-300x200.jpg 300w, http:\/\/vertienteglobal.com\/wp-content\/uploads\/2026\/09\/1001535752-150x100.jpg 150w, http:\/\/vertienteglobal.com\/wp-content\/uploads\/2026\/09\/1001535752-768x512.jpg 768w, http:\/\/vertienteglobal.com\/wp-content\/uploads\/2026\/09\/1001535752.jpg 1280w\" sizes=\"auto, (max-width: 1024px) 100vw, 1024px\" \/><\/figure>\n\n\n\n<figure class=\"wp-block-image size-large\"><img loading=\"lazy\" decoding=\"async\" width=\"1024\" height=\"683\" src=\"http:\/\/vertienteglobal.com\/wp-content\/uploads\/2026\/09\/1001535753-1024x683.jpg\" alt=\"\" class=\"wp-image-264615\" srcset=\"http:\/\/vertienteglobal.com\/wp-content\/uploads\/2026\/09\/1001535753-1024x683.jpg 1024w, http:\/\/vertienteglobal.com\/wp-content\/uploads\/2026\/09\/1001535753-300x200.jpg 300w, http:\/\/vertienteglobal.com\/wp-content\/uploads\/2026\/09\/1001535753-150x100.jpg 150w, http:\/\/vertienteglobal.com\/wp-content\/uploads\/2026\/09\/1001535753-768x512.jpg 768w, http:\/\/vertienteglobal.com\/wp-content\/uploads\/2026\/09\/1001535753.jpg 1280w\" sizes=\"auto, (max-width: 1024px) 100vw, 1024px\" \/><\/figure>\n\n\n\n<figure class=\"wp-block-embed is-type-video is-provider-youtube wp-block-embed-youtube wp-embed-aspect-16-9 wp-has-aspect-ratio\"><div class=\"wp-block-embed__wrapper\">\n<div class=\"oceanwp-oembed-wrap clr\"><iframe loading=\"lazy\" title=\"Encabeza Mara Lezama entrega de apoyos a estudiantes del Programa de Becas para Mujeres\" width=\"1200\" height=\"675\" src=\"https:\/\/www.youtube.com\/embed\/deGG4btovvQ?feature=oembed\" frameborder=\"0\" allow=\"accelerometer; autoplay; clipboard-write; encrypted-media; gyroscope; picture-in-picture; web-share\" referrerpolicy=\"strict-origin-when-cross-origin\" allowfullscreen><\/iframe><\/div>\n<\/div><\/figure>\n","protected":false},"excerpt":{"rendered":"<p>(Redacci\u00f3n) La beca representa un est\u00edmulo concreto para que las mujeres permanezcan y concluyan sus estudios, fortaleciendo la igualdad de oportunidades, el bienestar y su desarrollo profesional Chetumal, Quintana Roo, a 31 de agosto de 2026.- Para que m\u00e1s mujeres quintanarroenses tengan la oportunidad de continuar y concluir sus estudios, la gobernadora Mara Lezama Espinosa [&hellip;]<\/p>\n","protected":false},"author":6,"featured_media":264611,"comment_status":"open","ping_status":"open","sticky":false,"template":"","format":"standard","meta":{"footnotes":""},"categories":[3],"tags":[],"class_list":["post-264610","post","type-post","status-publish","format-standard","has-post-thumbnail","hentry","category-quintana-roo","entry","has-media"],"jetpack_featured_media_url":"http:\/\/vertienteglobal.com\/wp-content\/uploads\/2026\/09\/1001535749.jpg","_links":{"self":[{"href":"http:\/\/vertienteglobal.com\/index.php?rest_route=\/wp\/v2\/posts\/264610","targetHints":{"allow":["GET"]}}],"collection":[{"href":"http:\/\/vertienteglobal.com\/index.php?rest_route=\/wp\/v2\/posts"}],"about":[{"href":"http:\/\/vertienteglobal.com\/index.php?rest_route=\/wp\/v2\/types\/post"}],"author":[{"embeddable":true,"href":"http:\/\/vertienteglobal.com\/index.php?rest_route=\/wp\/v2\/users\/6"}],"replies":[{"embeddable":true,"href":"http:\/\/vertienteglobal.com\/index.php?rest_route=%2Fwp%2Fv2%2Fcomments&post=264610"}],"version-history":[{"count":1,"href":"http:\/\/vertienteglobal.com\/index.php?rest_route=\/wp\/v2\/posts\/264610\/revisions"}],"predecessor-version":[{"id":264616,"href":"http:\/\/vertienteglobal.com\/index.php?rest_route=\/wp\/v2\/posts\/264610\/revisions\/264616"}],"wp:featuredmedia":[{"embeddable":true,"href":"http:\/\/vertienteglobal.com\/index.php?rest_route=\/wp\/v2\/media\/264611"}],"wp:attachment":[{"href":"http:\/\/vertienteglobal.com\/index.php?rest_route=%2Fwp%2Fv2%2Fmedia&parent=264610"}],"wp:term":[{"taxonomy":"category","embeddable":true,"href":"http:\/\/vertienteglobal.com\/index.php?rest_route=%2Fwp%2Fv2%2Fcategories&post=264610"},{"taxonomy":"post_tag","embeddable":true,"href":"http:\/\/vertienteglobal.com\/index.php?rest_route=%2Fwp%2Fv2%2Ftags&post=264610"}],"curies":[{"name":"wp","href":"https:\/\/api.w.org\/{rel}","templated":true}]}}