{"id":264589,"date":"2026-08-31T18:22:00","date_gmt":"2026-08-31T23:22:00","guid":{"rendered":"http:\/\/vertienteglobal.com\/?p=264589"},"modified":"2026-08-31T22:54:50","modified_gmt":"2026-09-01T03:54:50","slug":"diputados-eligen-a-raul-bolanos-cacho-como-presidente-de-la-mesa-directiva-video","status":"publish","type":"post","link":"http:\/\/vertienteglobal.com\/?p=264589","title":{"rendered":"Diputados eligen a Ra\u00fal Bola\u00f1os-Cacho como presidente de la Mesa Directiva (+V\u00eddeo)"},"content":{"rendered":"\n<div class=\"twitterbutton\" style=\"float: right; padding-left: 5px;\"><a href=\"http:\/\/twitter.com\/share\" class=\"twitter-share-button\" data-count=\"horizontal\" data-text=\"Diputados eligen a Ra\u00fal Bola\u00f1os-Cacho como presidente de la Mesa Directiva (+V...\" data-via=\"https:\/\/twitter.com\/VertienteGloba1\" data-url=\"http:\/\/vertienteglobal.com\/?p=264589\" data-lang=\"es\" data-related=\"Informaci\u00f3n general:S\u00edguenos para que est\u00e9ss informado\"><\/a><\/div>\n<figure class=\"wp-block-image size-full\"><img loading=\"lazy\" decoding=\"async\" width=\"1024\" height=\"683\" src=\"http:\/\/vertienteglobal.com\/wp-content\/uploads\/2026\/08\/1001535411.webp\" alt=\"\" class=\"wp-image-264590\" srcset=\"http:\/\/vertienteglobal.com\/wp-content\/uploads\/2026\/08\/1001535411.webp 1024w, http:\/\/vertienteglobal.com\/wp-content\/uploads\/2026\/08\/1001535411-300x200.webp 300w, http:\/\/vertienteglobal.com\/wp-content\/uploads\/2026\/08\/1001535411-150x100.webp 150w, http:\/\/vertienteglobal.com\/wp-content\/uploads\/2026\/08\/1001535411-768x512.webp 768w\" sizes=\"auto, (max-width: 1024px) 100vw, 1024px\" \/><\/figure>\n\n\n\n<p>(Redacci\u00f3n)<\/p>\n\n\n\n<p>La designaci\u00f3n fue avalada con 432 votos a favor, uno en contra y 10 abstenciones, durante la sesi\u00f3n celebrada en el Palacio de San L\u00e1zaro<\/p>\n\n\n\n<p>Ciudad de M\u00e9xico 31 de agosto de 2026.-La C\u00e1mara de Diputados eligi\u00f3 por mayor\u00eda calificada a Ra\u00fal Bola\u00f1os-Cacho Cu\u00e9, del Partido Verde Ecologista de M\u00e9xico (PVEM), como presidente de la Mesa Directiva para el tercer y \u00faltimo a\u00f1o de la 66 Legislatura.<\/p>\n\n\n\n<p>Y es que la designaci\u00f3n fue avalada con 432 votos a favor, uno en contra y 10 abstenciones, durante la sesi\u00f3n celebrada en el Palacio de San L\u00e1zaro.<\/p>\n\n\n\n<p>Junto con Bola\u00f1os-Cacho, tambi\u00e9n fueron designados los integrantes de la vicepresidencia de la Mesa Directiva: Sergio Guti\u00e9rrez Luna, de Morena; Annia Sarah\u00ed G\u00f3mez, del Partido Acci\u00f3n Nacional (PAN), y Nayeli Fern\u00e1ndez, del PVEM.<\/p>\n\n\n\n<p>Con esta elecci\u00f3n, la nueva Mesa Directiva asumir\u00e1 la conducci\u00f3n de los trabajos legislativos durante el \u00faltimo a\u00f1o de la actual Legislatura. (Fuente:Milenio\/XEVA)<\/p>\n\n\n\n<figure class=\"wp-block-embed is-type-rich is-provider-x wp-block-embed-x\"><div class=\"wp-block-embed__wrapper\">\n<div class=\"oceanwp-oembed-wrap clr\"><div class=\"embed-x\"><blockquote class=\"twitter-tweet\" data-width=\"550\" data-dnt=\"true\"><p lang=\"es\" dir=\"ltr\">\ud83d\udd14Escuchen este fragmento del discurso de  <a href=\"https:\/\/x.com\/RaulBCCue?ref_src=twsrc%5Etfw\">@RaulBCCue<\/a> al asumir la presidencia de la C\u00e1mara de Diputados, donde promete respetar  a todos los grupos parlamentarios: <br><br>  \u201cEsta C\u00e1mara no le pertenece a una mayor\u00eda ni a una minor\u00eda; le pertenece a todos\u201d <br><br>Asegur\u00f3 que respetar\u00e1 a\u2026 <a href=\"https:\/\/t.co\/dbEdisZ4DX\">pic.twitter.com\/dbEdisZ4DX<\/a><\/p>&mdash; Laura Brug\u00e9s (@LauraBruges) <a href=\"https:\/\/x.com\/LauraBruges\/status\/2094577662731915427?ref_src=twsrc%5Etfw\">September 1, 2026<\/a><\/blockquote><script async src=\"https:\/\/platform.x.com\/widgets.js\" charset=\"utf-8\"><\/script><\/div><\/div>\n<\/div><\/figure>\n","protected":false},"excerpt":{"rendered":"<p>(Redacci\u00f3n) La designaci\u00f3n fue avalada con 432 votos a favor, uno en contra y 10 abstenciones, durante la sesi\u00f3n celebrada en el Palacio de San L\u00e1zaro Ciudad de M\u00e9xico 31 de agosto de 2026.-La C\u00e1mara de Diputados eligi\u00f3 por mayor\u00eda calificada a Ra\u00fal Bola\u00f1os-Cacho Cu\u00e9, del Partido Verde Ecologista de M\u00e9xico (PVEM), como presidente de [&hellip;]<\/p>\n","protected":false},"author":6,"featured_media":264590,"comment_status":"open","ping_status":"open","sticky":false,"template":"","format":"standard","meta":{"footnotes":""},"categories":[8],"tags":[],"class_list":["post-264589","post","type-post","status-publish","format-standard","has-post-thumbnail","hentry","category-pais","entry","has-media"],"jetpack_featured_media_url":"http:\/\/vertienteglobal.com\/wp-content\/uploads\/2026\/08\/1001535411.webp","_links":{"self":[{"href":"http:\/\/vertienteglobal.com\/index.php?rest_route=\/wp\/v2\/posts\/264589","targetHints":{"allow":["GET"]}}],"collection":[{"href":"http:\/\/vertienteglobal.com\/index.php?rest_route=\/wp\/v2\/posts"}],"about":[{"href":"http:\/\/vertienteglobal.com\/index.php?rest_route=\/wp\/v2\/types\/post"}],"author":[{"embeddable":true,"href":"http:\/\/vertienteglobal.com\/index.php?rest_route=\/wp\/v2\/users\/6"}],"replies":[{"embeddable":true,"href":"http:\/\/vertienteglobal.com\/index.php?rest_route=%2Fwp%2Fv2%2Fcomments&post=264589"}],"version-history":[{"count":1,"href":"http:\/\/vertienteglobal.com\/index.php?rest_route=\/wp\/v2\/posts\/264589\/revisions"}],"predecessor-version":[{"id":264591,"href":"http:\/\/vertienteglobal.com\/index.php?rest_route=\/wp\/v2\/posts\/264589\/revisions\/264591"}],"wp:featuredmedia":[{"embeddable":true,"href":"http:\/\/vertienteglobal.com\/index.php?rest_route=\/wp\/v2\/media\/264590"}],"wp:attachment":[{"href":"http:\/\/vertienteglobal.com\/index.php?rest_route=%2Fwp%2Fv2%2Fmedia&parent=264589"}],"wp:term":[{"taxonomy":"category","embeddable":true,"href":"http:\/\/vertienteglobal.com\/index.php?rest_route=%2Fwp%2Fv2%2Fcategories&post=264589"},{"taxonomy":"post_tag","embeddable":true,"href":"http:\/\/vertienteglobal.com\/index.php?rest_route=%2Fwp%2Fv2%2Ftags&post=264589"}],"curies":[{"name":"wp","href":"https:\/\/api.w.org\/{rel}","templated":true}]}}