{"id":264560,"date":"2026-08-31T14:09:00","date_gmt":"2026-08-31T19:09:00","guid":{"rendered":"http:\/\/vertienteglobal.com\/?p=264560"},"modified":"2026-08-31T15:33:39","modified_gmt":"2026-08-31T20:33:39","slug":"inaugura-mara-lezama-viviendas-para-familias-de-la-guardia-nacional-en-chetumal-junto-con-coordinador-estatal-sergio-lopez","status":"publish","type":"post","link":"http:\/\/vertienteglobal.com\/?p=264560","title":{"rendered":"Inaugura Mara Lezama viviendas para familias de la Guardia Nacional en Chetumal, junto con coordinador estatal Sergio L\u00f3pez"},"content":{"rendered":"\n<div class=\"twitterbutton\" style=\"float: right; padding-left: 5px;\"><a href=\"http:\/\/twitter.com\/share\" class=\"twitter-share-button\" data-count=\"horizontal\" data-text=\"Inaugura Mara Lezama viviendas para familias de la Guardia Nacional en Chetumal,...\" data-via=\"https:\/\/twitter.com\/VertienteGloba1\" data-url=\"http:\/\/vertienteglobal.com\/?p=264560\" data-lang=\"es\" data-related=\"Informaci\u00f3n general:S\u00edguenos para que est\u00e9ss informado\"><\/a><\/div>\n<figure class=\"wp-block-image size-large\"><img loading=\"lazy\" decoding=\"async\" width=\"1024\" height=\"445\" src=\"http:\/\/vertienteglobal.com\/wp-content\/uploads\/2026\/08\/1001534472-1024x445.jpg\" alt=\"\" class=\"wp-image-264561\" srcset=\"http:\/\/vertienteglobal.com\/wp-content\/uploads\/2026\/08\/1001534472-1024x445.jpg 1024w, http:\/\/vertienteglobal.com\/wp-content\/uploads\/2026\/08\/1001534472-300x130.jpg 300w, http:\/\/vertienteglobal.com\/wp-content\/uploads\/2026\/08\/1001534472-150x65.jpg 150w, http:\/\/vertienteglobal.com\/wp-content\/uploads\/2026\/08\/1001534472-768x334.jpg 768w, http:\/\/vertienteglobal.com\/wp-content\/uploads\/2026\/08\/1001534472.jpg 1280w\" sizes=\"auto, (max-width: 1024px) 100vw, 1024px\" \/><\/figure>\n\n\n\n<p>(Redacci\u00f3n)<\/p>\n\n\n\n<p>El nuevo complejo habitacional ofrece espacios dignos para 61 familias de elementos que participan en tareas de seguridad y atenci\u00f3n durante fen\u00f3menos hidrometeorol\u00f3gicos y proyectos estrat\u00e9gicos<\/p>\n\n\n\n<p>Chetumal, Quintana Roo, a 31 de agosto de 2026.- Con la develaci\u00f3n de la placa conmemorativa y la entrega de llaves, la gobernadora Mara Lezama Espinosa y el General Brigadier EM Sergio L\u00f3pez Acosta, coordinador estatal de la Guardia Nacional en Quintana Roo, inauguraron la Unidad Habitacional Militar de la Guardia Nacional \u201cChetumal\u201d, en esta ciudad.<\/p>\n\n\n\n<p>El hecho fue comunicado al personal de la Coordinaci\u00f3n a trav\u00e9s de la Orden Extraordinaria, a cargo del Mayor Guardia Nacional Sa\u00fal Hern\u00e1ndez Alvarado, durante la ceremonia de inauguraci\u00f3n de la Unidad Habitacional.<\/p>\n\n\n\n<p>El General Brigadier EM Sergio L\u00f3pez Acosta explic\u00f3 que esta Unidad Habitacional representa un hogar para las familias del personal, resultado del respaldo de la Presidenta Claudia Sheinbaum, quien ha consolidado espacios dignos para quienes velan por la seguridad de las y los quintanarroenses.<\/p>\n\n\n\n<p>Est\u00e1 conformado por 60 departamentos y una casa. Cuenta con espacios para el esparcimiento infantil, deportivos, \u00e1reas para la convivencia social y una mejor estancia de las 61 familias.<\/p>\n\n\n\n<p>Asimismo, el coordinador estatal de la Guardia Nacional explic\u00f3 que el complejo habitacional fue construido con visi\u00f3n de coadyuvar en el cuidado del medio ambiente, por lo que se instalaron una planta tratadora de aguas residuales, alumbrado autom\u00e1tico que reducir\u00e1 el consumo innecesario de energ\u00eda el\u00e9ctrica, alberca con tina de hidromasaje, dos palapas, dos asaderos.<\/p>\n\n\n\n<p>La gobernadora Mara Lezama destac\u00f3 que esta unidad habitacional, esta inversi\u00f3n federal, se traduce en tener cerca a las familias de los elementos, de los seres humanos, que ayudan a las y los quintanarroenses en las \u00e1reas de seguridad, durante los fen\u00f3menos hidrometeorol\u00f3gicos, en obras como el Tren Maya, los aeropuertos.<\/p>\n\n\n\n<p>\u201cEs una obra para las familias, que sea un remanso de paz, el lugar en donde crezcan los hijos, donde se regrese a casa con la satisfacci\u00f3n del deber cumplido. Esta entrega de viviendas es un reconocimiento al trabajo de cada uno de ellas y ellos\u201d, cit\u00f3 la Gobernadora.<\/p>\n\n\n\n<p>Atestiguaron esta inauguraci\u00f3n el Vicealmirante del CG DEM Jos\u00e9 Gerardo Valc\u00e1rcel del Barrio, comandante de la XI Zona Naval en Chetumal; el Fiscal General del Estado, Raciel L\u00f3pez Salazar; el diputado Saulo Aguilar Bern\u00e9s, en representaci\u00f3n de la XVIII Legislatura; la secretaria de Gobierno, Cristina Torres G\u00f3mez; el secretario de Seguridad Ciudadana, Julio C\u00e9sar G\u00f3mez Torres; el Coronel Guardia Nacional EM Abelardo S\u00e1nchez Olivares, coordinador general interino de Seguridad de Empresas del Sector DEFENSA, y la magistrada Ana Mercedes Castillo Carvajal, en representaci\u00f3n del Tribunal Superior de Justicia.<\/p>\n\n\n\n<figure class=\"wp-block-image size-large\"><img loading=\"lazy\" decoding=\"async\" width=\"1024\" height=\"683\" src=\"http:\/\/vertienteglobal.com\/wp-content\/uploads\/2026\/08\/1001534473-1024x683.jpg\" alt=\"\" class=\"wp-image-264562\" srcset=\"http:\/\/vertienteglobal.com\/wp-content\/uploads\/2026\/08\/1001534473-1024x683.jpg 1024w, http:\/\/vertienteglobal.com\/wp-content\/uploads\/2026\/08\/1001534473-300x200.jpg 300w, http:\/\/vertienteglobal.com\/wp-content\/uploads\/2026\/08\/1001534473-150x100.jpg 150w, http:\/\/vertienteglobal.com\/wp-content\/uploads\/2026\/08\/1001534473-768x512.jpg 768w, http:\/\/vertienteglobal.com\/wp-content\/uploads\/2026\/08\/1001534473.jpg 1280w\" sizes=\"auto, (max-width: 1024px) 100vw, 1024px\" \/><\/figure>\n\n\n\n<figure class=\"wp-block-image size-large\"><img loading=\"lazy\" decoding=\"async\" width=\"1024\" height=\"683\" src=\"http:\/\/vertienteglobal.com\/wp-content\/uploads\/2026\/08\/1001534474-1024x683.jpg\" alt=\"\" class=\"wp-image-264563\" srcset=\"http:\/\/vertienteglobal.com\/wp-content\/uploads\/2026\/08\/1001534474-1024x683.jpg 1024w, http:\/\/vertienteglobal.com\/wp-content\/uploads\/2026\/08\/1001534474-300x200.jpg 300w, http:\/\/vertienteglobal.com\/wp-content\/uploads\/2026\/08\/1001534474-150x100.jpg 150w, http:\/\/vertienteglobal.com\/wp-content\/uploads\/2026\/08\/1001534474-768x512.jpg 768w, http:\/\/vertienteglobal.com\/wp-content\/uploads\/2026\/08\/1001534474.jpg 1280w\" sizes=\"auto, (max-width: 1024px) 100vw, 1024px\" \/><\/figure>\n\n\n\n<figure class=\"wp-block-image size-large\"><img loading=\"lazy\" decoding=\"async\" width=\"1024\" height=\"683\" src=\"http:\/\/vertienteglobal.com\/wp-content\/uploads\/2026\/08\/1001534475-1024x683.jpg\" alt=\"\" class=\"wp-image-264564\" srcset=\"http:\/\/vertienteglobal.com\/wp-content\/uploads\/2026\/08\/1001534475-1024x683.jpg 1024w, http:\/\/vertienteglobal.com\/wp-content\/uploads\/2026\/08\/1001534475-300x200.jpg 300w, http:\/\/vertienteglobal.com\/wp-content\/uploads\/2026\/08\/1001534475-150x100.jpg 150w, http:\/\/vertienteglobal.com\/wp-content\/uploads\/2026\/08\/1001534475-768x512.jpg 768w, http:\/\/vertienteglobal.com\/wp-content\/uploads\/2026\/08\/1001534475.jpg 1280w\" sizes=\"auto, (max-width: 1024px) 100vw, 1024px\" \/><\/figure>\n\n\n\n<figure class=\"wp-block-image size-large\"><img loading=\"lazy\" decoding=\"async\" width=\"1024\" height=\"683\" src=\"http:\/\/vertienteglobal.com\/wp-content\/uploads\/2026\/08\/1001534476-1024x683.jpg\" alt=\"\" class=\"wp-image-264565\" srcset=\"http:\/\/vertienteglobal.com\/wp-content\/uploads\/2026\/08\/1001534476-1024x683.jpg 1024w, http:\/\/vertienteglobal.com\/wp-content\/uploads\/2026\/08\/1001534476-300x200.jpg 300w, http:\/\/vertienteglobal.com\/wp-content\/uploads\/2026\/08\/1001534476-150x100.jpg 150w, http:\/\/vertienteglobal.com\/wp-content\/uploads\/2026\/08\/1001534476-768x512.jpg 768w, http:\/\/vertienteglobal.com\/wp-content\/uploads\/2026\/08\/1001534476.jpg 1280w\" sizes=\"auto, (max-width: 1024px) 100vw, 1024px\" \/><\/figure>\n\n\n\n<figure class=\"wp-block-image size-large\"><img loading=\"lazy\" decoding=\"async\" width=\"1024\" height=\"683\" src=\"http:\/\/vertienteglobal.com\/wp-content\/uploads\/2026\/08\/1001534486-1024x683.jpg\" alt=\"\" class=\"wp-image-264566\" srcset=\"http:\/\/vertienteglobal.com\/wp-content\/uploads\/2026\/08\/1001534486-1024x683.jpg 1024w, http:\/\/vertienteglobal.com\/wp-content\/uploads\/2026\/08\/1001534486-300x200.jpg 300w, http:\/\/vertienteglobal.com\/wp-content\/uploads\/2026\/08\/1001534486-150x100.jpg 150w, http:\/\/vertienteglobal.com\/wp-content\/uploads\/2026\/08\/1001534486-768x512.jpg 768w, http:\/\/vertienteglobal.com\/wp-content\/uploads\/2026\/08\/1001534486.jpg 1280w\" sizes=\"auto, (max-width: 1024px) 100vw, 1024px\" \/><\/figure>\n\n\n\n<figure class=\"wp-block-image size-large\"><img loading=\"lazy\" decoding=\"async\" width=\"1024\" height=\"683\" src=\"http:\/\/vertienteglobal.com\/wp-content\/uploads\/2026\/08\/1001534487-1024x683.jpg\" alt=\"\" class=\"wp-image-264567\" srcset=\"http:\/\/vertienteglobal.com\/wp-content\/uploads\/2026\/08\/1001534487-1024x683.jpg 1024w, http:\/\/vertienteglobal.com\/wp-content\/uploads\/2026\/08\/1001534487-300x200.jpg 300w, http:\/\/vertienteglobal.com\/wp-content\/uploads\/2026\/08\/1001534487-150x100.jpg 150w, http:\/\/vertienteglobal.com\/wp-content\/uploads\/2026\/08\/1001534487-768x512.jpg 768w, http:\/\/vertienteglobal.com\/wp-content\/uploads\/2026\/08\/1001534487.jpg 1280w\" sizes=\"auto, (max-width: 1024px) 100vw, 1024px\" \/><\/figure>\n\n\n\n<figure class=\"wp-block-image size-large\"><img loading=\"lazy\" decoding=\"async\" width=\"1024\" height=\"683\" src=\"http:\/\/vertienteglobal.com\/wp-content\/uploads\/2026\/08\/1001534488-1024x683.jpg\" alt=\"\" class=\"wp-image-264568\" srcset=\"http:\/\/vertienteglobal.com\/wp-content\/uploads\/2026\/08\/1001534488-1024x683.jpg 1024w, http:\/\/vertienteglobal.com\/wp-content\/uploads\/2026\/08\/1001534488-300x200.jpg 300w, http:\/\/vertienteglobal.com\/wp-content\/uploads\/2026\/08\/1001534488-150x100.jpg 150w, http:\/\/vertienteglobal.com\/wp-content\/uploads\/2026\/08\/1001534488-768x512.jpg 768w, http:\/\/vertienteglobal.com\/wp-content\/uploads\/2026\/08\/1001534488.jpg 1280w\" sizes=\"auto, (max-width: 1024px) 100vw, 1024px\" \/><\/figure>\n","protected":false},"excerpt":{"rendered":"<p>(Redacci\u00f3n) El nuevo complejo habitacional ofrece espacios dignos para 61 familias de elementos que participan en tareas de seguridad y atenci\u00f3n durante fen\u00f3menos hidrometeorol\u00f3gicos y proyectos estrat\u00e9gicos Chetumal, Quintana Roo, a 31 de agosto de 2026.- Con la develaci\u00f3n de la placa conmemorativa y la entrega de llaves, la gobernadora Mara Lezama Espinosa y el [&hellip;]<\/p>\n","protected":false},"author":6,"featured_media":264561,"comment_status":"open","ping_status":"open","sticky":false,"template":"","format":"standard","meta":{"footnotes":""},"categories":[3],"tags":[],"class_list":["post-264560","post","type-post","status-publish","format-standard","has-post-thumbnail","hentry","category-quintana-roo","entry","has-media"],"jetpack_featured_media_url":"http:\/\/vertienteglobal.com\/wp-content\/uploads\/2026\/08\/1001534472.jpg","_links":{"self":[{"href":"http:\/\/vertienteglobal.com\/index.php?rest_route=\/wp\/v2\/posts\/264560","targetHints":{"allow":["GET"]}}],"collection":[{"href":"http:\/\/vertienteglobal.com\/index.php?rest_route=\/wp\/v2\/posts"}],"about":[{"href":"http:\/\/vertienteglobal.com\/index.php?rest_route=\/wp\/v2\/types\/post"}],"author":[{"embeddable":true,"href":"http:\/\/vertienteglobal.com\/index.php?rest_route=\/wp\/v2\/users\/6"}],"replies":[{"embeddable":true,"href":"http:\/\/vertienteglobal.com\/index.php?rest_route=%2Fwp%2Fv2%2Fcomments&post=264560"}],"version-history":[{"count":1,"href":"http:\/\/vertienteglobal.com\/index.php?rest_route=\/wp\/v2\/posts\/264560\/revisions"}],"predecessor-version":[{"id":264569,"href":"http:\/\/vertienteglobal.com\/index.php?rest_route=\/wp\/v2\/posts\/264560\/revisions\/264569"}],"wp:featuredmedia":[{"embeddable":true,"href":"http:\/\/vertienteglobal.com\/index.php?rest_route=\/wp\/v2\/media\/264561"}],"wp:attachment":[{"href":"http:\/\/vertienteglobal.com\/index.php?rest_route=%2Fwp%2Fv2%2Fmedia&parent=264560"}],"wp:term":[{"taxonomy":"category","embeddable":true,"href":"http:\/\/vertienteglobal.com\/index.php?rest_route=%2Fwp%2Fv2%2Fcategories&post=264560"},{"taxonomy":"post_tag","embeddable":true,"href":"http:\/\/vertienteglobal.com\/index.php?rest_route=%2Fwp%2Fv2%2Ftags&post=264560"}],"curies":[{"name":"wp","href":"https:\/\/api.w.org\/{rel}","templated":true}]}}