{"id":264538,"date":"2026-08-30T07:40:00","date_gmt":"2026-08-30T12:40:00","guid":{"rendered":"http:\/\/vertienteglobal.com\/?p=264538"},"modified":"2026-08-31T09:42:41","modified_gmt":"2026-08-31T14:42:41","slug":"pillewizer-la-montana-austriaca-que-perdio-su-nombre-y-un-metro-de-altura","status":"publish","type":"post","link":"http:\/\/vertienteglobal.com\/?p=264538","title":{"rendered":"&#8216;Pillewizer&#8217;, la monta\u00f1a austr\u00edaca que perdi\u00f3 su nombre y un metro de altura\u00a0"},"content":{"rendered":"\n<div class=\"twitterbutton\" style=\"float: right; padding-left: 5px;\"><a href=\"http:\/\/twitter.com\/share\" class=\"twitter-share-button\" data-count=\"horizontal\" data-text=\"&#8216;Pillewizer&#8217;, la monta\u00f1a austr\u00edaca que perdi\u00f3 su nombre y un metr...\" data-via=\"https:\/\/twitter.com\/VertienteGloba1\" data-url=\"http:\/\/vertienteglobal.com\/?p=264538\" data-lang=\"es\" data-related=\"Informaci\u00f3n general:S\u00edguenos para que est\u00e9ss informado\"><\/a><\/div>\n<figure class=\"wp-block-image size-full\"><img loading=\"lazy\" decoding=\"async\" width=\"1024\" height=\"683\" src=\"http:\/\/vertienteglobal.com\/wp-content\/uploads\/2026\/08\/1001533195.webp\" alt=\"\" class=\"wp-image-264539\" srcset=\"http:\/\/vertienteglobal.com\/wp-content\/uploads\/2026\/08\/1001533195.webp 1024w, http:\/\/vertienteglobal.com\/wp-content\/uploads\/2026\/08\/1001533195-300x200.webp 300w, http:\/\/vertienteglobal.com\/wp-content\/uploads\/2026\/08\/1001533195-150x100.webp 150w, http:\/\/vertienteglobal.com\/wp-content\/uploads\/2026\/08\/1001533195-768x512.webp 768w\" sizes=\"auto, (max-width: 1024px) 100vw, 1024px\" \/><\/figure>\n\n\n\n<p>(Redacci\u00f3n)<\/p>\n\n\n\n<p>Con esta acci\u00f3n, la organizaci\u00f3n busca \u00abdejar de honrar la memoria de quienes fueron c\u00f3mplices, perpetradores o beneficiarios del r\u00e9gimen\u00bb<\/p>\n\n\n\n<p>Ciudad de M\u00e9xico 30 de agosto de 2026.-La monta\u00f1a de los Alpes austriacos &#8216;Pillewizer&#8217; ha dejado de llamarse as\u00ed debido al pasado nazi del cient\u00edfico que le daba nombre, al tiempo que ha perdido la pila de piedras que la elevaba artificialmente a 3.000 metros de altura, inform\u00f3 este s\u00e1bado la secci\u00f3n del Club Alpino de Salzburgo (\u00d6AV).<\/p>\n\n\n\n<p>En un comunicado, la entidad indic\u00f3 que el pasado viernes 28 de agosto un grupo de alpinistas ascendi\u00f3 a la cumbre para retirar la placa conmemorativa instalada desde hace 38 a\u00f1os en honor al ge\u00f3grafo, cart\u00f3grafo y glaci\u00f3logo austriaco Wolfgang Pillewizer (1911-1999).<\/p>\n\n\n\n<p>Adem\u00e1s, se eliminaron las piedras que en 1988 \u2014momento en que se bautiz\u00f3 este pico hasta entonces an\u00f3nimo\u2014 se apilaron intencionadamente para elevar la cima de 2.999 a 3.000 metros y cumplir as\u00ed con el deseo de Pillewizer de dar nombre a un &#8216;tres mil&#8217;.<\/p>\n\n\n\n<p>La denominaci\u00f3n ya desat\u00f3 controversia en su momento, dado que Pillewizer se afili\u00f3 con apenas 20 a\u00f1os al Partido Nacionalsocialista (NSDAP) y a sus milicias paramilitares (SA), adem\u00e1s de integrar posteriormente la Liga Nazi de Profesores (NSBD).<\/p>\n\n\n\n<p>\u00abA pesar de la prohibici\u00f3n del partido (en Austria) en junio de 1933, sigui\u00f3 siendo miembro ilegal y ejerci\u00f3 como jefe de unidad en las SA. Su mete\u00f3rica carrera entre 1938 y 1945 lleva a la conclusi\u00f3n ineludible de que particip\u00f3 en la aplicaci\u00f3n de la ideolog\u00eda racista e inhumana del r\u00e9gimen nazi\u00bb, se\u00f1ala la nota del club.<\/p>\n\n\n\n<p>Con esta acci\u00f3n, la organizaci\u00f3n busca \u00abdejar de honrar la memoria de quienes fueron c\u00f3mplices, perpetradores o beneficiarios del r\u00e9gimen\u00bb.<\/p>\n\n\n\n<p>\u00abAl retirar la placa, nos distanciamos de un homenaje personal que no coincide con nuestra postura a favor de una sociedad abierta e inclusiva\u00bb, afirm\u00f3 Gerd Fr\u00fchwirth, presidente de la secci\u00f3n del Alpenverein en Salzburgo.<\/p>\n\n\n\n<p>El Club Alpino se encuentra ahora coordinando con la Comisi\u00f3n de Nombres Geogr\u00e1ficos de Salzburgo y otros organismos competentes los tr\u00e1mites necesarios para que la elevaci\u00f3n vuelva a figurar oficialmente sin nombre y con una altura de 2.999 metros en los mapas y bases de datos cartogr\u00e1ficas.(Fuente:EFE\/XEVA)<\/p>\n","protected":false},"excerpt":{"rendered":"<p>(Redacci\u00f3n) Con esta acci\u00f3n, la organizaci\u00f3n busca \u00abdejar de honrar la memoria de quienes fueron c\u00f3mplices, perpetradores o beneficiarios del r\u00e9gimen\u00bb Ciudad de M\u00e9xico 30 de agosto de 2026.-La monta\u00f1a de los Alpes austriacos &#8216;Pillewizer&#8217; ha dejado de llamarse as\u00ed debido al pasado nazi del cient\u00edfico que le daba nombre, al tiempo que ha perdido [&hellip;]<\/p>\n","protected":false},"author":6,"featured_media":264539,"comment_status":"open","ping_status":"open","sticky":false,"template":"","format":"standard","meta":{"footnotes":""},"categories":[8],"tags":[],"class_list":["post-264538","post","type-post","status-publish","format-standard","has-post-thumbnail","hentry","category-pais","entry","has-media"],"jetpack_featured_media_url":"http:\/\/vertienteglobal.com\/wp-content\/uploads\/2026\/08\/1001533195.webp","_links":{"self":[{"href":"http:\/\/vertienteglobal.com\/index.php?rest_route=\/wp\/v2\/posts\/264538","targetHints":{"allow":["GET"]}}],"collection":[{"href":"http:\/\/vertienteglobal.com\/index.php?rest_route=\/wp\/v2\/posts"}],"about":[{"href":"http:\/\/vertienteglobal.com\/index.php?rest_route=\/wp\/v2\/types\/post"}],"author":[{"embeddable":true,"href":"http:\/\/vertienteglobal.com\/index.php?rest_route=\/wp\/v2\/users\/6"}],"replies":[{"embeddable":true,"href":"http:\/\/vertienteglobal.com\/index.php?rest_route=%2Fwp%2Fv2%2Fcomments&post=264538"}],"version-history":[{"count":1,"href":"http:\/\/vertienteglobal.com\/index.php?rest_route=\/wp\/v2\/posts\/264538\/revisions"}],"predecessor-version":[{"id":264540,"href":"http:\/\/vertienteglobal.com\/index.php?rest_route=\/wp\/v2\/posts\/264538\/revisions\/264540"}],"wp:featuredmedia":[{"embeddable":true,"href":"http:\/\/vertienteglobal.com\/index.php?rest_route=\/wp\/v2\/media\/264539"}],"wp:attachment":[{"href":"http:\/\/vertienteglobal.com\/index.php?rest_route=%2Fwp%2Fv2%2Fmedia&parent=264538"}],"wp:term":[{"taxonomy":"category","embeddable":true,"href":"http:\/\/vertienteglobal.com\/index.php?rest_route=%2Fwp%2Fv2%2Fcategories&post=264538"},{"taxonomy":"post_tag","embeddable":true,"href":"http:\/\/vertienteglobal.com\/index.php?rest_route=%2Fwp%2Fv2%2Ftags&post=264538"}],"curies":[{"name":"wp","href":"https:\/\/api.w.org\/{rel}","templated":true}]}}