{"id":264535,"date":"2026-08-30T17:26:00","date_gmt":"2026-08-30T22:26:00","guid":{"rendered":"http:\/\/vertienteglobal.com\/?p=264535"},"modified":"2026-08-31T09:38:30","modified_gmt":"2026-08-31T14:38:30","slug":"la-secretaria-de-gobernacion-rosa-icela-rodriguez-llama-a-morenistas-a-cuidar-legado-de-amlo-y-cerrar-filas-con-la-presidenta-claudia-sheinbaum","status":"publish","type":"post","link":"http:\/\/vertienteglobal.com\/?p=264535","title":{"rendered":"La Secretaria de Gobernaci\u00f3n Rosa Icela Rodr\u00edguez, llama a morenistas a cuidar legado de AMLO y cerrar filas con la Presidenta Claudia Sheinbaum"},"content":{"rendered":"\n<div class=\"twitterbutton\" style=\"float: right; padding-left: 5px;\"><a href=\"http:\/\/twitter.com\/share\" class=\"twitter-share-button\" data-count=\"horizontal\" data-text=\"La Secretaria de Gobernaci\u00f3n Rosa Icela Rodr\u00edguez, llama a morenistas a cuidar...\" data-via=\"https:\/\/twitter.com\/VertienteGloba1\" data-url=\"http:\/\/vertienteglobal.com\/?p=264535\" data-lang=\"es\" data-related=\"Informaci\u00f3n general:S\u00edguenos para que est\u00e9ss informado\"><\/a><\/div>\n<figure class=\"wp-block-image size-full\"><img loading=\"lazy\" decoding=\"async\" width=\"1024\" height=\"683\" src=\"http:\/\/vertienteglobal.com\/wp-content\/uploads\/2026\/08\/1001532620.webp\" alt=\"\" class=\"wp-image-264536\" srcset=\"http:\/\/vertienteglobal.com\/wp-content\/uploads\/2026\/08\/1001532620.webp 1024w, http:\/\/vertienteglobal.com\/wp-content\/uploads\/2026\/08\/1001532620-300x200.webp 300w, http:\/\/vertienteglobal.com\/wp-content\/uploads\/2026\/08\/1001532620-150x100.webp 150w, http:\/\/vertienteglobal.com\/wp-content\/uploads\/2026\/08\/1001532620-768x512.webp 768w\" sizes=\"auto, (max-width: 1024px) 100vw, 1024px\" \/><\/figure>\n\n\n\n<p>(Redacci\u00f3n)<\/p>\n\n\n\n<p>Se\u00f1al\u00f3 que nadie debe utilizar el movimiento para obtener privilegios o proteger intereses particulares, en un mensaje dirigido a la bancada mayoritaria previo al inicio del nuevo periodo ordinario de sesiones<\/p>\n\n\n\n<p>Ciudad de M\u00e9xico 30 de agosto de 2026.-La secretaria de Gobernaci\u00f3n, Rosa Icela Rodr\u00edguez, llam\u00f3 a los diputados de Morena a mantener la unidad y colocar el inter\u00e9s de M\u00e9xico por encima de intereses personales o de grupo.<\/p>\n\n\n\n<p>Durante la reuni\u00f3n plenaria de la bancada morenista en San L\u00e1zaro, la funcionaria pidi\u00f3 a los legisladores cuidar el legado del expresidente Andr\u00e9s Manuel L\u00f3pez Obrador y respaldar a la presidenta Claudia Sheinbaum para mantener el rumbo de la llamada Cuarta Transformaci\u00f3n.<\/p>\n\n\n\n<p>Rodr\u00edguez advirti\u00f3 que ninguna posici\u00f3n o visi\u00f3n individual debe estar por encima de M\u00e9xico y sostuvo que la unidad no significa silencio ni pensamiento \u00fanico, sino discutir con franqueza y avanzar juntos despu\u00e9s de las decisiones democr\u00e1ticas.<\/p>\n\n\n\n<p>Tambi\u00e9n se\u00f1al\u00f3 que nadie debe utilizar el movimiento para obtener privilegios o proteger intereses particulares, en un mensaje dirigido a la bancada mayoritaria previo al inicio del nuevo periodo ordinario de sesiones<\/p>\n","protected":false},"excerpt":{"rendered":"<p>(Redacci\u00f3n) Se\u00f1al\u00f3 que nadie debe utilizar el movimiento para obtener privilegios o proteger intereses particulares, en un mensaje dirigido a la bancada mayoritaria previo al inicio del nuevo periodo ordinario de sesiones Ciudad de M\u00e9xico 30 de agosto de 2026.-La secretaria de Gobernaci\u00f3n, Rosa Icela Rodr\u00edguez, llam\u00f3 a los diputados de Morena a mantener la [&hellip;]<\/p>\n","protected":false},"author":6,"featured_media":264536,"comment_status":"open","ping_status":"open","sticky":false,"template":"","format":"standard","meta":{"footnotes":""},"categories":[8],"tags":[],"class_list":["post-264535","post","type-post","status-publish","format-standard","has-post-thumbnail","hentry","category-pais","entry","has-media"],"jetpack_featured_media_url":"http:\/\/vertienteglobal.com\/wp-content\/uploads\/2026\/08\/1001532620.webp","_links":{"self":[{"href":"http:\/\/vertienteglobal.com\/index.php?rest_route=\/wp\/v2\/posts\/264535","targetHints":{"allow":["GET"]}}],"collection":[{"href":"http:\/\/vertienteglobal.com\/index.php?rest_route=\/wp\/v2\/posts"}],"about":[{"href":"http:\/\/vertienteglobal.com\/index.php?rest_route=\/wp\/v2\/types\/post"}],"author":[{"embeddable":true,"href":"http:\/\/vertienteglobal.com\/index.php?rest_route=\/wp\/v2\/users\/6"}],"replies":[{"embeddable":true,"href":"http:\/\/vertienteglobal.com\/index.php?rest_route=%2Fwp%2Fv2%2Fcomments&post=264535"}],"version-history":[{"count":1,"href":"http:\/\/vertienteglobal.com\/index.php?rest_route=\/wp\/v2\/posts\/264535\/revisions"}],"predecessor-version":[{"id":264537,"href":"http:\/\/vertienteglobal.com\/index.php?rest_route=\/wp\/v2\/posts\/264535\/revisions\/264537"}],"wp:featuredmedia":[{"embeddable":true,"href":"http:\/\/vertienteglobal.com\/index.php?rest_route=\/wp\/v2\/media\/264536"}],"wp:attachment":[{"href":"http:\/\/vertienteglobal.com\/index.php?rest_route=%2Fwp%2Fv2%2Fmedia&parent=264535"}],"wp:term":[{"taxonomy":"category","embeddable":true,"href":"http:\/\/vertienteglobal.com\/index.php?rest_route=%2Fwp%2Fv2%2Fcategories&post=264535"},{"taxonomy":"post_tag","embeddable":true,"href":"http:\/\/vertienteglobal.com\/index.php?rest_route=%2Fwp%2Fv2%2Ftags&post=264535"}],"curies":[{"name":"wp","href":"https:\/\/api.w.org\/{rel}","templated":true}]}}