{"id":264532,"date":"2026-08-30T12:48:00","date_gmt":"2026-08-30T17:48:00","guid":{"rendered":"http:\/\/vertienteglobal.com\/?p=264532"},"modified":"2026-08-31T01:30:31","modified_gmt":"2026-08-31T06:30:31","slug":"senado-recibe-iniciativa-de-sheinbaum-para-impedir-candidaturas-con-doble-nacionalidad","status":"publish","type":"post","link":"http:\/\/vertienteglobal.com\/?p=264532","title":{"rendered":"Senado recibe iniciativa de Sheinbaum para impedir candidaturas con doble nacionalidad"},"content":{"rendered":"\n<div class=\"twitterbutton\" style=\"float: right; padding-left: 5px;\"><a href=\"http:\/\/twitter.com\/share\" class=\"twitter-share-button\" data-count=\"horizontal\" data-text=\"Senado recibe iniciativa de Sheinbaum para impedir candidaturas con doble nacion...\" data-via=\"https:\/\/twitter.com\/VertienteGloba1\" data-url=\"http:\/\/vertienteglobal.com\/?p=264532\" data-lang=\"es\" data-related=\"Informaci\u00f3n general:S\u00edguenos para que est\u00e9ss informado\"><\/a><\/div>\n<figure class=\"wp-block-image size-full\"><img loading=\"lazy\" decoding=\"async\" width=\"1024\" height=\"683\" src=\"http:\/\/vertienteglobal.com\/wp-content\/uploads\/2026\/08\/1001532618.webp\" alt=\"\" class=\"wp-image-264533\" srcset=\"http:\/\/vertienteglobal.com\/wp-content\/uploads\/2026\/08\/1001532618.webp 1024w, http:\/\/vertienteglobal.com\/wp-content\/uploads\/2026\/08\/1001532618-300x200.webp 300w, http:\/\/vertienteglobal.com\/wp-content\/uploads\/2026\/08\/1001532618-150x100.webp 150w, http:\/\/vertienteglobal.com\/wp-content\/uploads\/2026\/08\/1001532618-768x512.webp 768w\" sizes=\"auto, (max-width: 1024px) 100vw, 1024px\" \/><\/figure>\n\n\n\n<p>(Redacci\u00f3n)<\/p>\n\n\n\n<p>Explic\u00f3 la legisladora en su cuenta de X, el prop\u00f3sito de la reforma es evitar posibles conflictos de inter\u00e9s con naciones extranjeras y asegurar que quienes encabecen esos poderes representen exclusivamente a M\u00e9xico<\/p>\n\n\n\n<p>Ciudad de M\u00e9xico 30 de agosto de 2026.-El Senado de la Rep\u00fablica recibi\u00f3 la iniciativa de reforma constitucional que busca impedir que personas con doble nacionalidad puedan contender por la Presidencia de la Rep\u00fablica, gubernaturas y la Jefatura de Gobierno de la Ciudad de M\u00e9xico.<\/p>\n\n\n\n<p>La confirmaci\u00f3n la dio este domingo la presidenta de la C\u00e1mara Alta, Laura Itzel Castillo, quien inform\u00f3 que la propuesta ser\u00e1 turnada a la C\u00e1mara de Diputados para su an\u00e1lisis y dictaminaci\u00f3n.<\/p>\n\n\n\n<p>La iniciativa, anunciada el pasado jueves 28 de agosto por la presidenta Claudia Sheinbaum y detallada por la consejera Jur\u00eddica del Ejecutivo, Luisa Mar\u00eda Alcalde, plantea modificar y adicionar los art\u00edculos 82, 116 y 122 de la Constituci\u00f3n Pol\u00edtica en materia de nacionalidad \u00fanica para los titulares de los Poderes Ejecutivos federal y locales.<\/p>\n\n\n\n<p>De acuerdo con el proyecto, las y los aspirantes a dichos cargos no podr\u00edan contar con una segunda nacionalidad y, de tenerla, deber\u00edan renunciar a ella de forma previa a su registro. Asimismo, se establece que una vez en funciones, la persona titular de la Presidencia, gubernatura o Jefatura de Gobierno no podr\u00eda tramitar otra ciudadan\u00eda.<\/p>\n\n\n\n<p>Seg\u00fan explic\u00f3 la legisladora en su cuenta de X, el prop\u00f3sito de la reforma es evitar posibles conflictos de inter\u00e9s con naciones extranjeras y asegurar que quienes encabecen esos poderes representen exclusivamente a M\u00e9xico.(Fuente: la silla rota\/XEVA)<\/p>\n\n\n\n<figure class=\"wp-block-embed is-type-rich is-provider-x wp-block-embed-x\"><div class=\"wp-block-embed__wrapper\">\n<div class=\"oceanwp-oembed-wrap clr\"><div class=\"embed-x\"><blockquote class=\"twitter-tweet\" data-width=\"550\" data-dnt=\"true\"><p lang=\"es\" dir=\"ltr\">Quiero comunicar que el d\u00eda de hoy recibimos del Ejecutivo Federal la Iniciativa con Proyecto de Decreto por el que se reforman y adicionan los art\u00edculos 82, 116 y 122 de la Constituci\u00f3n Pol\u00edtica de los Estados Unidos Mexicanos, en Materia de Nacionalidad \u00danica para el Ejercicio\u2026 <a href=\"https:\/\/t.co\/nIzSL7or90\">pic.twitter.com\/nIzSL7or90<\/a><\/p>&mdash; Laura Itzel Castillo Ju\u00e1rez (@LauraI_Castillo) <a href=\"https:\/\/x.com\/LauraI_Castillo\/status\/2094075180456833199?ref_src=twsrc%5Etfw\">August 30, 2026<\/a><\/blockquote><script async src=\"https:\/\/platform.x.com\/widgets.js\" charset=\"utf-8\"><\/script><\/div><\/div>\n<\/div><\/figure>\n","protected":false},"excerpt":{"rendered":"<p>(Redacci\u00f3n) Explic\u00f3 la legisladora en su cuenta de X, el prop\u00f3sito de la reforma es evitar posibles conflictos de inter\u00e9s con naciones extranjeras y asegurar que quienes encabecen esos poderes representen exclusivamente a M\u00e9xico Ciudad de M\u00e9xico 30 de agosto de 2026.-El Senado de la Rep\u00fablica recibi\u00f3 la iniciativa de reforma constitucional que busca impedir [&hellip;]<\/p>\n","protected":false},"author":6,"featured_media":264533,"comment_status":"open","ping_status":"open","sticky":false,"template":"","format":"standard","meta":{"footnotes":""},"categories":[8],"tags":[],"class_list":["post-264532","post","type-post","status-publish","format-standard","has-post-thumbnail","hentry","category-pais","entry","has-media"],"jetpack_featured_media_url":"http:\/\/vertienteglobal.com\/wp-content\/uploads\/2026\/08\/1001532618.webp","_links":{"self":[{"href":"http:\/\/vertienteglobal.com\/index.php?rest_route=\/wp\/v2\/posts\/264532","targetHints":{"allow":["GET"]}}],"collection":[{"href":"http:\/\/vertienteglobal.com\/index.php?rest_route=\/wp\/v2\/posts"}],"about":[{"href":"http:\/\/vertienteglobal.com\/index.php?rest_route=\/wp\/v2\/types\/post"}],"author":[{"embeddable":true,"href":"http:\/\/vertienteglobal.com\/index.php?rest_route=\/wp\/v2\/users\/6"}],"replies":[{"embeddable":true,"href":"http:\/\/vertienteglobal.com\/index.php?rest_route=%2Fwp%2Fv2%2Fcomments&post=264532"}],"version-history":[{"count":1,"href":"http:\/\/vertienteglobal.com\/index.php?rest_route=\/wp\/v2\/posts\/264532\/revisions"}],"predecessor-version":[{"id":264534,"href":"http:\/\/vertienteglobal.com\/index.php?rest_route=\/wp\/v2\/posts\/264532\/revisions\/264534"}],"wp:featuredmedia":[{"embeddable":true,"href":"http:\/\/vertienteglobal.com\/index.php?rest_route=\/wp\/v2\/media\/264533"}],"wp:attachment":[{"href":"http:\/\/vertienteglobal.com\/index.php?rest_route=%2Fwp%2Fv2%2Fmedia&parent=264532"}],"wp:term":[{"taxonomy":"category","embeddable":true,"href":"http:\/\/vertienteglobal.com\/index.php?rest_route=%2Fwp%2Fv2%2Fcategories&post=264532"},{"taxonomy":"post_tag","embeddable":true,"href":"http:\/\/vertienteglobal.com\/index.php?rest_route=%2Fwp%2Fv2%2Ftags&post=264532"}],"curies":[{"name":"wp","href":"https:\/\/api.w.org\/{rel}","templated":true}]}}