{"id":264529,"date":"2026-08-30T12:24:00","date_gmt":"2026-08-30T17:24:00","guid":{"rendered":"http:\/\/vertienteglobal.com\/?p=264529"},"modified":"2026-08-31T01:26:50","modified_gmt":"2026-08-31T06:26:50","slug":"mantener-trato-comercial-con-eeuu-es-el-mayor-reto-para-mexico-reconoce-marcelo-ebrard","status":"publish","type":"post","link":"http:\/\/vertienteglobal.com\/?p=264529","title":{"rendered":"Mantener trato comercial con EEUU es el mayor reto para M\u00e9xico, reconoce Marcelo Ebrard"},"content":{"rendered":"\n<div class=\"twitterbutton\" style=\"float: right; padding-left: 5px;\"><a href=\"http:\/\/twitter.com\/share\" class=\"twitter-share-button\" data-count=\"horizontal\" data-text=\"Mantener trato comercial con EEUU es el mayor reto para M\u00e9xico, reconoce Marcel...\" data-via=\"https:\/\/twitter.com\/VertienteGloba1\" data-url=\"http:\/\/vertienteglobal.com\/?p=264529\" data-lang=\"es\" data-related=\"Informaci\u00f3n general:S\u00edguenos para que est\u00e9ss informado\"><\/a><\/div>\n<figure class=\"wp-block-image size-full\"><img loading=\"lazy\" decoding=\"async\" width=\"1024\" height=\"683\" src=\"http:\/\/vertienteglobal.com\/wp-content\/uploads\/2026\/08\/1001532617.webp\" alt=\"\" class=\"wp-image-264530\" srcset=\"http:\/\/vertienteglobal.com\/wp-content\/uploads\/2026\/08\/1001532617.webp 1024w, http:\/\/vertienteglobal.com\/wp-content\/uploads\/2026\/08\/1001532617-300x200.webp 300w, http:\/\/vertienteglobal.com\/wp-content\/uploads\/2026\/08\/1001532617-150x100.webp 150w, http:\/\/vertienteglobal.com\/wp-content\/uploads\/2026\/08\/1001532617-768x512.webp 768w\" sizes=\"auto, (max-width: 1024px) 100vw, 1024px\" \/><\/figure>\n\n\n\n<p>(Redacci\u00f3n)<\/p>\n\n\n\n<p>Ebrard afirm\u00f3 que M\u00e9xico paga actualmente un arancel efectivo del 3,4 % en Estados Unidos, el menor entre sus principales socios comerciales, y record\u00f3 que m\u00e1s del 83 % de las exportaciones mexicanas tienen como destino ese pa\u00eds<\/p>\n\n\n\n<p>Ciudad de M\u00e9xico 30 de agosto 2026.-M\u00e9xico enfrenta un \u201creto may\u00fasculo\u201d para conservar las condiciones comerciales favorables que mantiene con Estados Unidos mientras sus exportaciones contin\u00faan creciendo y ampl\u00edan el d\u00e9ficit estadounidense, reconoci\u00f3 este domingo el secretario mexicano de Econom\u00eda, Marcelo Ebrard.<\/p>\n\n\n\n<p>Durante la sesi\u00f3n plenaria de Morena en la C\u00e1mara de Diputados, el funcionario se\u00f1al\u00f3 que M\u00e9xico ha buscado \u00abmantener una posici\u00f3n la m\u00e1s privilegiada\u201d en el mercado estadounidense, pero al mismo tiempo est\u00e1 exportando \u201ccada vez m\u00e1s\u00bb.<\/p>\n\n\n\n<p>Ebrard afirm\u00f3 que M\u00e9xico paga actualmente un arancel efectivo del 3,4 % en Estados Unidos, el menor entre sus principales socios comerciales, y record\u00f3 que m\u00e1s del 83 % de las exportaciones mexicanas tienen como destino ese pa\u00eds.<\/p>\n\n\n\n<p>M\u00e9xico se ha consolidado como el principal socio comercial de Estados Unidos y alrededor del 85 % de las exportaciones mexicanas contin\u00faa entrando sin aranceles al cumplir con las reglas del Tratado entre M\u00e9xico, Estados Unidos y Canad\u00e1 (T-MEC).<\/p>\n\n\n\n<p>Ambos pa\u00edses mantienen negociaciones en el marco de la revisi\u00f3n del T-MEC, mientras M\u00e9xico busca reducir los grav\u00e1menes estadounidenses que todav\u00eda pesan sobre sectores como el automotriz, el acero y el aluminio. Una nueva ronda bilateral est\u00e1 prevista para septiembre.<\/p>\n\n\n\n<p>Ebrard estac\u00f3 la modernizaci\u00f3n del acuerdo comercial entre M\u00e9xico y la Uni\u00f3n Europea, firmado en mayo pasado y pendiente de ratificaci\u00f3n, que permitir\u00e1 ampliar el acceso libre de aranceles entre ambos mercados.(Fuente: EFE\/XEVA)<\/p>\n","protected":false},"excerpt":{"rendered":"<p>(Redacci\u00f3n) Ebrard afirm\u00f3 que M\u00e9xico paga actualmente un arancel efectivo del 3,4 % en Estados Unidos, el menor entre sus principales socios comerciales, y record\u00f3 que m\u00e1s del 83 % de las exportaciones mexicanas tienen como destino ese pa\u00eds Ciudad de M\u00e9xico 30 de agosto 2026.-M\u00e9xico enfrenta un \u201creto may\u00fasculo\u201d para conservar las condiciones comerciales [&hellip;]<\/p>\n","protected":false},"author":6,"featured_media":264530,"comment_status":"open","ping_status":"open","sticky":false,"template":"","format":"standard","meta":{"footnotes":""},"categories":[8],"tags":[],"class_list":["post-264529","post","type-post","status-publish","format-standard","has-post-thumbnail","hentry","category-pais","entry","has-media"],"jetpack_featured_media_url":"http:\/\/vertienteglobal.com\/wp-content\/uploads\/2026\/08\/1001532617.webp","_links":{"self":[{"href":"http:\/\/vertienteglobal.com\/index.php?rest_route=\/wp\/v2\/posts\/264529","targetHints":{"allow":["GET"]}}],"collection":[{"href":"http:\/\/vertienteglobal.com\/index.php?rest_route=\/wp\/v2\/posts"}],"about":[{"href":"http:\/\/vertienteglobal.com\/index.php?rest_route=\/wp\/v2\/types\/post"}],"author":[{"embeddable":true,"href":"http:\/\/vertienteglobal.com\/index.php?rest_route=\/wp\/v2\/users\/6"}],"replies":[{"embeddable":true,"href":"http:\/\/vertienteglobal.com\/index.php?rest_route=%2Fwp%2Fv2%2Fcomments&post=264529"}],"version-history":[{"count":1,"href":"http:\/\/vertienteglobal.com\/index.php?rest_route=\/wp\/v2\/posts\/264529\/revisions"}],"predecessor-version":[{"id":264531,"href":"http:\/\/vertienteglobal.com\/index.php?rest_route=\/wp\/v2\/posts\/264529\/revisions\/264531"}],"wp:featuredmedia":[{"embeddable":true,"href":"http:\/\/vertienteglobal.com\/index.php?rest_route=\/wp\/v2\/media\/264530"}],"wp:attachment":[{"href":"http:\/\/vertienteglobal.com\/index.php?rest_route=%2Fwp%2Fv2%2Fmedia&parent=264529"}],"wp:term":[{"taxonomy":"category","embeddable":true,"href":"http:\/\/vertienteglobal.com\/index.php?rest_route=%2Fwp%2Fv2%2Fcategories&post=264529"},{"taxonomy":"post_tag","embeddable":true,"href":"http:\/\/vertienteglobal.com\/index.php?rest_route=%2Fwp%2Fv2%2Ftags&post=264529"}],"curies":[{"name":"wp","href":"https:\/\/api.w.org\/{rel}","templated":true}]}}