{"id":264522,"date":"2026-08-30T10:36:00","date_gmt":"2026-08-30T15:36:00","guid":{"rendered":"http:\/\/vertienteglobal.com\/?p=264522"},"modified":"2026-08-31T01:23:04","modified_gmt":"2026-08-31T06:23:04","slug":"invierte-renacimiento-maya-mas-de-40-millones-de-pesos-en-ticul-para-cultura-y-deporte-video","status":"publish","type":"post","link":"http:\/\/vertienteglobal.com\/?p=264522","title":{"rendered":"Invierte Renacimiento Maya m\u00e1s de 40 millones de pesos en Ticul para cultura y deporte\u00a0(+V\u00eddeo)"},"content":{"rendered":"\n<div class=\"twitterbutton\" style=\"float: right; padding-left: 5px;\"><a href=\"http:\/\/twitter.com\/share\" class=\"twitter-share-button\" data-count=\"horizontal\" data-text=\"Invierte Renacimiento Maya m\u00e1s de 40 millones de pesos en Ticul para cultura y ...\" data-via=\"https:\/\/twitter.com\/VertienteGloba1\" data-url=\"http:\/\/vertienteglobal.com\/?p=264522\" data-lang=\"es\" data-related=\"Informaci\u00f3n general:S\u00edguenos para que est\u00e9ss informado\"><\/a><\/div>\n<figure class=\"wp-block-image size-large\"><img loading=\"lazy\" decoding=\"async\" width=\"1024\" height=\"640\" src=\"http:\/\/vertienteglobal.com\/wp-content\/uploads\/2026\/08\/1001532612-1024x640.jpg\" alt=\"\" class=\"wp-image-264523\" srcset=\"http:\/\/vertienteglobal.com\/wp-content\/uploads\/2026\/08\/1001532612-1024x640.jpg 1024w, http:\/\/vertienteglobal.com\/wp-content\/uploads\/2026\/08\/1001532612-300x188.jpg 300w, http:\/\/vertienteglobal.com\/wp-content\/uploads\/2026\/08\/1001532612-150x94.jpg 150w, http:\/\/vertienteglobal.com\/wp-content\/uploads\/2026\/08\/1001532612-768x480.jpg 768w, http:\/\/vertienteglobal.com\/wp-content\/uploads\/2026\/08\/1001532612-1536x960.jpg 1536w, http:\/\/vertienteglobal.com\/wp-content\/uploads\/2026\/08\/1001532612-2048x1280.jpg 2048w\" sizes=\"auto, (max-width: 1024px) 100vw, 1024px\" \/><\/figure>\n\n\n\n<p>(Redacci\u00f3n)<\/p>\n\n\n\n<p><em>Pilares Renacimiento Maya ofrecer\u00e1 actividades culturales y deportivas como parte de la estrategia Aliados por la Vida, con recursos del Gobierno del Estado y el Ayuntamiento, en beneficio de m\u00e1s de 40 mil habitantes<\/em><\/p>\n\n\n\n<p>Ticul, Yucat\u00e1n, 30 de agosto de 2026.- Con una inversi\u00f3n superior a 40 millones de pesos, Ticul contar\u00e1 con Pilares Renacimiento Maya, un nuevo complejo cultural y deportivo que ampliar\u00e1 las oportunidades de formaci\u00f3n, convivencia y esparcimiento para ni\u00f1as, ni\u00f1os, adolescentes y familias del municipio.<br>\u00a0<br>El proyecto, que forma parte de la estrategia Aliados por la Vida, ser\u00e1 desarrollado de manera conjunta por el Gobierno del Estado y el Ayuntamiento, en beneficio de m\u00e1s de 40 mil habitantes.<br>\u00a0<br>A esta obra se suman inversiones por m\u00e1s de 68 millones de pesos destinadas por el Gobierno del Estado a mejorar escuelas, calles, sistemas de agua potable, caminos rurales y otros espacios de atenci\u00f3n comunitaria.<br>\u00a0<br>Durante el Segundo Informe de Gobierno del alcalde Humberto Parra Sosa, el Gobernador Joaqu\u00edn D\u00edaz Mena anunci\u00f3 que ambas administraciones trabajar\u00e1n en la identificaci\u00f3n del terreno donde se construir\u00e1 el nuevo complejo.<br>\u00a0<br>Acompa\u00f1ado por la Presidenta Honoraria del DIF Yucat\u00e1n, Mtra. Wendy M\u00e9ndez Naal, D\u00edaz Mena agradeci\u00f3 el respaldo de la Presidenta Claudia Sheinbaum Pardo para concretar proyectos que contribuyen al bienestar de las familias yucatecas.<br>\u00a0<br>\u201cHemos acordado con el presidente municipal buscar un terreno para que, en los pr\u00f3ximos meses, comencemos una nueva obra. Se trata de Pilares Renacimiento Maya, donde ofreceremos clases de disciplinas culturales y deportivas, con una inversi\u00f3n superior a 40 millones de pesos del Gobierno del Estado y el Ayuntamiento\u201d, inform\u00f3.<br>\u00a0<br>Ante habitantes de la Perla del Sur, D\u00edaz Mena refrend\u00f3 el compromiso de su administraci\u00f3n con la justicia territorial y afirm\u00f3 que el sur de Yucat\u00e1n cuenta hoy con el respaldo del Gobierno del Estado.<br>\u00a0<br>\u201cDurante d\u00e9cadas esta regi\u00f3n vivi\u00f3 el abandono y hoy eso est\u00e1 cambiando. Venimos a decirles con hechos que el sur de Yucat\u00e1n tiene el respaldo del Gobierno del Renacimiento Maya\u201d, expres\u00f3.<br>\u00a0<br>Como ejemplo de los avances que vive la regi\u00f3n, se refiri\u00f3 al Hospital de Ticul, una obra que permaneci\u00f3 inconclusa durante tres sexenios y que pr\u00f3ximamente comenzar\u00e1 a brindar atenci\u00f3n a la poblaci\u00f3n, gracias al respaldo del Gobierno de M\u00e9xico.<br>\u00a0<br>El Gobernador destac\u00f3 tambi\u00e9n la intervenci\u00f3n del Mercado Municipal de Ticul, realizada mediante una inversi\u00f3n conjunta con el Ayuntamiento para mejorar las condiciones de trabajo de las locatarias y los locatarios, dinamizar el comercio local y ofrecer un espacio m\u00e1s digno, seguro y funcional a la poblaci\u00f3n.<br>\u00a0<br>Detall\u00f3 que, como parte de los m\u00e1s de 68 millones de pesos invertidos en el municipio, se destinaron 10 millones de pesos al mejoramiento y rehabilitaci\u00f3n de planteles educativos, entre ellos el bachillerato, adem\u00e1s de recursos para calles, sistemas de agua potable y otras obras prioritarias.<br>\u00a0<br>En su intervenci\u00f3n, el alcalde Humberto Parra Sosa inform\u00f3 que durante los primeros dos a\u00f1os de su administraci\u00f3n se rehabilitaron 1.1 kil\u00f3metros de calles, equivalentes a seis mil 600 metros cuadrados de vialidades.<br>\u00a0<br>En la comisar\u00eda de Pustunich se construy\u00f3 un nuevo telebachillerato, se rehabilit\u00f3 la escuela ind\u00edgena Josefa Ortiz de Dom\u00ednguez y se realizaron mejoras en los sistemas de agua potable. Asimismo, en Yothol\u00edn se construyeron tres kil\u00f3metros de caminos sacacosechas en la unidad productiva Yaax Nik, con lo que el municipio suma 19.3 kil\u00f3metros de caminos rurales.<br>\u00a0<br>\u201cEsta noche puedo decirlo con humildad, pero tambi\u00e9n con mucho orgullo: en dos a\u00f1os, Ticul es otro\u201d, afirm\u00f3 el presidente municipal ante integrantes del Cabildo y habitantes que acudieron al informe.<br>\u00a0<br>Antes de la ceremonia, el Gobernador fue testigo de la entrega de un quir\u00f3fano m\u00f3vil para el bienestar animal, que brindar\u00e1 atenci\u00f3n a animales en situaci\u00f3n de calle que requieran servicios m\u00e9dicos.<br>\u00a0<br>Asistieron la diputada local Neyda Pat Dzul; el subsecretario de Educaci\u00f3n Superior, Hebert de Jes\u00fas Dzib Peraza, y Guillermo Matos, representante de la Secretar\u00eda de Desarrollo Rural, entre otras autoridades e invitados.<\/p>\n\n\n\n<figure class=\"wp-block-image size-large\"><img loading=\"lazy\" decoding=\"async\" width=\"1024\" height=\"682\" src=\"http:\/\/vertienteglobal.com\/wp-content\/uploads\/2026\/08\/1001532613-1024x682.jpg\" alt=\"\" class=\"wp-image-264524\" srcset=\"http:\/\/vertienteglobal.com\/wp-content\/uploads\/2026\/08\/1001532613-1024x682.jpg 1024w, http:\/\/vertienteglobal.com\/wp-content\/uploads\/2026\/08\/1001532613-300x200.jpg 300w, http:\/\/vertienteglobal.com\/wp-content\/uploads\/2026\/08\/1001532613-150x100.jpg 150w, http:\/\/vertienteglobal.com\/wp-content\/uploads\/2026\/08\/1001532613-768x512.jpg 768w, http:\/\/vertienteglobal.com\/wp-content\/uploads\/2026\/08\/1001532613-1536x1024.jpg 1536w, http:\/\/vertienteglobal.com\/wp-content\/uploads\/2026\/08\/1001532613-2048x1365.jpg 2048w\" sizes=\"auto, (max-width: 1024px) 100vw, 1024px\" \/><\/figure>\n\n\n\n<figure class=\"wp-block-image size-large\"><img loading=\"lazy\" decoding=\"async\" width=\"1024\" height=\"682\" src=\"http:\/\/vertienteglobal.com\/wp-content\/uploads\/2026\/08\/1001532614-1024x682.jpg\" alt=\"\" class=\"wp-image-264525\" srcset=\"http:\/\/vertienteglobal.com\/wp-content\/uploads\/2026\/08\/1001532614-1024x682.jpg 1024w, http:\/\/vertienteglobal.com\/wp-content\/uploads\/2026\/08\/1001532614-300x200.jpg 300w, http:\/\/vertienteglobal.com\/wp-content\/uploads\/2026\/08\/1001532614-150x100.jpg 150w, http:\/\/vertienteglobal.com\/wp-content\/uploads\/2026\/08\/1001532614-768x512.jpg 768w, http:\/\/vertienteglobal.com\/wp-content\/uploads\/2026\/08\/1001532614-1536x1024.jpg 1536w, http:\/\/vertienteglobal.com\/wp-content\/uploads\/2026\/08\/1001532614-2048x1365.jpg 2048w\" sizes=\"auto, (max-width: 1024px) 100vw, 1024px\" \/><\/figure>\n\n\n\n<figure class=\"wp-block-image size-large\"><img loading=\"lazy\" decoding=\"async\" width=\"1024\" height=\"682\" src=\"http:\/\/vertienteglobal.com\/wp-content\/uploads\/2026\/08\/1001532615-1024x682.jpg\" alt=\"\" class=\"wp-image-264526\" srcset=\"http:\/\/vertienteglobal.com\/wp-content\/uploads\/2026\/08\/1001532615-1024x682.jpg 1024w, http:\/\/vertienteglobal.com\/wp-content\/uploads\/2026\/08\/1001532615-300x200.jpg 300w, http:\/\/vertienteglobal.com\/wp-content\/uploads\/2026\/08\/1001532615-150x100.jpg 150w, http:\/\/vertienteglobal.com\/wp-content\/uploads\/2026\/08\/1001532615-768x512.jpg 768w, http:\/\/vertienteglobal.com\/wp-content\/uploads\/2026\/08\/1001532615-1536x1024.jpg 1536w, http:\/\/vertienteglobal.com\/wp-content\/uploads\/2026\/08\/1001532615-2048x1365.jpg 2048w\" sizes=\"auto, (max-width: 1024px) 100vw, 1024px\" \/><\/figure>\n\n\n\n<figure class=\"wp-block-image size-large\"><img loading=\"lazy\" decoding=\"async\" width=\"1024\" height=\"682\" src=\"http:\/\/vertienteglobal.com\/wp-content\/uploads\/2026\/08\/1001532616-1024x682.jpg\" alt=\"\" class=\"wp-image-264527\" srcset=\"http:\/\/vertienteglobal.com\/wp-content\/uploads\/2026\/08\/1001532616-1024x682.jpg 1024w, http:\/\/vertienteglobal.com\/wp-content\/uploads\/2026\/08\/1001532616-300x200.jpg 300w, http:\/\/vertienteglobal.com\/wp-content\/uploads\/2026\/08\/1001532616-150x100.jpg 150w, http:\/\/vertienteglobal.com\/wp-content\/uploads\/2026\/08\/1001532616-768x512.jpg 768w, http:\/\/vertienteglobal.com\/wp-content\/uploads\/2026\/08\/1001532616-1536x1024.jpg 1536w, http:\/\/vertienteglobal.com\/wp-content\/uploads\/2026\/08\/1001532616-2048x1365.jpg 2048w\" sizes=\"auto, (max-width: 1024px) 100vw, 1024px\" \/><\/figure>\n\n\n\n<figure class=\"wp-block-embed is-type-rich is-provider-x wp-block-embed-x\"><div class=\"wp-block-embed__wrapper\">\n<div class=\"oceanwp-oembed-wrap clr\"><div class=\"embed-x\"><blockquote class=\"twitter-tweet\" data-width=\"550\" data-dnt=\"true\"><p lang=\"es\" dir=\"ltr\">El Gobernador de Yucat\u00e1n, Joaqu\u00edn D\u00edaz A (<a href=\"https:\/\/x.com\/huachodiazmena?ref_src=twsrc%5Etfw\">@huachodiazmena<\/a>) junto a mi esposa, la Mtra. Wendy Yamile M\u00e9ndez Naal, Presidenta Honoraria del DIF Yucat\u00e1n (<a href=\"https:\/\/x.com\/DIF_Yucatan?ref_src=twsrc%5Etfw\">@DIF_Yucatan<\/a>), acompa\u00f1aron al alcalde de <a href=\"https:\/\/x.com\/hashtag\/Ticul?src=hash&amp;ref_src=twsrc%5Etfw\">#Ticul<\/a>, Beto Parra, en su Segundo Informe de Gobierno.<a href=\"https:\/\/x.com\/search?q=%24Ticul&amp;src=ctag&amp;ref_src=twsrc%5Etfw\">$Ticul<\/a> es un municipio con\u2026 <a href=\"https:\/\/t.co\/d2W7xR0a2M\">pic.twitter.com\/d2W7xR0a2M<\/a><\/p>&mdash; vertienteglobal.com (@VertienteGloba1) <a href=\"https:\/\/x.com\/VertienteGloba1\/status\/2094309227825131914?ref_src=twsrc%5Etfw\">August 31, 2026<\/a><\/blockquote><script async src=\"https:\/\/platform.x.com\/widgets.js\" charset=\"utf-8\"><\/script><\/div><\/div>\n<\/div><\/figure>\n","protected":false},"excerpt":{"rendered":"<p>(Redacci\u00f3n) Pilares Renacimiento Maya ofrecer\u00e1 actividades culturales y deportivas como parte de la estrategia Aliados por la Vida, con recursos del Gobierno del Estado y el Ayuntamiento, en beneficio de m\u00e1s de 40 mil habitantes Ticul, Yucat\u00e1n, 30 de agosto de 2026.- Con una inversi\u00f3n superior a 40 millones de pesos, Ticul contar\u00e1 con Pilares [&hellip;]<\/p>\n","protected":false},"author":6,"featured_media":264523,"comment_status":"open","ping_status":"open","sticky":false,"template":"","format":"standard","meta":{"footnotes":""},"categories":[2],"tags":[],"class_list":["post-264522","post","type-post","status-publish","format-standard","has-post-thumbnail","hentry","category-yucatan","entry","has-media"],"jetpack_featured_media_url":"http:\/\/vertienteglobal.com\/wp-content\/uploads\/2026\/08\/1001532612.jpg","_links":{"self":[{"href":"http:\/\/vertienteglobal.com\/index.php?rest_route=\/wp\/v2\/posts\/264522","targetHints":{"allow":["GET"]}}],"collection":[{"href":"http:\/\/vertienteglobal.com\/index.php?rest_route=\/wp\/v2\/posts"}],"about":[{"href":"http:\/\/vertienteglobal.com\/index.php?rest_route=\/wp\/v2\/types\/post"}],"author":[{"embeddable":true,"href":"http:\/\/vertienteglobal.com\/index.php?rest_route=\/wp\/v2\/users\/6"}],"replies":[{"embeddable":true,"href":"http:\/\/vertienteglobal.com\/index.php?rest_route=%2Fwp%2Fv2%2Fcomments&post=264522"}],"version-history":[{"count":1,"href":"http:\/\/vertienteglobal.com\/index.php?rest_route=\/wp\/v2\/posts\/264522\/revisions"}],"predecessor-version":[{"id":264528,"href":"http:\/\/vertienteglobal.com\/index.php?rest_route=\/wp\/v2\/posts\/264522\/revisions\/264528"}],"wp:featuredmedia":[{"embeddable":true,"href":"http:\/\/vertienteglobal.com\/index.php?rest_route=\/wp\/v2\/media\/264523"}],"wp:attachment":[{"href":"http:\/\/vertienteglobal.com\/index.php?rest_route=%2Fwp%2Fv2%2Fmedia&parent=264522"}],"wp:term":[{"taxonomy":"category","embeddable":true,"href":"http:\/\/vertienteglobal.com\/index.php?rest_route=%2Fwp%2Fv2%2Fcategories&post=264522"},{"taxonomy":"post_tag","embeddable":true,"href":"http:\/\/vertienteglobal.com\/index.php?rest_route=%2Fwp%2Fv2%2Ftags&post=264522"}],"curies":[{"name":"wp","href":"https:\/\/api.w.org\/{rel}","templated":true}]}}