{"id":264515,"date":"2026-08-30T14:19:00","date_gmt":"2026-08-30T19:19:00","guid":{"rendered":"http:\/\/vertienteglobal.com\/?p=264515"},"modified":"2026-08-31T01:04:52","modified_gmt":"2026-08-31T06:04:52","slug":"gobernador-joaquin-diaz-mena-reconoce-a-mas-de-3800-trabajadoras-y-trabajadores-de-apoyo-a-la-educacion-video","status":"publish","type":"post","link":"http:\/\/vertienteglobal.com\/?p=264515","title":{"rendered":"Gobernador Joaqu\u00edn D\u00edaz Mena reconoce a m\u00e1s de 3,800 trabajadoras y trabajadores de apoyo a la educaci\u00f3n (+V\u00eddeo)"},"content":{"rendered":"\n<div class=\"twitterbutton\" style=\"float: right; padding-left: 5px;\"><a href=\"http:\/\/twitter.com\/share\" class=\"twitter-share-button\" data-count=\"horizontal\" data-text=\"Gobernador Joaqu\u00edn D\u00edaz Mena reconoce a m\u00e1s de 3,800 trabajadoras y trabajado...\" data-via=\"https:\/\/twitter.com\/VertienteGloba1\" data-url=\"http:\/\/vertienteglobal.com\/?p=264515\" data-lang=\"es\" data-related=\"Informaci\u00f3n general:S\u00edguenos para que est\u00e9ss informado\"><\/a><\/div>\n<figure class=\"wp-block-image size-full\"><img decoding=\"async\" src=\"http:\/\/vertienteglobal.com\/wp-content\/uploads\/2026\/08\/1001532607.jpg\" alt=\"\" class=\"wp-image-264516\"\/><\/figure>\n\n\n\n<p>(Redacci\u00f3n)<\/p>\n\n\n\n<p><em>El mandatario estatal encabez\u00f3 la conmemoraci\u00f3n del D\u00eda del Personal de Apoyo y Asistencia a la Educaci\u00f3n y reiter\u00f3 su compromiso con las m\u00e1s de 3,800 trabajadoras y trabajadores que contribuyen al funcionamiento de las escuelas de Yucat\u00e1n<\/em><\/p>\n\n\n\n<p>M\u00e9rida, Yucat\u00e1n, 30 de agosto de 2026.-El Gobierno del Renacimiento Maya reconoci\u00f3 la labor de m\u00e1s de 3,800 trabajadoras y trabajadores del Personal de Apoyo y Asistencia a la Educaci\u00f3n (PAAE), quienes, desde distintas funciones, hacen posible la operaci\u00f3n diaria de las escuelas y contribuyen a garantizar el derecho a la educaci\u00f3n en Yucat\u00e1n.<br>\u00a0<br>Durante la conmemoraci\u00f3n del D\u00eda del Personal de Apoyo y Asistencia a la Educaci\u00f3n, el Gobernador Joaqu\u00edn D\u00edaz Mena afirm\u00f3 que su administraci\u00f3n avanza en justicia social para este sector, al reconocer su trabajo, dar mayor certeza laboral y devolverle el lugar de respeto y dignidad que merece dentro del sistema educativo.<br>\u00a0<br>\u201cUn Gobierno con rostro humano comienza por reconocer a quien sirve a la gente, cuida a su base trabajadora, la escucha y le da certeza. Ese es el mensaje que hoy enviamos a todas y todos los servidores p\u00fablicos de Yucat\u00e1n\u201d, afirm\u00f3 el mandatario estatal.<br>\u00a0<br>En ese sentido, D\u00edaz Mena se\u00f1al\u00f3 que, por segundo a\u00f1o consecutivo, Yucat\u00e1n dedica una fecha a reconocer la labor del PAAE y a otorgarle el lugar de respeto, gratitud y justicia que merece. Asimismo, indic\u00f3 que esta celebraci\u00f3n se mantendr\u00e1 como una tradici\u00f3n anual, en reconocimiento a quienes hacen posible el funcionamiento de las escuelas.<br>\u00a0<br>Acompa\u00f1ado de la Presidenta Honoraria del DIF Yucat\u00e1n, Mtra. Wendy M\u00e9ndez Naal, el titular del Ejecutivo estatal destac\u00f3 el compromiso de las trabajadoras y trabajadores del PAAE, cuya labor sostiene todos los d\u00edas la operaci\u00f3n del sistema educativo.<br>\u00a0<br>\u201cUstedes son las manos que muchas veces trabajan sin reflectores; quienes se encargan de la oficina, el archivo, el control escolar, el mantenimiento y la vigilancia de las escuelas, as\u00ed como de los servicios t\u00e9cnicos que brindan apoyo especializado a las maestras y los maestros de Yucat\u00e1n. Una escuela abre sus puertas cada ma\u00f1ana porque detr\u00e1s hay alguien que ya hizo su parte, y esa labor estuvo olvidada durante mucho tiempo\u201d, sostuvo.<br>\u00a0<br>El Gobernador se\u00f1al\u00f3 que durante a\u00f1os se habl\u00f3 de educaci\u00f3n pensando \u00fanicamente en la labor dentro de las aulas y se dej\u00f3 de lado a quienes hacen posible que esta funcione cada d\u00eda. Ante ello, asegur\u00f3 que su Gobierno decidi\u00f3 cambiar esa historia y reconocer que la educaci\u00f3n es una tarea de equipo, en la que el trabajo del PAAE resulta fundamental.<br>\u00a0<br>Como parte de este compromiso, la administraci\u00f3n estatal ha brindado mayor certeza laboral mediante la asignaci\u00f3n transparente de plazas administrativas y estableci\u00f3 esta fecha como d\u00eda inh\u00e1bil para que las trabajadoras y trabajadores puedan descansar, convivir y celebrar el reconocimiento a su labor.<br>\u00a0<br>A su vez, el secretario de Educaci\u00f3n, Juan Balam V\u00e1rguez, indic\u00f3 que ninguna administraci\u00f3n hab\u00eda reconocido a este personal como lo hace el Gobierno de D\u00edaz Mena, al valorar el esfuerzo de quienes permiten que la gran estructura educativa funcione en la entidad.<br>\u00a0<br>Por su parte, el secretario general de la Secci\u00f3n 57 del Sindicato Nacional de Trabajadores de la Educaci\u00f3n (SNTE), Alejandro Chulim Cim\u00e9, se\u00f1al\u00f3 que, en la actual administraci\u00f3n, el personal de apoyo ha adquirido la importancia que merece, al constituirse como uno de los pilares sobre los cuales se sostiene el derecho a la educaci\u00f3n.<br>\u00a0<br>\u201cHoy queremos decirles que su labor no pasa desapercibida: la vemos, la valoramos y la agradecemos infinitamente. Gracias por ser el coraz\u00f3n operativo de la educaci\u00f3n en Yucat\u00e1n\u201d, expres\u00f3 Chulim Cim\u00e9, quien los anim\u00f3 a continuar desempe\u00f1ando su labor con orgullo, vocaci\u00f3n de servicio y calidez humana.<br>\u00a0<br>Estuvieron presentes la diputada local Maribel Chuc Ayala; la titular de la Oficina de Enlace Educativo de la Secretar\u00eda de Educaci\u00f3n P\u00fablica (SEP) en Yucat\u00e1n, Eunice Mis Jim\u00e9nez; el secretario general de la Secci\u00f3n 33 del SNTE, BJ Emanuel Gonz\u00e1lez Ch\u00e1vez; el representante del Comit\u00e9 Ejecutivo Nacional del SNTE ante la Secci\u00f3n 57, Manuel Jes\u00fas Tzab Castro; el representante del Comit\u00e9 Ejecutivo Nacional del SNTE ante la Secci\u00f3n 33, Juan Gabriel Corchado Acevedo; la secretaria general del Sytte, Yolanda del Socorro G\u00f3ngora Sosa; el secretario general del Setey, Carlos Angulo Flores; la comisionada estatal del GNTE, Flor de Abril Arnal Gonz\u00e1lez; la secretaria general del Sitem, Elvira Caamal V\u00e1zquez, y el diputado local Juli\u00e1n Bustillos Medina.<\/p>\n\n\n\n<figure class=\"wp-block-image size-full\"><img decoding=\"async\" src=\"http:\/\/vertienteglobal.com\/wp-content\/uploads\/2026\/08\/1001532608.jpg\" alt=\"\" class=\"wp-image-264517\"\/><\/figure>\n\n\n\n<figure class=\"wp-block-image size-full\"><img decoding=\"async\" src=\"http:\/\/vertienteglobal.com\/wp-content\/uploads\/2026\/08\/1001532609.jpg\" alt=\"\" class=\"wp-image-264518\"\/><\/figure>\n\n\n\n<figure class=\"wp-block-image size-full\"><img loading=\"lazy\" decoding=\"async\" width=\"2560\" height=\"1707\" src=\"http:\/\/vertienteglobal.com\/wp-content\/uploads\/2026\/08\/1001532610-scaled.jpg\" alt=\"\" class=\"wp-image-264519\"\/><\/figure>\n\n\n\n<figure class=\"wp-block-image size-full\"><img loading=\"lazy\" decoding=\"async\" width=\"2560\" height=\"1707\" src=\"http:\/\/vertienteglobal.com\/wp-content\/uploads\/2026\/08\/1001532611-scaled.jpg\" alt=\"\" class=\"wp-image-264520\" srcset=\"http:\/\/vertienteglobal.com\/wp-content\/uploads\/2026\/08\/1001532611-scaled.jpg 2560w, http:\/\/vertienteglobal.com\/wp-content\/uploads\/2026\/08\/1001532611-300x200.jpg 300w\" sizes=\"auto, (max-width: 2560px) 100vw, 2560px\" \/><\/figure>\n\n\n\n<figure class=\"wp-block-embed is-type-rich is-provider-x wp-block-embed-x\"><div class=\"wp-block-embed__wrapper\">\n<div class=\"oceanwp-oembed-wrap clr\"><div class=\"embed-x\"><blockquote class=\"twitter-tweet\" data-width=\"550\" data-dnt=\"true\"><p lang=\"es\" dir=\"ltr\">Gobernador Joaqu\u00edn D\u00edaz Mena (<a href=\"https:\/\/x.com\/huachodiazmena?ref_src=twsrc%5Etfw\">@huachodiazmena<\/a>) reconoce a m\u00e1s de 3,800 trabajadoras y trabajadores de apoyo a la educaci\u00f3n*<br>\u00a0<br>El mandatario estatal encabez\u00f3 la conmemoraci\u00f3n del D\u00eda del Personal de Apoyo y Asistencia a la Educaci\u00f3n y reiter\u00f3 su compromiso con las m\u00e1s de 3,800\u2026 <a href=\"https:\/\/t.co\/au2daxV7ja\">pic.twitter.com\/au2daxV7ja<\/a><\/p>&mdash; vertienteglobal.com (@VertienteGloba1) <a href=\"https:\/\/x.com\/VertienteGloba1\/status\/2094297118424891676?ref_src=twsrc%5Etfw\">August 31, 2026<\/a><\/blockquote><script async src=\"https:\/\/platform.x.com\/widgets.js\" charset=\"utf-8\"><\/script><\/div><\/div>\n<\/div><\/figure>\n","protected":false},"excerpt":{"rendered":"<p>(Redacci\u00f3n) El mandatario estatal encabez\u00f3 la conmemoraci\u00f3n del D\u00eda del Personal de Apoyo y Asistencia a la Educaci\u00f3n y reiter\u00f3 su compromiso con las m\u00e1s de 3,800 trabajadoras y trabajadores que contribuyen al funcionamiento de las escuelas de Yucat\u00e1n M\u00e9rida, Yucat\u00e1n, 30 de agosto de 2026.-El Gobierno del Renacimiento Maya reconoci\u00f3 la labor de m\u00e1s [&hellip;]<\/p>\n","protected":false},"author":6,"featured_media":264516,"comment_status":"open","ping_status":"open","sticky":false,"template":"","format":"standard","meta":{"footnotes":""},"categories":[2],"tags":[],"class_list":["post-264515","post","type-post","status-publish","format-standard","has-post-thumbnail","hentry","category-yucatan","entry","has-media"],"jetpack_featured_media_url":"http:\/\/vertienteglobal.com\/wp-content\/uploads\/2026\/08\/1001532607.jpg","_links":{"self":[{"href":"http:\/\/vertienteglobal.com\/index.php?rest_route=\/wp\/v2\/posts\/264515","targetHints":{"allow":["GET"]}}],"collection":[{"href":"http:\/\/vertienteglobal.com\/index.php?rest_route=\/wp\/v2\/posts"}],"about":[{"href":"http:\/\/vertienteglobal.com\/index.php?rest_route=\/wp\/v2\/types\/post"}],"author":[{"embeddable":true,"href":"http:\/\/vertienteglobal.com\/index.php?rest_route=\/wp\/v2\/users\/6"}],"replies":[{"embeddable":true,"href":"http:\/\/vertienteglobal.com\/index.php?rest_route=%2Fwp%2Fv2%2Fcomments&post=264515"}],"version-history":[{"count":1,"href":"http:\/\/vertienteglobal.com\/index.php?rest_route=\/wp\/v2\/posts\/264515\/revisions"}],"predecessor-version":[{"id":264521,"href":"http:\/\/vertienteglobal.com\/index.php?rest_route=\/wp\/v2\/posts\/264515\/revisions\/264521"}],"wp:featuredmedia":[{"embeddable":true,"href":"http:\/\/vertienteglobal.com\/index.php?rest_route=\/wp\/v2\/media\/264516"}],"wp:attachment":[{"href":"http:\/\/vertienteglobal.com\/index.php?rest_route=%2Fwp%2Fv2%2Fmedia&parent=264515"}],"wp:term":[{"taxonomy":"category","embeddable":true,"href":"http:\/\/vertienteglobal.com\/index.php?rest_route=%2Fwp%2Fv2%2Fcategories&post=264515"},{"taxonomy":"post_tag","embeddable":true,"href":"http:\/\/vertienteglobal.com\/index.php?rest_route=%2Fwp%2Fv2%2Ftags&post=264515"}],"curies":[{"name":"wp","href":"https:\/\/api.w.org\/{rel}","templated":true}]}}