{"id":264501,"date":"2026-08-30T19:21:00","date_gmt":"2026-08-31T00:21:00","guid":{"rendered":"http:\/\/vertienteglobal.com\/?p=264501"},"modified":"2026-08-31T00:49:12","modified_gmt":"2026-08-31T05:49:12","slug":"yucatan-refuerza-acciones-de-proteccion-y-acompanamiento-a-la-lactancia-materna","status":"publish","type":"post","link":"http:\/\/vertienteglobal.com\/?p=264501","title":{"rendered":"Yucat\u00e1n refuerza acciones de protecci\u00f3n y acompa\u00f1amiento a la lactancia materna"},"content":{"rendered":"\n<div class=\"twitterbutton\" style=\"float: right; padding-left: 5px;\"><a href=\"http:\/\/twitter.com\/share\" class=\"twitter-share-button\" data-count=\"horizontal\" data-text=\"Yucat\u00e1n refuerza acciones de protecci\u00f3n y acompa\u00f1amiento a la lactancia mater...\" data-via=\"https:\/\/twitter.com\/VertienteGloba1\" data-url=\"http:\/\/vertienteglobal.com\/?p=264501\" data-lang=\"es\" data-related=\"Informaci\u00f3n general:S\u00edguenos para que est\u00e9ss informado\"><\/a><\/div>\n<figure class=\"wp-block-image size-large\"><img loading=\"lazy\" decoding=\"async\" width=\"1024\" height=\"682\" src=\"http:\/\/vertienteglobal.com\/wp-content\/uploads\/2026\/08\/1001532586-1024x682.jpg\" alt=\"\" class=\"wp-image-264502\" srcset=\"http:\/\/vertienteglobal.com\/wp-content\/uploads\/2026\/08\/1001532586-1024x682.jpg 1024w, http:\/\/vertienteglobal.com\/wp-content\/uploads\/2026\/08\/1001532586-300x200.jpg 300w, http:\/\/vertienteglobal.com\/wp-content\/uploads\/2026\/08\/1001532586-150x100.jpg 150w, http:\/\/vertienteglobal.com\/wp-content\/uploads\/2026\/08\/1001532586-768x512.jpg 768w, http:\/\/vertienteglobal.com\/wp-content\/uploads\/2026\/08\/1001532586-1536x1023.jpg 1536w, http:\/\/vertienteglobal.com\/wp-content\/uploads\/2026\/08\/1001532586.jpg 1600w\" sizes=\"auto, (max-width: 1024px) 100vw, 1024px\" \/><\/figure>\n\n\n\n<p>(Redacci\u00f3n)<\/p>\n\n\n\n<p><em>DIF Yucat\u00e1n y SSY promueven entornos favorables para que las madres cuenten con informaci\u00f3n, apoyo y condiciones adecuadas durante esta etapa<\/em><\/p>\n\n\n\n<p>M\u00e9rida, Yucat\u00e1n, 30 de agosto 2026.-Para que las madres cuenten con informaci\u00f3n, acompa\u00f1amiento y condiciones adecuadas durante la lactancia materna, el Gobierno del Estado, a trav\u00e9s del Sistema DIF Yucat\u00e1n y la Secretar\u00eda de Salud de Yucat\u00e1n (SSY), realiz\u00f3 el encuentro \u201cLactancia materna: un inicio sostenible en cualquier circunstancia. Fortalezcamos las acciones que funcionan\u201d, en la Universidad Marista de M\u00e9rida.<\/p>\n\n\n\n<p>La Presidenta Honoraria del DIF Yucat\u00e1n, Mtra. Wendy M\u00e9ndez Naal, afirm\u00f3 que la lactancia representa amor, v\u00ednculo y cuidado, por lo que resulta fundamental que las mujeres tengan informaci\u00f3n y redes de apoyo para vivir esta etapa sin sentirse solas.<\/p>\n\n\n\n<p>Al compartir su experiencia como madre de un ni\u00f1o que naci\u00f3 prematuramente, destac\u00f3 la importancia de la leche materna para el crecimiento, desarrollo y recuperaci\u00f3n de los beb\u00e9s, especialmente de quienes nacen antes de t\u00e9rmino.<\/p>\n\n\n\n<p>M\u00e9ndez Naal reconoci\u00f3 que cada mujer vive circunstancias distintas y que este proceso puede estar acompa\u00f1ado de cansancio, dolor o dudas. Por ello, llam\u00f3 a respetar sus experiencias y brindarles apoyo oportuno. \u201cLo importante es que sepan que no est\u00e1n solas, que merecen tener informaci\u00f3n, acompa\u00f1amiento y apoyo\u201d, afirm\u00f3.<\/p>\n\n\n\n<p>La Presidenta Honoraria explic\u00f3 que, mediante los programas de alimentaci\u00f3n durante los primeros mil d\u00edas de vida, el DIF Yucat\u00e1n promueve esta pr\u00e1ctica con talleres y capacitaciones en los 106 municipios. Asimismo, reconoci\u00f3 la participaci\u00f3n de los Sistemas Municipales DIF y del personal de salud que orienta a las familias desde las comunidades.<\/p>\n\n\n\n<p>Tambi\u00e9n destac\u00f3 el compromiso del Gobernador Joaqu\u00edn D\u00edaz Mena con el bienestar de ni\u00f1as, ni\u00f1os y familias yucatecas, as\u00ed como con la creaci\u00f3n de espacios dignos que permitan a las mujeres alimentar a sus beb\u00e9s sin renunciar a su trabajo o a sus actividades cotidianas.<\/p>\n\n\n\n<p>En representaci\u00f3n del secretario de Salud y director general de los Servicios de Salud de Yucat\u00e1n, Miguel Alberto Alcocer Gamboa, la directora de Nutrici\u00f3n y Enfermedades Cr\u00f3nicas, Mar\u00eda Giselle Maga\u00f1a Brito, se\u00f1al\u00f3 que la lactancia materna representa salud, nutrici\u00f3n, desarrollo y derechos.<\/p>\n\n\n\n<p>Maga\u00f1a Brito puntualiz\u00f3 que su continuidad no depende \u00fanicamente de las madres, sino tambi\u00e9n de las condiciones y del respaldo que les ofrezca su entorno, por lo que resulta necesario fortalecer redes de apoyo en instituciones, municipios, centros educativos, espacios laborales y servicios de salud.<\/p>\n\n\n\n<p>Indic\u00f3 que Yucat\u00e1n ha avanzado en la habilitaci\u00f3n de salas de lactancia y lactarios hospitalarios, adem\u00e1s de reforzar la orientaci\u00f3n que brindan instituciones de salud, municipios, sistemas DIF, centros educativos, empresas, profesionales sanitarios y parteras tradicionales.<\/p>\n\n\n\n<p>Como parte de esta estrategia, se estableci\u00f3 la meta de incrementar de 34.2% a 70% la tasa de lactancia materna exclusiva en menores de seis meses para 2030. Para avanzar hacia este objetivo, la certificaci\u00f3n de \u201cEntornos amigables con la lactancia materna\u201d promueve condiciones adecuadas, especialmente para madres trabajadoras.<\/p>\n\n\n\n<p>Durante la jornada se presentaron materiales audiovisuales sobre los \u201cEntornos amigables con la lactancia materna\u201d y las acciones que desarrollan los Sistemas Municipales DIF. Tambi\u00e9n se impartieron ponencias sobre el C\u00f3digo Internacional de Comercializaci\u00f3n de Suced\u00e1neos de la Leche Materna y el ejercicio de la pediatr\u00eda prolactancia, con la participaci\u00f3n de especialistas de Unicef M\u00e9xico y del Colegio de Pediatr\u00eda del Estado de Yucat\u00e1n.<\/p>\n\n\n\n<p>Asimismo, se entregaron constancias a representantes de los centros de salud de San Jos\u00e9 Kanas\u00edn, Valladolid y Santa Elena; a parteras tradicionales de Sotuta, Valladolid y Tzucacab, y a integrantes de los Sistemas Municipales DIF de Opich\u00e9n, Panab\u00e1 y Tizim\u00edn, por su compromiso con la promoci\u00f3n, protecci\u00f3n y apoyo a esta pr\u00e1ctica.<\/p>\n\n\n\n<p>En el encuentro participaron tambi\u00e9n el oficial de Soporte en Nutrici\u00f3n de Unicef M\u00e9xico, Wilberth Sol\u00eds Concha; el director de Prevenci\u00f3n y Protecci\u00f3n de la Salud de los Servicios de Salud de Yucat\u00e1n, Javier Ignacio Balam L\u00f3pez; el director de Desarrollo Comunitario y Alimentaci\u00f3n del Sistema DIF Yucat\u00e1n, Alfredo Joel Pacheco P\u00e9rez, y el director de la Escuela de Ciencias de la Salud de la Universidad Marista de M\u00e9rida, Luis Alberto M\u00e9ndez Trujeque.<\/p>\n\n\n\n<figure class=\"wp-block-image size-full\"><img loading=\"lazy\" decoding=\"async\" width=\"1600\" height=\"1066\" src=\"http:\/\/vertienteglobal.com\/wp-content\/uploads\/2026\/08\/1001532588.jpg\" alt=\"\" class=\"wp-image-264503\" srcset=\"http:\/\/vertienteglobal.com\/wp-content\/uploads\/2026\/08\/1001532588.jpg 1600w, http:\/\/vertienteglobal.com\/wp-content\/uploads\/2026\/08\/1001532588-300x200.jpg 300w, http:\/\/vertienteglobal.com\/wp-content\/uploads\/2026\/08\/1001532588-1024x682.jpg 1024w, http:\/\/vertienteglobal.com\/wp-content\/uploads\/2026\/08\/1001532588-150x100.jpg 150w, http:\/\/vertienteglobal.com\/wp-content\/uploads\/2026\/08\/1001532588-768x512.jpg 768w, http:\/\/vertienteglobal.com\/wp-content\/uploads\/2026\/08\/1001532588-1536x1023.jpg 1536w\" sizes=\"auto, (max-width: 1600px) 100vw, 1600px\" \/><\/figure>\n\n\n\n<figure class=\"wp-block-image size-large\"><img loading=\"lazy\" decoding=\"async\" width=\"1024\" height=\"652\" src=\"http:\/\/vertienteglobal.com\/wp-content\/uploads\/2026\/08\/1001532590-1024x652.jpg\" alt=\"\" class=\"wp-image-264504\" srcset=\"http:\/\/vertienteglobal.com\/wp-content\/uploads\/2026\/08\/1001532590-1024x652.jpg 1024w, http:\/\/vertienteglobal.com\/wp-content\/uploads\/2026\/08\/1001532590-300x191.jpg 300w, http:\/\/vertienteglobal.com\/wp-content\/uploads\/2026\/08\/1001532590-150x96.jpg 150w, http:\/\/vertienteglobal.com\/wp-content\/uploads\/2026\/08\/1001532590-768x489.jpg 768w, http:\/\/vertienteglobal.com\/wp-content\/uploads\/2026\/08\/1001532590-1536x978.jpg 1536w, http:\/\/vertienteglobal.com\/wp-content\/uploads\/2026\/08\/1001532590.jpg 1600w\" sizes=\"auto, (max-width: 1024px) 100vw, 1024px\" \/><\/figure>\n\n\n\n<figure class=\"wp-block-image size-large\"><img loading=\"lazy\" decoding=\"async\" width=\"1024\" height=\"683\" src=\"http:\/\/vertienteglobal.com\/wp-content\/uploads\/2026\/08\/1001532589-1024x683.jpg\" alt=\"\" class=\"wp-image-264505\" srcset=\"http:\/\/vertienteglobal.com\/wp-content\/uploads\/2026\/08\/1001532589-1024x683.jpg 1024w, http:\/\/vertienteglobal.com\/wp-content\/uploads\/2026\/08\/1001532589-300x200.jpg 300w, http:\/\/vertienteglobal.com\/wp-content\/uploads\/2026\/08\/1001532589-150x100.jpg 150w, http:\/\/vertienteglobal.com\/wp-content\/uploads\/2026\/08\/1001532589-768x512.jpg 768w, http:\/\/vertienteglobal.com\/wp-content\/uploads\/2026\/08\/1001532589-1536x1024.jpg 1536w, http:\/\/vertienteglobal.com\/wp-content\/uploads\/2026\/08\/1001532589.jpg 1600w\" sizes=\"auto, (max-width: 1024px) 100vw, 1024px\" \/><\/figure>\n\n\n\n<figure class=\"wp-block-image size-large\"><img loading=\"lazy\" decoding=\"async\" width=\"1024\" height=\"687\" src=\"http:\/\/vertienteglobal.com\/wp-content\/uploads\/2026\/08\/1001532596-1024x687.jpg\" alt=\"\" class=\"wp-image-264506\" srcset=\"http:\/\/vertienteglobal.com\/wp-content\/uploads\/2026\/08\/1001532596-1024x687.jpg 1024w, http:\/\/vertienteglobal.com\/wp-content\/uploads\/2026\/08\/1001532596-300x201.jpg 300w, http:\/\/vertienteglobal.com\/wp-content\/uploads\/2026\/08\/1001532596-150x101.jpg 150w, http:\/\/vertienteglobal.com\/wp-content\/uploads\/2026\/08\/1001532596-768x515.jpg 768w, http:\/\/vertienteglobal.com\/wp-content\/uploads\/2026\/08\/1001532596-1536x1030.jpg 1536w, http:\/\/vertienteglobal.com\/wp-content\/uploads\/2026\/08\/1001532596.jpg 1600w\" sizes=\"auto, (max-width: 1024px) 100vw, 1024px\" \/><\/figure>\n","protected":false},"excerpt":{"rendered":"<p>(Redacci\u00f3n) DIF Yucat\u00e1n y SSY promueven entornos favorables para que las madres cuenten con informaci\u00f3n, apoyo y condiciones adecuadas durante esta etapa M\u00e9rida, Yucat\u00e1n, 30 de agosto 2026.-Para que las madres cuenten con informaci\u00f3n, acompa\u00f1amiento y condiciones adecuadas durante la lactancia materna, el Gobierno del Estado, a trav\u00e9s del Sistema DIF Yucat\u00e1n y la Secretar\u00eda [&hellip;]<\/p>\n","protected":false},"author":6,"featured_media":264502,"comment_status":"open","ping_status":"open","sticky":false,"template":"","format":"standard","meta":{"footnotes":""},"categories":[2],"tags":[],"class_list":["post-264501","post","type-post","status-publish","format-standard","has-post-thumbnail","hentry","category-yucatan","entry","has-media"],"jetpack_featured_media_url":"http:\/\/vertienteglobal.com\/wp-content\/uploads\/2026\/08\/1001532586.jpg","_links":{"self":[{"href":"http:\/\/vertienteglobal.com\/index.php?rest_route=\/wp\/v2\/posts\/264501","targetHints":{"allow":["GET"]}}],"collection":[{"href":"http:\/\/vertienteglobal.com\/index.php?rest_route=\/wp\/v2\/posts"}],"about":[{"href":"http:\/\/vertienteglobal.com\/index.php?rest_route=\/wp\/v2\/types\/post"}],"author":[{"embeddable":true,"href":"http:\/\/vertienteglobal.com\/index.php?rest_route=\/wp\/v2\/users\/6"}],"replies":[{"embeddable":true,"href":"http:\/\/vertienteglobal.com\/index.php?rest_route=%2Fwp%2Fv2%2Fcomments&post=264501"}],"version-history":[{"count":1,"href":"http:\/\/vertienteglobal.com\/index.php?rest_route=\/wp\/v2\/posts\/264501\/revisions"}],"predecessor-version":[{"id":264507,"href":"http:\/\/vertienteglobal.com\/index.php?rest_route=\/wp\/v2\/posts\/264501\/revisions\/264507"}],"wp:featuredmedia":[{"embeddable":true,"href":"http:\/\/vertienteglobal.com\/index.php?rest_route=\/wp\/v2\/media\/264502"}],"wp:attachment":[{"href":"http:\/\/vertienteglobal.com\/index.php?rest_route=%2Fwp%2Fv2%2Fmedia&parent=264501"}],"wp:term":[{"taxonomy":"category","embeddable":true,"href":"http:\/\/vertienteglobal.com\/index.php?rest_route=%2Fwp%2Fv2%2Fcategories&post=264501"},{"taxonomy":"post_tag","embeddable":true,"href":"http:\/\/vertienteglobal.com\/index.php?rest_route=%2Fwp%2Fv2%2Ftags&post=264501"}],"curies":[{"name":"wp","href":"https:\/\/api.w.org\/{rel}","templated":true}]}}