{"id":264492,"date":"2026-08-28T16:00:00","date_gmt":"2026-08-28T21:00:00","guid":{"rendered":"http:\/\/vertienteglobal.com\/?p=264492"},"modified":"2026-08-31T00:02:53","modified_gmt":"2026-08-31T05:02:53","slug":"museo-regional-de-la-costa-oriental-en-tulum-abre-al-publico-mas-de-300-piezas-de-la-cultura-maya-mara-lezama-video","status":"publish","type":"post","link":"http:\/\/vertienteglobal.com\/?p=264492","title":{"rendered":"Museo Regional de la Costa Oriental, en Tulum, abre al p\u00fablico m\u00e1s de 300 piezas de la cultura maya: Mara Lezama (+V\u00eddeo)"},"content":{"rendered":"\n<div class=\"twitterbutton\" style=\"float: right; padding-left: 5px;\"><a href=\"http:\/\/twitter.com\/share\" class=\"twitter-share-button\" data-count=\"horizontal\" data-text=\"Museo Regional de la Costa Oriental, en Tulum, abre al p\u00fablico m\u00e1s de 300 piez...\" data-via=\"https:\/\/twitter.com\/VertienteGloba1\" data-url=\"http:\/\/vertienteglobal.com\/?p=264492\" data-lang=\"es\" data-related=\"Informaci\u00f3n general:S\u00edguenos para que est\u00e9ss informado\"><\/a><\/div>\n<figure class=\"wp-block-image size-large\"><img loading=\"lazy\" decoding=\"async\" width=\"1024\" height=\"670\" src=\"http:\/\/vertienteglobal.com\/wp-content\/uploads\/2026\/08\/1001532562-1024x670.jpg\" alt=\"\" class=\"wp-image-264493\" srcset=\"http:\/\/vertienteglobal.com\/wp-content\/uploads\/2026\/08\/1001532562-1024x670.jpg 1024w, http:\/\/vertienteglobal.com\/wp-content\/uploads\/2026\/08\/1001532562-300x196.jpg 300w, http:\/\/vertienteglobal.com\/wp-content\/uploads\/2026\/08\/1001532562-150x98.jpg 150w, http:\/\/vertienteglobal.com\/wp-content\/uploads\/2026\/08\/1001532562-768x502.jpg 768w, http:\/\/vertienteglobal.com\/wp-content\/uploads\/2026\/08\/1001532562.jpg 1220w\" sizes=\"auto, (max-width: 1024px) 100vw, 1024px\" \/><\/figure>\n\n\n\n<p>(Redacci\u00f3n)<\/p>\n\n\n\n<p>El recinto, ubicado en el Parque Nacional del Jaguar, ofrece entrada gratuita de martes a domingo y complementa su propuesta con conferencias, cine, talleres infantiles, artesan\u00edas y presentaciones culturales<\/p>\n\n\n\n<p>Tulum, Quintana Roo 28 de agosto de 2026.- La riqueza arqueol\u00f3gica y cultural de la civilizaci\u00f3n maya tiene un nuevo espacio de encuentro con visitantes y habitantes de Quintana Roo en el Museo Regional de la Costa Oriental, ubicado dentro del Parque Nacional del Jaguar, en Tulum, donde se exhiben m\u00e1s de 300 piezas de arqueolog\u00eda maya, expres\u00f3 la gobernadora Mara Lezama Espinosa.<\/p>\n\n\n\n<p>El recinto destaca no s\u00f3lo por la magnitud de su colecci\u00f3n, sino tambi\u00e9n por ofrecer acceso completamente gratuito, de martes a domingo, en un horario de 9:00 de la ma\u00f1ana a 5:00 de la tarde, convirti\u00e9ndose en una alternativa para acercarse al patrimonio hist\u00f3rico de la regi\u00f3n.<\/p>\n\n\n\n<p>La propuesta del museo va m\u00e1s all\u00e1 de la exhibici\u00f3n arqueol\u00f3gica, pues cuenta con una agenda de actividades que incluye conferencias, funciones de cine, talleres para ni\u00f1as y ni\u00f1os, presentaciones culturales y la participaci\u00f3n de bordadoras, con lo que busca mantener vivo el v\u00ednculo entre el patrimonio maya y las expresiones culturales contempor\u00e1neas.<\/p>\n\n\n\n<p>Entre las piezas que sobresalen se encuentra una representaci\u00f3n de un personaje de la tradici\u00f3n maya, cuya elaboraci\u00f3n destaca por tratarse de una pieza trabajada de manera completa y que forma parte del acervo que puede apreciarse en este nuevo espacio cultural.<\/p>\n\n\n\n<p>Durante un recorrido por el museo, acompa\u00f1ada del director estatal del INAH, Margarito Molina, la Gobernadora destac\u00f3 que con su ubicaci\u00f3n estrat\u00e9gica en Tulum y una oferta cultural abierta a todo p\u00fablico, el Museo Regional de la Costa Oriental se consolida como un nuevo punto para conocer, valorar y acercarse a la historia de la cultura maya, con entrada gratuita y una propuesta que combina arqueolog\u00eda, educaci\u00f3n y cultura.<\/p>\n\n\n\n<figure class=\"wp-block-embed is-type-video is-provider-youtube wp-block-embed-youtube wp-embed-aspect-16-9 wp-has-aspect-ratio\"><div class=\"wp-block-embed__wrapper\">\n<div class=\"oceanwp-oembed-wrap clr\"><iframe loading=\"lazy\" title=\"Museo Regional de la Costa Oriental, en Tulum, abre al p\u00fablico m\u00e1s de 300 piezas de la cultura maya\" width=\"1200\" height=\"675\" src=\"https:\/\/www.youtube.com\/embed\/p6k7R1u4_tI?feature=oembed\" frameborder=\"0\" allow=\"accelerometer; autoplay; clipboard-write; encrypted-media; gyroscope; picture-in-picture; web-share\" referrerpolicy=\"strict-origin-when-cross-origin\" allowfullscreen><\/iframe><\/div>\n<\/div><\/figure>\n","protected":false},"excerpt":{"rendered":"<p>(Redacci\u00f3n) El recinto, ubicado en el Parque Nacional del Jaguar, ofrece entrada gratuita de martes a domingo y complementa su propuesta con conferencias, cine, talleres infantiles, artesan\u00edas y presentaciones culturales Tulum, Quintana Roo 28 de agosto de 2026.- La riqueza arqueol\u00f3gica y cultural de la civilizaci\u00f3n maya tiene un nuevo espacio de encuentro con visitantes [&hellip;]<\/p>\n","protected":false},"author":6,"featured_media":264493,"comment_status":"open","ping_status":"open","sticky":false,"template":"","format":"standard","meta":{"footnotes":""},"categories":[3],"tags":[],"class_list":["post-264492","post","type-post","status-publish","format-standard","has-post-thumbnail","hentry","category-quintana-roo","entry","has-media"],"jetpack_featured_media_url":"http:\/\/vertienteglobal.com\/wp-content\/uploads\/2026\/08\/1001532562.jpg","_links":{"self":[{"href":"http:\/\/vertienteglobal.com\/index.php?rest_route=\/wp\/v2\/posts\/264492","targetHints":{"allow":["GET"]}}],"collection":[{"href":"http:\/\/vertienteglobal.com\/index.php?rest_route=\/wp\/v2\/posts"}],"about":[{"href":"http:\/\/vertienteglobal.com\/index.php?rest_route=\/wp\/v2\/types\/post"}],"author":[{"embeddable":true,"href":"http:\/\/vertienteglobal.com\/index.php?rest_route=\/wp\/v2\/users\/6"}],"replies":[{"embeddable":true,"href":"http:\/\/vertienteglobal.com\/index.php?rest_route=%2Fwp%2Fv2%2Fcomments&post=264492"}],"version-history":[{"count":1,"href":"http:\/\/vertienteglobal.com\/index.php?rest_route=\/wp\/v2\/posts\/264492\/revisions"}],"predecessor-version":[{"id":264494,"href":"http:\/\/vertienteglobal.com\/index.php?rest_route=\/wp\/v2\/posts\/264492\/revisions\/264494"}],"wp:featuredmedia":[{"embeddable":true,"href":"http:\/\/vertienteglobal.com\/index.php?rest_route=\/wp\/v2\/media\/264493"}],"wp:attachment":[{"href":"http:\/\/vertienteglobal.com\/index.php?rest_route=%2Fwp%2Fv2%2Fmedia&parent=264492"}],"wp:term":[{"taxonomy":"category","embeddable":true,"href":"http:\/\/vertienteglobal.com\/index.php?rest_route=%2Fwp%2Fv2%2Fcategories&post=264492"},{"taxonomy":"post_tag","embeddable":true,"href":"http:\/\/vertienteglobal.com\/index.php?rest_route=%2Fwp%2Fv2%2Ftags&post=264492"}],"curies":[{"name":"wp","href":"https:\/\/api.w.org\/{rel}","templated":true}]}}