{"id":264479,"date":"2026-08-28T20:48:00","date_gmt":"2026-08-29T01:48:00","guid":{"rendered":"http:\/\/vertienteglobal.com\/?p=264479"},"modified":"2026-08-30T23:56:47","modified_gmt":"2026-08-31T04:56:47","slug":"presenta-mara-lezama-nueva-ruta-gastronomica-por-el-caribe-mexicano-en-el-que-quintana-roo-lleva-sus-aromas-y-sabores","status":"publish","type":"post","link":"http:\/\/vertienteglobal.com\/?p=264479","title":{"rendered":"Presenta Mara Lezama nueva ruta gastron\u00f3mica por el Caribe Mexicano, en el que Quintana Roo lleva sus aromas y sabores"},"content":{"rendered":"\n<div class=\"twitterbutton\" style=\"float: right; padding-left: 5px;\"><a href=\"http:\/\/twitter.com\/share\" class=\"twitter-share-button\" data-count=\"horizontal\" data-text=\"Presenta Mara Lezama nueva ruta gastron\u00f3mica por el Caribe Mexicano, en el que ...\" data-via=\"https:\/\/twitter.com\/VertienteGloba1\" data-url=\"http:\/\/vertienteglobal.com\/?p=264479\" data-lang=\"es\" data-related=\"Informaci\u00f3n general:S\u00edguenos para que est\u00e9ss informado\"><\/a><\/div>\n<figure class=\"wp-block-image size-large\"><img loading=\"lazy\" decoding=\"async\" width=\"1024\" height=\"683\" src=\"http:\/\/vertienteglobal.com\/wp-content\/uploads\/2026\/08\/1001532552-1024x683.jpg\" alt=\"\" class=\"wp-image-264480\" srcset=\"http:\/\/vertienteglobal.com\/wp-content\/uploads\/2026\/08\/1001532552-1024x683.jpg 1024w, http:\/\/vertienteglobal.com\/wp-content\/uploads\/2026\/08\/1001532552-300x200.jpg 300w, http:\/\/vertienteglobal.com\/wp-content\/uploads\/2026\/08\/1001532552-150x100.jpg 150w, http:\/\/vertienteglobal.com\/wp-content\/uploads\/2026\/08\/1001532552-768x512.jpg 768w, http:\/\/vertienteglobal.com\/wp-content\/uploads\/2026\/08\/1001532552-1536x1024.jpg 1536w, http:\/\/vertienteglobal.com\/wp-content\/uploads\/2026\/08\/1001532552.jpg 1600w\" sizes=\"auto, (max-width: 1024px) 100vw, 1024px\" \/><\/figure>\n\n\n\n<p>(Redacci\u00f3n)<\/p>\n\n\n\n<p>La gu\u00eda \u201cBocados de Mar y Tierra\u201d recorre los 12 destinos tur\u00edsticos del estado y rescata platillos, ingredientes y saberes que dan identidad a las cocinas tradicionales y contempor\u00e1neas de la entidad<\/p>\n\n\n\n<p>Tulum, Quintana Roo, 28 de agosto 2026.-Entre el aroma de las brasas, el sabor de los ingredientes del mar y la riqueza de los productos del campo, la gobernadora Mara Lezama present\u00f3 \u201cBocados de Mar y Tierra\u201d, una gu\u00eda gastron\u00f3mica que propone descubrir el Caribe Mexicano a trav\u00e9s de sus cocinas, sus recetas y las historias que se encuentran detr\u00e1s de cada platillo.<\/p>\n\n\n\n<p>Desde la Cocina de Humo del Parque del Jaguar, la Gobernadora destac\u00f3 que la gastronom\u00eda forma parte esencial de la experiencia tur\u00edstica y de la identidad de Quintana Roo, al reunir en una misma mesa los sabores, ingredientes y conocimientos transmitidos de generaci\u00f3n en generaci\u00f3n.<\/p>\n\n\n\n<p>La gu\u00eda invita a recorrer los 12 destinos del Caribe Mexicano, desde Holbox hasta Chetumal, pasando por comunidades, cocinas tradicionales y restaurantes donde los productos regionales se transforman en aut\u00e9nticas expresiones de la cultura quintanarroense.<\/p>\n\n\n\n<p>En sus p\u00e1ginas aparecen algunas de las joyas culinarias de la entidad, como el tok seel, preparado con piedras calientes; el tradicional tikin xic; camarones al coco; el rice and beans; tacos de pulpo con castac\u00e1n, as\u00ed como un particular ceviche cantinero elaborado con queso de bola.<\/p>\n\n\n\n<p>M\u00e1s all\u00e1 de los platillos, \u201cBocados de Mar y Tierra\u201d pone en valor a quienes hacen posible que estos sabores lleguen a la mesa: cocineras y cocineros tradicionales, pescadores, productores del campo, artesanas y familias que preservan ingredientes, t\u00e9cnicas y conocimientos que forman parte del patrimonio gastron\u00f3mico de Quintana Roo.<\/p>\n\n\n\n<p>La Gobernadora subray\u00f3 que esta iniciativa tambi\u00e9n representa una herramienta para fortalecer la econom\u00eda local y promover el consumo de productos de la regi\u00f3n, al vincular la actividad tur\u00edstica con las comunidades y los productores que mantienen viva la riqueza culinaria del estado.<\/p>\n\n\n\n<p>Las recetas incluidas en la publicaci\u00f3n est\u00e1n relacionadas adem\u00e1s con el recetario oficial \u201cSabores y Ra\u00edces: Un viaje por el Caribe Mexicano\u201d, concebido para preservar y proyectar la diversidad gastron\u00f3mica de la entidad.<\/p>\n\n\n\n<p>La elaboraci\u00f3n de la gu\u00eda fue resultado de la colaboraci\u00f3n entre el Consejo de Promoci\u00f3n Tur\u00edstica de Quintana Roo, el Comit\u00e9 de Fomento a la Gastronom\u00eda, la Secretar\u00eda de Turismo y Food and Travel, con el prop\u00f3sito de convertir la gastronom\u00eda en una puerta de entrada a los distintos rostros del Caribe Mexicano.<\/p>\n\n\n\n<p>Con esta propuesta, Quintana Roo busca que sus visitantes no s\u00f3lo recorran playas, selvas, ciudades y comunidades, sino que tambi\u00e9n se sienten a la mesa, prueben sus sabores y conozcan, a trav\u00e9s de los aromas y las recetas, la historia y la identidad de quienes habitan este territorio.<\/p>\n\n\n\n<p>\u201cBocados de Mar y Tierra\u201d plantea as\u00ed una ruta tur\u00edstica con sabor propio: una invitaci\u00f3n a conocer Quintana Roo con todos los sentidos y a descubrir que, detr\u00e1s de cada platillo, hay una comunidad, una tradici\u00f3n y una manera de contarle al mundo qui\u00e9nes somos, precis\u00f3 Mara Lezama.<\/p>\n\n\n\n<figure class=\"wp-block-image size-large\"><img loading=\"lazy\" decoding=\"async\" width=\"1024\" height=\"682\" src=\"http:\/\/vertienteglobal.com\/wp-content\/uploads\/2026\/08\/1001532553-1024x682.jpg\" alt=\"\" class=\"wp-image-264481\" srcset=\"http:\/\/vertienteglobal.com\/wp-content\/uploads\/2026\/08\/1001532553-1024x682.jpg 1024w, http:\/\/vertienteglobal.com\/wp-content\/uploads\/2026\/08\/1001532553-300x200.jpg 300w, http:\/\/vertienteglobal.com\/wp-content\/uploads\/2026\/08\/1001532553-150x100.jpg 150w, http:\/\/vertienteglobal.com\/wp-content\/uploads\/2026\/08\/1001532553-768x512.jpg 768w, http:\/\/vertienteglobal.com\/wp-content\/uploads\/2026\/08\/1001532553-1536x1023.jpg 1536w, http:\/\/vertienteglobal.com\/wp-content\/uploads\/2026\/08\/1001532553.jpg 1600w\" sizes=\"auto, (max-width: 1024px) 100vw, 1024px\" \/><\/figure>\n\n\n\n<figure class=\"wp-block-image size-large\"><img loading=\"lazy\" decoding=\"async\" width=\"1024\" height=\"683\" src=\"http:\/\/vertienteglobal.com\/wp-content\/uploads\/2026\/08\/1001532554-1024x683.jpg\" alt=\"\" class=\"wp-image-264482\" srcset=\"http:\/\/vertienteglobal.com\/wp-content\/uploads\/2026\/08\/1001532554-1024x683.jpg 1024w, http:\/\/vertienteglobal.com\/wp-content\/uploads\/2026\/08\/1001532554-300x200.jpg 300w, http:\/\/vertienteglobal.com\/wp-content\/uploads\/2026\/08\/1001532554-150x100.jpg 150w, http:\/\/vertienteglobal.com\/wp-content\/uploads\/2026\/08\/1001532554-768x512.jpg 768w, http:\/\/vertienteglobal.com\/wp-content\/uploads\/2026\/08\/1001532554.jpg 1280w\" sizes=\"auto, (max-width: 1024px) 100vw, 1024px\" \/><\/figure>\n\n\n\n<figure class=\"wp-block-image size-large\"><img loading=\"lazy\" decoding=\"async\" width=\"1024\" height=\"683\" src=\"http:\/\/vertienteglobal.com\/wp-content\/uploads\/2026\/08\/1001532555-1024x683.jpg\" alt=\"\" class=\"wp-image-264483\" srcset=\"http:\/\/vertienteglobal.com\/wp-content\/uploads\/2026\/08\/1001532555-1024x683.jpg 1024w, http:\/\/vertienteglobal.com\/wp-content\/uploads\/2026\/08\/1001532555-300x200.jpg 300w, http:\/\/vertienteglobal.com\/wp-content\/uploads\/2026\/08\/1001532555-150x100.jpg 150w, http:\/\/vertienteglobal.com\/wp-content\/uploads\/2026\/08\/1001532555-768x512.jpg 768w, http:\/\/vertienteglobal.com\/wp-content\/uploads\/2026\/08\/1001532555-1536x1024.jpg 1536w, http:\/\/vertienteglobal.com\/wp-content\/uploads\/2026\/08\/1001532555.jpg 1600w\" sizes=\"auto, (max-width: 1024px) 100vw, 1024px\" \/><\/figure>\n","protected":false},"excerpt":{"rendered":"<p>(Redacci\u00f3n) La gu\u00eda \u201cBocados de Mar y Tierra\u201d recorre los 12 destinos tur\u00edsticos del estado y rescata platillos, ingredientes y saberes que dan identidad a las cocinas tradicionales y contempor\u00e1neas de la entidad Tulum, Quintana Roo, 28 de agosto 2026.-Entre el aroma de las brasas, el sabor de los ingredientes del mar y la riqueza [&hellip;]<\/p>\n","protected":false},"author":6,"featured_media":264480,"comment_status":"open","ping_status":"open","sticky":false,"template":"","format":"standard","meta":{"footnotes":""},"categories":[3],"tags":[],"class_list":["post-264479","post","type-post","status-publish","format-standard","has-post-thumbnail","hentry","category-quintana-roo","entry","has-media"],"jetpack_featured_media_url":"http:\/\/vertienteglobal.com\/wp-content\/uploads\/2026\/08\/1001532552.jpg","_links":{"self":[{"href":"http:\/\/vertienteglobal.com\/index.php?rest_route=\/wp\/v2\/posts\/264479","targetHints":{"allow":["GET"]}}],"collection":[{"href":"http:\/\/vertienteglobal.com\/index.php?rest_route=\/wp\/v2\/posts"}],"about":[{"href":"http:\/\/vertienteglobal.com\/index.php?rest_route=\/wp\/v2\/types\/post"}],"author":[{"embeddable":true,"href":"http:\/\/vertienteglobal.com\/index.php?rest_route=\/wp\/v2\/users\/6"}],"replies":[{"embeddable":true,"href":"http:\/\/vertienteglobal.com\/index.php?rest_route=%2Fwp%2Fv2%2Fcomments&post=264479"}],"version-history":[{"count":1,"href":"http:\/\/vertienteglobal.com\/index.php?rest_route=\/wp\/v2\/posts\/264479\/revisions"}],"predecessor-version":[{"id":264484,"href":"http:\/\/vertienteglobal.com\/index.php?rest_route=\/wp\/v2\/posts\/264479\/revisions\/264484"}],"wp:featuredmedia":[{"embeddable":true,"href":"http:\/\/vertienteglobal.com\/index.php?rest_route=\/wp\/v2\/media\/264480"}],"wp:attachment":[{"href":"http:\/\/vertienteglobal.com\/index.php?rest_route=%2Fwp%2Fv2%2Fmedia&parent=264479"}],"wp:term":[{"taxonomy":"category","embeddable":true,"href":"http:\/\/vertienteglobal.com\/index.php?rest_route=%2Fwp%2Fv2%2Fcategories&post=264479"},{"taxonomy":"post_tag","embeddable":true,"href":"http:\/\/vertienteglobal.com\/index.php?rest_route=%2Fwp%2Fv2%2Ftags&post=264479"}],"curies":[{"name":"wp","href":"https:\/\/api.w.org\/{rel}","templated":true}]}}