{"id":264472,"date":"2026-08-29T13:45:00","date_gmt":"2026-08-29T18:45:00","guid":{"rendered":"http:\/\/vertienteglobal.com\/?p=264472"},"modified":"2026-08-30T23:48:32","modified_gmt":"2026-08-31T04:48:32","slug":"entregan-mara-lezama-y-mary-hernandez-parque-rehabilitado-en-tihosuco-para-fortalecer-el-tejido-social","status":"publish","type":"post","link":"http:\/\/vertienteglobal.com\/?p=264472","title":{"rendered":"Entregan Mara Lezama y Mary Hern\u00e1ndez parque rehabilitado en Tihosuco para fortalecer el tejido social"},"content":{"rendered":"\n<div class=\"twitterbutton\" style=\"float: right; padding-left: 5px;\"><a href=\"http:\/\/twitter.com\/share\" class=\"twitter-share-button\" data-count=\"horizontal\" data-text=\"Entregan Mara Lezama y Mary Hern\u00e1ndez parque rehabilitado en Tihosuco para fort...\" data-via=\"https:\/\/twitter.com\/VertienteGloba1\" data-url=\"http:\/\/vertienteglobal.com\/?p=264472\" data-lang=\"es\" data-related=\"Informaci\u00f3n general:S\u00edguenos para que est\u00e9ss informado\"><\/a><\/div>\n<figure class=\"wp-block-image size-large\"><img loading=\"lazy\" decoding=\"async\" width=\"1024\" height=\"682\" src=\"http:\/\/vertienteglobal.com\/wp-content\/uploads\/2026\/08\/1001532547-1024x682.jpg\" alt=\"\" class=\"wp-image-264473\" srcset=\"http:\/\/vertienteglobal.com\/wp-content\/uploads\/2026\/08\/1001532547-1024x682.jpg 1024w, http:\/\/vertienteglobal.com\/wp-content\/uploads\/2026\/08\/1001532547-300x200.jpg 300w, http:\/\/vertienteglobal.com\/wp-content\/uploads\/2026\/08\/1001532547-150x100.jpg 150w, http:\/\/vertienteglobal.com\/wp-content\/uploads\/2026\/08\/1001532547-768x512.jpg 768w, http:\/\/vertienteglobal.com\/wp-content\/uploads\/2026\/08\/1001532547.jpg 1280w\" sizes=\"auto, (max-width: 1024px) 100vw, 1024px\" \/><\/figure>\n\n\n\n<p>(Redacci\u00f3n)<\/p>\n\n\n\n<p>La rehabilitaci\u00f3n realizada con inversi\u00f3n municipal, beneficia a m\u00e1s de 5 mil habitantes con nuevas \u00e1reas recreativas, alumbrado, infraestructura urbana y un espacio renovado para honrar la memoria de Jacinto Pat<\/p>\n\n\n\n<p>Tihosuco, Felipe Carrillo Puerto, Quintana Roo 29 de agosto de 2026.- La gobernadora Mara Lezama Espinosa, acompa\u00f1ada de la presidenta municipal de Felipe Carrillo Puerto, Mary Hern\u00e1ndez, entreg\u00f3 la rehabilitaci\u00f3n integral del parque principal de la comunidad de Tihosuco, obra realizada con inversi\u00f3n municipal para recuperar este espacio p\u00fablico como punto de encuentro, convivencia y preservaci\u00f3n de la identidad hist\u00f3rica y cultural de la regi\u00f3n.<\/p>\n\n\n\n<p>La intervenci\u00f3n abarc\u00f3 m\u00e1s de 5 mil 400 metros cuadrados e incluy\u00f3 la construcci\u00f3n de un nuevo kiosco, \u00e1reas verdes, juegos infantiles, andadores, estacionamiento, ba\u00f1os y bancas, adem\u00e1s de la dignificaci\u00f3n del espacio donde se encuentra el monumento a Jacinto Pat, uno de los principales l\u00edderes de la Guerra Social Maya, explic\u00f3 la titular del Ejecutivo.<\/p>\n\n\n\n<p>Asimismo, Mara Lezama inform\u00f3 a las y los vecinos que, como parte de las acciones de modernizaci\u00f3n, tambi\u00e9n fue instalado un nuevo sistema de alumbrado p\u00fablico conformado por 23 postes, luminarias, reflectores y un sistema de encendido autom\u00e1tico, con el objetivo de brindar mayor seguridad y permitir el uso del parque tanto de d\u00eda como de noche.<\/p>\n\n\n\n<p>La Gobernadora destac\u00f3 que la obra beneficiar\u00e1 directamente a m\u00e1s de 5 mil habitantes de la comunidad y contribuir\u00e1 a fortalecer la convivencia familiar, as\u00ed como las actividades recreativas y culturales.<\/p>\n\n\n\n<p>Durante el recorrido, Mara Lezama se\u00f1al\u00f3 que Tihosuco representa un referente de la memoria hist\u00f3rica de Quintana Roo y una puerta de entrada a la riqueza de la cultura maya, por lo que este tipo de obras tambi\u00e9n impulsan el turismo cultural y comunitario, el bienestar y la prosperidad compartida.<\/p>\n\n\n\n<p>Durante la entrega afirm\u00f3 que la rehabilitaci\u00f3n fortalece la infraestructura social de Tihosuco y destac\u00f3 la importancia de destinar recursos p\u00fablicos a obras que mejoran la calidad de vida de la poblaci\u00f3n y preservan el patrimonio de las comunidades<\/p>\n\n\n\n<figure class=\"wp-block-image size-large\"><img loading=\"lazy\" decoding=\"async\" width=\"1024\" height=\"682\" src=\"http:\/\/vertienteglobal.com\/wp-content\/uploads\/2026\/08\/1001532548-1024x682.jpg\" alt=\"\" class=\"wp-image-264474\" srcset=\"http:\/\/vertienteglobal.com\/wp-content\/uploads\/2026\/08\/1001532548-1024x682.jpg 1024w, http:\/\/vertienteglobal.com\/wp-content\/uploads\/2026\/08\/1001532548-300x200.jpg 300w, http:\/\/vertienteglobal.com\/wp-content\/uploads\/2026\/08\/1001532548-150x100.jpg 150w, http:\/\/vertienteglobal.com\/wp-content\/uploads\/2026\/08\/1001532548-768x512.jpg 768w, http:\/\/vertienteglobal.com\/wp-content\/uploads\/2026\/08\/1001532548.jpg 1280w\" sizes=\"auto, (max-width: 1024px) 100vw, 1024px\" \/><\/figure>\n\n\n\n<figure class=\"wp-block-image size-large\"><img loading=\"lazy\" decoding=\"async\" width=\"1024\" height=\"682\" src=\"http:\/\/vertienteglobal.com\/wp-content\/uploads\/2026\/08\/1001532549-1024x682.jpg\" alt=\"\" class=\"wp-image-264475\" srcset=\"http:\/\/vertienteglobal.com\/wp-content\/uploads\/2026\/08\/1001532549-1024x682.jpg 1024w, http:\/\/vertienteglobal.com\/wp-content\/uploads\/2026\/08\/1001532549-300x200.jpg 300w, http:\/\/vertienteglobal.com\/wp-content\/uploads\/2026\/08\/1001532549-150x100.jpg 150w, http:\/\/vertienteglobal.com\/wp-content\/uploads\/2026\/08\/1001532549-768x512.jpg 768w, http:\/\/vertienteglobal.com\/wp-content\/uploads\/2026\/08\/1001532549.jpg 1280w\" sizes=\"auto, (max-width: 1024px) 100vw, 1024px\" \/><\/figure>\n\n\n\n<figure class=\"wp-block-image size-large\"><img loading=\"lazy\" decoding=\"async\" width=\"1024\" height=\"682\" src=\"http:\/\/vertienteglobal.com\/wp-content\/uploads\/2026\/08\/1001532550-1024x682.jpg\" alt=\"\" class=\"wp-image-264476\" srcset=\"http:\/\/vertienteglobal.com\/wp-content\/uploads\/2026\/08\/1001532550-1024x682.jpg 1024w, http:\/\/vertienteglobal.com\/wp-content\/uploads\/2026\/08\/1001532550-300x200.jpg 300w, http:\/\/vertienteglobal.com\/wp-content\/uploads\/2026\/08\/1001532550-150x100.jpg 150w, http:\/\/vertienteglobal.com\/wp-content\/uploads\/2026\/08\/1001532550-768x512.jpg 768w, http:\/\/vertienteglobal.com\/wp-content\/uploads\/2026\/08\/1001532550.jpg 1280w\" sizes=\"auto, (max-width: 1024px) 100vw, 1024px\" \/><\/figure>\n\n\n\n<figure class=\"wp-block-image size-large\"><img loading=\"lazy\" decoding=\"async\" width=\"1024\" height=\"682\" src=\"http:\/\/vertienteglobal.com\/wp-content\/uploads\/2026\/08\/1001532551-1024x682.jpg\" alt=\"\" class=\"wp-image-264477\" srcset=\"http:\/\/vertienteglobal.com\/wp-content\/uploads\/2026\/08\/1001532551-1024x682.jpg 1024w, http:\/\/vertienteglobal.com\/wp-content\/uploads\/2026\/08\/1001532551-300x200.jpg 300w, http:\/\/vertienteglobal.com\/wp-content\/uploads\/2026\/08\/1001532551-150x100.jpg 150w, http:\/\/vertienteglobal.com\/wp-content\/uploads\/2026\/08\/1001532551-768x512.jpg 768w, http:\/\/vertienteglobal.com\/wp-content\/uploads\/2026\/08\/1001532551.jpg 1280w\" sizes=\"auto, (max-width: 1024px) 100vw, 1024px\" \/><\/figure>\n","protected":false},"excerpt":{"rendered":"<p>(Redacci\u00f3n) La rehabilitaci\u00f3n realizada con inversi\u00f3n municipal, beneficia a m\u00e1s de 5 mil habitantes con nuevas \u00e1reas recreativas, alumbrado, infraestructura urbana y un espacio renovado para honrar la memoria de Jacinto Pat Tihosuco, Felipe Carrillo Puerto, Quintana Roo 29 de agosto de 2026.- La gobernadora Mara Lezama Espinosa, acompa\u00f1ada de la presidenta municipal de Felipe [&hellip;]<\/p>\n","protected":false},"author":6,"featured_media":264473,"comment_status":"open","ping_status":"open","sticky":false,"template":"","format":"standard","meta":{"footnotes":""},"categories":[3],"tags":[],"class_list":["post-264472","post","type-post","status-publish","format-standard","has-post-thumbnail","hentry","category-quintana-roo","entry","has-media"],"jetpack_featured_media_url":"http:\/\/vertienteglobal.com\/wp-content\/uploads\/2026\/08\/1001532547.jpg","_links":{"self":[{"href":"http:\/\/vertienteglobal.com\/index.php?rest_route=\/wp\/v2\/posts\/264472","targetHints":{"allow":["GET"]}}],"collection":[{"href":"http:\/\/vertienteglobal.com\/index.php?rest_route=\/wp\/v2\/posts"}],"about":[{"href":"http:\/\/vertienteglobal.com\/index.php?rest_route=\/wp\/v2\/types\/post"}],"author":[{"embeddable":true,"href":"http:\/\/vertienteglobal.com\/index.php?rest_route=\/wp\/v2\/users\/6"}],"replies":[{"embeddable":true,"href":"http:\/\/vertienteglobal.com\/index.php?rest_route=%2Fwp%2Fv2%2Fcomments&post=264472"}],"version-history":[{"count":1,"href":"http:\/\/vertienteglobal.com\/index.php?rest_route=\/wp\/v2\/posts\/264472\/revisions"}],"predecessor-version":[{"id":264478,"href":"http:\/\/vertienteglobal.com\/index.php?rest_route=\/wp\/v2\/posts\/264472\/revisions\/264478"}],"wp:featuredmedia":[{"embeddable":true,"href":"http:\/\/vertienteglobal.com\/index.php?rest_route=\/wp\/v2\/media\/264473"}],"wp:attachment":[{"href":"http:\/\/vertienteglobal.com\/index.php?rest_route=%2Fwp%2Fv2%2Fmedia&parent=264472"}],"wp:term":[{"taxonomy":"category","embeddable":true,"href":"http:\/\/vertienteglobal.com\/index.php?rest_route=%2Fwp%2Fv2%2Fcategories&post=264472"},{"taxonomy":"post_tag","embeddable":true,"href":"http:\/\/vertienteglobal.com\/index.php?rest_route=%2Fwp%2Fv2%2Ftags&post=264472"}],"curies":[{"name":"wp","href":"https:\/\/api.w.org\/{rel}","templated":true}]}}