{"id":264453,"date":"2026-08-30T09:56:00","date_gmt":"2026-08-30T14:56:00","guid":{"rendered":"http:\/\/vertienteglobal.com\/?p=264453"},"modified":"2026-08-30T20:54:47","modified_gmt":"2026-08-31T01:54:47","slug":"si-se-pudo-200-mil-quintanarroenses-salieron-de-la-pobreza","status":"publish","type":"post","link":"http:\/\/vertienteglobal.com\/?p=264453","title":{"rendered":"S\u00ed se pudo: 200 mil quintanarroenses salieron de la pobreza"},"content":{"rendered":"\n<div class=\"twitterbutton\" style=\"float: right; padding-left: 5px;\"><a href=\"http:\/\/twitter.com\/share\" class=\"twitter-share-button\" data-count=\"horizontal\" data-text=\"S\u00ed se pudo: 200 mil quintanarroenses salieron de la pobreza\" data-via=\"https:\/\/twitter.com\/VertienteGloba1\" data-url=\"http:\/\/vertienteglobal.com\/?p=264453\" data-lang=\"es\" data-related=\"Informaci\u00f3n general:S\u00edguenos para que est\u00e9ss informado\"><\/a><\/div>\n<figure class=\"wp-block-image size-large\"><img loading=\"lazy\" decoding=\"async\" width=\"1024\" height=\"682\" src=\"http:\/\/vertienteglobal.com\/wp-content\/uploads\/2026\/08\/1001532279-1024x682.jpg\" alt=\"\" class=\"wp-image-264454\" srcset=\"http:\/\/vertienteglobal.com\/wp-content\/uploads\/2026\/08\/1001532279-1024x682.jpg 1024w, http:\/\/vertienteglobal.com\/wp-content\/uploads\/2026\/08\/1001532279-300x200.jpg 300w, http:\/\/vertienteglobal.com\/wp-content\/uploads\/2026\/08\/1001532279-150x100.jpg 150w, http:\/\/vertienteglobal.com\/wp-content\/uploads\/2026\/08\/1001532279-768x512.jpg 768w, http:\/\/vertienteglobal.com\/wp-content\/uploads\/2026\/08\/1001532279-1536x1023.jpg 1536w, http:\/\/vertienteglobal.com\/wp-content\/uploads\/2026\/08\/1001532279.jpg 1600w\" sizes=\"auto, (max-width: 1024px) 100vw, 1024px\" \/><\/figure>\n\n\n\n<p>(Redacci\u00f3n)<\/p>\n\n\n\n<p>En el marco del Cuarto Informe de Gobierno de Mara Lezama, los resultados de la pol\u00edtica de bienestar reflejan una reducci\u00f3n de 9.3 puntos porcentuales en la pobreza<\/p>\n\n\n\n<p>Chetumal, Quintana Roo, a 30 de agosto de 2026.- \u201cS\u00ed se pudo, logramos transformar\u201d es una realidad que se refleja en los resultados alcanzados durante la administraci\u00f3n de la gobernadora Mara Lezama Espinosa, particularmente en materia de bienestar social, donde 200 mil quintanarroenses salieron de la pobreza, de acuerdo con los indicadores en el marco de su Cuarto Informe de Gobierno.<\/p>\n\n\n\n<p>La reducci\u00f3n de 9.3 puntos porcentuales en la pobreza representa uno de los principales avances de la transformaci\u00f3n impulsada por el Gobierno de Quintana Roo, con una pol\u00edtica social orientada a que los recursos del pueblo lleguen directamente a las familias y a quienes m\u00e1s lo necesitan.<\/p>\n\n\n\n<p>A la par, la seguridad alimentaria tambi\u00e9n registr\u00f3 una mejora, al pasar de 70 a 76.5 por ciento durante el \u00faltimo a\u00f1o, resultado asociado a programas que ampl\u00edan el acceso a alimentos y apoyos para las familias en situaci\u00f3n de vulnerabilidad.<\/p>\n\n\n\n<p>Entre estas acciones destaca Comemos Tod@s, estrategia mediante la cual se entregaron cientos de miles de apoyos y se ampli\u00f3 el padr\u00f3n hasta 60 mil personas beneficiarias, con cobertura en los 11 municipios de Quintana Roo.<\/p>\n\n\n\n<p>La pol\u00edtica de bienestar tambi\u00e9n puso \u00e9nfasis en la infancia. A trav\u00e9s del Sistema DIF Quintana Roo se distribuyeron m\u00e1s de 7 millones 355 mil raciones de desayunos escolares calientes para casi 51 mil ni\u00f1as y ni\u00f1os de 622 escuelas.<\/p>\n\n\n\n<p>Asimismo, m\u00e1s de 11 mil personas en situaci\u00f3n de vulnerabilidad recibieron m\u00e1s de 131 mil canastas alimentarias, mientras que mil 752 mujeres fueron acompa\u00f1adas durante los primeros mil d\u00edas de vida de sus hijas e hijos, mediante la entrega de m\u00e1s de 21 mil canastas.<\/p>\n\n\n\n<p>En materia de atenci\u00f3n a la ni\u00f1ez, los ocho Centros de Atenci\u00f3n Infantil brindaron m\u00e1s de 2 millones 270 mil servicios asistenciales a ni\u00f1as y ni\u00f1os, incluidos menores con discapacidad y trastornos neurol\u00f3gicos.<\/p>\n\n\n\n<p>A estos resultados se suman las acciones de inclusi\u00f3n y atenci\u00f3n especializada. Los Centros de Rehabilitaci\u00f3n Integral atendieron a m\u00e1s de 3 mil 600 personas con discapacidad, mediante la prestaci\u00f3n de m\u00e1s de 46 mil servicios.<\/p>\n\n\n\n<p>Los resultados, destaca la administraci\u00f3n estatal, muestran que la transformaci\u00f3n social se traduce en mejores condiciones de vida para las familias quintanarroenses y que s\u00ed se pudo avanzar en la construcci\u00f3n de un estado de bienestar, con pol\u00edticas p\u00fablicas que colocan a las personas en el centro de las decisiones.<\/p>\n\n\n\n<figure class=\"wp-block-image size-large\"><img loading=\"lazy\" decoding=\"async\" width=\"1024\" height=\"682\" src=\"http:\/\/vertienteglobal.com\/wp-content\/uploads\/2026\/08\/1001532281-1024x682.jpg\" alt=\"\" class=\"wp-image-264455\" srcset=\"http:\/\/vertienteglobal.com\/wp-content\/uploads\/2026\/08\/1001532281-1024x682.jpg 1024w, http:\/\/vertienteglobal.com\/wp-content\/uploads\/2026\/08\/1001532281-300x200.jpg 300w, http:\/\/vertienteglobal.com\/wp-content\/uploads\/2026\/08\/1001532281-150x100.jpg 150w, http:\/\/vertienteglobal.com\/wp-content\/uploads\/2026\/08\/1001532281-768x512.jpg 768w, http:\/\/vertienteglobal.com\/wp-content\/uploads\/2026\/08\/1001532281-1536x1023.jpg 1536w, http:\/\/vertienteglobal.com\/wp-content\/uploads\/2026\/08\/1001532281.jpg 1600w\" sizes=\"auto, (max-width: 1024px) 100vw, 1024px\" \/><\/figure>\n\n\n\n<figure class=\"wp-block-image size-large\"><img loading=\"lazy\" decoding=\"async\" width=\"819\" height=\"1024\" src=\"http:\/\/vertienteglobal.com\/wp-content\/uploads\/2026\/08\/1001532280-819x1024.jpg\" alt=\"\" class=\"wp-image-264456\" srcset=\"http:\/\/vertienteglobal.com\/wp-content\/uploads\/2026\/08\/1001532280-819x1024.jpg 819w, http:\/\/vertienteglobal.com\/wp-content\/uploads\/2026\/08\/1001532280-240x300.jpg 240w, http:\/\/vertienteglobal.com\/wp-content\/uploads\/2026\/08\/1001532280-120x150.jpg 120w, http:\/\/vertienteglobal.com\/wp-content\/uploads\/2026\/08\/1001532280-768x960.jpg 768w, http:\/\/vertienteglobal.com\/wp-content\/uploads\/2026\/08\/1001532280.jpg 1080w\" sizes=\"auto, (max-width: 819px) 100vw, 819px\" \/><\/figure>\n\n\n\n<figure class=\"wp-block-image size-large\"><img loading=\"lazy\" decoding=\"async\" width=\"1024\" height=\"682\" src=\"http:\/\/vertienteglobal.com\/wp-content\/uploads\/2026\/08\/1001532282-1024x682.jpg\" alt=\"\" class=\"wp-image-264457\" srcset=\"http:\/\/vertienteglobal.com\/wp-content\/uploads\/2026\/08\/1001532282-1024x682.jpg 1024w, http:\/\/vertienteglobal.com\/wp-content\/uploads\/2026\/08\/1001532282-300x200.jpg 300w, http:\/\/vertienteglobal.com\/wp-content\/uploads\/2026\/08\/1001532282-150x100.jpg 150w, http:\/\/vertienteglobal.com\/wp-content\/uploads\/2026\/08\/1001532282-768x512.jpg 768w, http:\/\/vertienteglobal.com\/wp-content\/uploads\/2026\/08\/1001532282-1536x1023.jpg 1536w, http:\/\/vertienteglobal.com\/wp-content\/uploads\/2026\/08\/1001532282.jpg 1600w\" sizes=\"auto, (max-width: 1024px) 100vw, 1024px\" \/><\/figure>\n\n\n\n<figure class=\"wp-block-image size-large\"><img loading=\"lazy\" decoding=\"async\" width=\"1024\" height=\"682\" src=\"http:\/\/vertienteglobal.com\/wp-content\/uploads\/2026\/08\/1001532283-1024x682.jpg\" alt=\"\" class=\"wp-image-264458\" srcset=\"http:\/\/vertienteglobal.com\/wp-content\/uploads\/2026\/08\/1001532283-1024x682.jpg 1024w, http:\/\/vertienteglobal.com\/wp-content\/uploads\/2026\/08\/1001532283-300x200.jpg 300w, http:\/\/vertienteglobal.com\/wp-content\/uploads\/2026\/08\/1001532283-150x100.jpg 150w, http:\/\/vertienteglobal.com\/wp-content\/uploads\/2026\/08\/1001532283-768x512.jpg 768w, http:\/\/vertienteglobal.com\/wp-content\/uploads\/2026\/08\/1001532283-1536x1023.jpg 1536w, http:\/\/vertienteglobal.com\/wp-content\/uploads\/2026\/08\/1001532283.jpg 1600w\" sizes=\"auto, (max-width: 1024px) 100vw, 1024px\" \/><\/figure>\n\n\n\n<figure class=\"wp-block-image size-large\"><img loading=\"lazy\" decoding=\"async\" width=\"1024\" height=\"682\" src=\"http:\/\/vertienteglobal.com\/wp-content\/uploads\/2026\/08\/1001532284-1024x682.jpg\" alt=\"\" class=\"wp-image-264459\" srcset=\"http:\/\/vertienteglobal.com\/wp-content\/uploads\/2026\/08\/1001532284-1024x682.jpg 1024w, http:\/\/vertienteglobal.com\/wp-content\/uploads\/2026\/08\/1001532284-300x200.jpg 300w, http:\/\/vertienteglobal.com\/wp-content\/uploads\/2026\/08\/1001532284-150x100.jpg 150w, http:\/\/vertienteglobal.com\/wp-content\/uploads\/2026\/08\/1001532284-768x512.jpg 768w, http:\/\/vertienteglobal.com\/wp-content\/uploads\/2026\/08\/1001532284-1536x1023.jpg 1536w, http:\/\/vertienteglobal.com\/wp-content\/uploads\/2026\/08\/1001532284.jpg 1600w\" sizes=\"auto, (max-width: 1024px) 100vw, 1024px\" \/><\/figure>\n","protected":false},"excerpt":{"rendered":"<p>(Redacci\u00f3n) En el marco del Cuarto Informe de Gobierno de Mara Lezama, los resultados de la pol\u00edtica de bienestar reflejan una reducci\u00f3n de 9.3 puntos porcentuales en la pobreza Chetumal, Quintana Roo, a 30 de agosto de 2026.- \u201cS\u00ed se pudo, logramos transformar\u201d es una realidad que se refleja en los resultados alcanzados durante la [&hellip;]<\/p>\n","protected":false},"author":6,"featured_media":264454,"comment_status":"open","ping_status":"open","sticky":false,"template":"","format":"standard","meta":{"footnotes":""},"categories":[3],"tags":[],"class_list":["post-264453","post","type-post","status-publish","format-standard","has-post-thumbnail","hentry","category-quintana-roo","entry","has-media"],"jetpack_featured_media_url":"http:\/\/vertienteglobal.com\/wp-content\/uploads\/2026\/08\/1001532279.jpg","_links":{"self":[{"href":"http:\/\/vertienteglobal.com\/index.php?rest_route=\/wp\/v2\/posts\/264453","targetHints":{"allow":["GET"]}}],"collection":[{"href":"http:\/\/vertienteglobal.com\/index.php?rest_route=\/wp\/v2\/posts"}],"about":[{"href":"http:\/\/vertienteglobal.com\/index.php?rest_route=\/wp\/v2\/types\/post"}],"author":[{"embeddable":true,"href":"http:\/\/vertienteglobal.com\/index.php?rest_route=\/wp\/v2\/users\/6"}],"replies":[{"embeddable":true,"href":"http:\/\/vertienteglobal.com\/index.php?rest_route=%2Fwp%2Fv2%2Fcomments&post=264453"}],"version-history":[{"count":1,"href":"http:\/\/vertienteglobal.com\/index.php?rest_route=\/wp\/v2\/posts\/264453\/revisions"}],"predecessor-version":[{"id":264460,"href":"http:\/\/vertienteglobal.com\/index.php?rest_route=\/wp\/v2\/posts\/264453\/revisions\/264460"}],"wp:featuredmedia":[{"embeddable":true,"href":"http:\/\/vertienteglobal.com\/index.php?rest_route=\/wp\/v2\/media\/264454"}],"wp:attachment":[{"href":"http:\/\/vertienteglobal.com\/index.php?rest_route=%2Fwp%2Fv2%2Fmedia&parent=264453"}],"wp:term":[{"taxonomy":"category","embeddable":true,"href":"http:\/\/vertienteglobal.com\/index.php?rest_route=%2Fwp%2Fv2%2Fcategories&post=264453"},{"taxonomy":"post_tag","embeddable":true,"href":"http:\/\/vertienteglobal.com\/index.php?rest_route=%2Fwp%2Fv2%2Ftags&post=264453"}],"curies":[{"name":"wp","href":"https:\/\/api.w.org\/{rel}","templated":true}]}}