{"id":264436,"date":"2026-08-30T17:50:00","date_gmt":"2026-08-30T22:50:00","guid":{"rendered":"http:\/\/vertienteglobal.com\/?p=264436"},"modified":"2026-08-30T20:25:12","modified_gmt":"2026-08-31T01:25:12","slug":"higinio-martinez-sera-el-nuevo-presidente-del-senado","status":"publish","type":"post","link":"http:\/\/vertienteglobal.com\/?p=264436","title":{"rendered":"Higinio Mart\u00ednez ser\u00e1 el nuevo presidente del Senado"},"content":{"rendered":"\n<div class=\"twitterbutton\" style=\"float: right; padding-left: 5px;\"><a href=\"http:\/\/twitter.com\/share\" class=\"twitter-share-button\" data-count=\"horizontal\" data-text=\"Higinio Mart\u00ednez ser\u00e1 el nuevo presidente del Senado\" data-via=\"https:\/\/twitter.com\/VertienteGloba1\" data-url=\"http:\/\/vertienteglobal.com\/?p=264436\" data-lang=\"es\" data-related=\"Informaci\u00f3n general:S\u00edguenos para que est\u00e9ss informado\"><\/a><\/div>\n<figure class=\"wp-block-image size-full\"><img loading=\"lazy\" decoding=\"async\" width=\"1024\" height=\"585\" src=\"http:\/\/vertienteglobal.com\/wp-content\/uploads\/2026\/08\/1001532207.webp\" alt=\"\" class=\"wp-image-264437\" srcset=\"http:\/\/vertienteglobal.com\/wp-content\/uploads\/2026\/08\/1001532207.webp 1024w, http:\/\/vertienteglobal.com\/wp-content\/uploads\/2026\/08\/1001532207-300x171.webp 300w, http:\/\/vertienteglobal.com\/wp-content\/uploads\/2026\/08\/1001532207-150x86.webp 150w, http:\/\/vertienteglobal.com\/wp-content\/uploads\/2026\/08\/1001532207-768x439.webp 768w\" sizes=\"auto, (max-width: 1024px) 100vw, 1024px\" \/><\/figure>\n\n\n\n<p>(Redacci\u00f3n)<\/p>\n\n\n\n<p>\u201cMi trabajo ser\u00e1 conciliar, trabajar con ellos, por supuesto. Es con todos, con las 128 senadoras y senadores\u201d, expres\u00f3<\/p>\n\n\n\n<p>Ciudad de M\u00e9xico 30 de agosto de 2026.-El senador Higinio Mart\u00ednez, integrante de Morena, asumir\u00e1 la Presidencia del Senado de la Rep\u00fablica y encabezar\u00e1 la Mesa Directiva a partir del 1 de septiembre, con el inicio del pr\u00f3ximo periodo ordinario de sesiones.<\/p>\n\n\n\n<p>El legislador sustituir\u00e1 en el cargo a Laura Itzel Castillo, quien dejar\u00e1 la Presidencia del Senado para asumir la titularidad de la Secretar\u00eda de las Mujeres.<\/p>\n\n\n\n<p>Higinio Mart\u00ednez habl\u00f3 sobre sus aspiraciones<\/p>\n\n\n\n<p>En una entrevista previa, al ser cuestionado sobre qu\u00e9 ofrecer\u00eda a sus compa\u00f1eros de bancada y de oposici\u00f3n en caso de presidir el Senado, Higinio Mart\u00ednez afirm\u00f3 que actuar\u00eda con apego a la Constituci\u00f3n, la Ley Org\u00e1nica y el Reglamento.<\/p>\n\n\n\n<p>\u201cCumplir lo que dice la Constituci\u00f3n y la Ley. Conducir y darle el mismo trato y respeto a todas y todos los senadores\u201d, se\u00f1al\u00f3.<\/p>\n\n\n\n<p>Sobre la posibilidad de tender puentes con la oposici\u00f3n, asegur\u00f3 que buscar\u00eda trabajar con todos los integrantes de la C\u00e1mara alta.<\/p>\n\n\n\n<p>\u201cMi trabajo ser\u00e1 conciliar, trabajar con ellos, por supuesto. Es con todos, con las 128 senadoras y senadores\u201d, expres\u00f3.<\/p>\n\n\n\n<p>\u00bfCu\u00e1ndo asumir\u00e1 Higinio Mart\u00ednez?<br>Higinio Mart\u00ednez asumir\u00e1 formalmente la Presidencia del Senado el 1 de septiembre, cuando d\u00e9 inicio el nuevo periodo ordinario de sesiones.<\/p>\n\n\n\n<p>Desde la Mesa Directiva tendr\u00e1 entre sus responsabilidades conducir las sesiones del Pleno, garantizar el desarrollo de los debates y velar por el cumplimiento de las disposiciones que regulan el funcionamiento de la C\u00e1mara alta.<\/p>\n\n\n\n<p>Por su parte, Laura Itzel Castillo dejar\u00e1 la Presidencia del Senado para asumir la titularidad de la Secretar\u00eda de las Mujeres.(Con informaci\u00f3n de El Universal\/XEU)<\/p>\n","protected":false},"excerpt":{"rendered":"<p>(Redacci\u00f3n) \u201cMi trabajo ser\u00e1 conciliar, trabajar con ellos, por supuesto. Es con todos, con las 128 senadoras y senadores\u201d, expres\u00f3 Ciudad de M\u00e9xico 30 de agosto de 2026.-El senador Higinio Mart\u00ednez, integrante de Morena, asumir\u00e1 la Presidencia del Senado de la Rep\u00fablica y encabezar\u00e1 la Mesa Directiva a partir del 1 de septiembre, con el [&hellip;]<\/p>\n","protected":false},"author":6,"featured_media":264437,"comment_status":"open","ping_status":"open","sticky":false,"template":"","format":"standard","meta":{"footnotes":""},"categories":[8],"tags":[],"class_list":["post-264436","post","type-post","status-publish","format-standard","has-post-thumbnail","hentry","category-pais","entry","has-media"],"jetpack_featured_media_url":"http:\/\/vertienteglobal.com\/wp-content\/uploads\/2026\/08\/1001532207.webp","_links":{"self":[{"href":"http:\/\/vertienteglobal.com\/index.php?rest_route=\/wp\/v2\/posts\/264436","targetHints":{"allow":["GET"]}}],"collection":[{"href":"http:\/\/vertienteglobal.com\/index.php?rest_route=\/wp\/v2\/posts"}],"about":[{"href":"http:\/\/vertienteglobal.com\/index.php?rest_route=\/wp\/v2\/types\/post"}],"author":[{"embeddable":true,"href":"http:\/\/vertienteglobal.com\/index.php?rest_route=\/wp\/v2\/users\/6"}],"replies":[{"embeddable":true,"href":"http:\/\/vertienteglobal.com\/index.php?rest_route=%2Fwp%2Fv2%2Fcomments&post=264436"}],"version-history":[{"count":1,"href":"http:\/\/vertienteglobal.com\/index.php?rest_route=\/wp\/v2\/posts\/264436\/revisions"}],"predecessor-version":[{"id":264438,"href":"http:\/\/vertienteglobal.com\/index.php?rest_route=\/wp\/v2\/posts\/264436\/revisions\/264438"}],"wp:featuredmedia":[{"embeddable":true,"href":"http:\/\/vertienteglobal.com\/index.php?rest_route=\/wp\/v2\/media\/264437"}],"wp:attachment":[{"href":"http:\/\/vertienteglobal.com\/index.php?rest_route=%2Fwp%2Fv2%2Fmedia&parent=264436"}],"wp:term":[{"taxonomy":"category","embeddable":true,"href":"http:\/\/vertienteglobal.com\/index.php?rest_route=%2Fwp%2Fv2%2Fcategories&post=264436"},{"taxonomy":"post_tag","embeddable":true,"href":"http:\/\/vertienteglobal.com\/index.php?rest_route=%2Fwp%2Fv2%2Ftags&post=264436"}],"curies":[{"name":"wp","href":"https:\/\/api.w.org\/{rel}","templated":true}]}}