{"id":264429,"date":"2026-08-29T07:19:00","date_gmt":"2026-08-29T12:19:00","guid":{"rendered":"http:\/\/vertienteglobal.com\/?p=264429"},"modified":"2026-08-30T20:03:22","modified_gmt":"2026-08-31T01:03:22","slug":"volkswagen-suprime-turno-de-produccion-de-tiguan-y-jetta-en-puebla-por-que","status":"publish","type":"post","link":"http:\/\/vertienteglobal.com\/?p=264429","title":{"rendered":"Volkswagen suprime turno de producci\u00f3n de Tiguan y Jetta en Puebla \u00bfPor qu\u00e9?"},"content":{"rendered":"\n<div class=\"twitterbutton\" style=\"float: right; padding-left: 5px;\"><a href=\"http:\/\/twitter.com\/share\" class=\"twitter-share-button\" data-count=\"horizontal\" data-text=\"Volkswagen suprime turno de producci\u00f3n de Tiguan y Jetta en Puebla \u00bfPor qu\u00e9?\" data-via=\"https:\/\/twitter.com\/VertienteGloba1\" data-url=\"http:\/\/vertienteglobal.com\/?p=264429\" data-lang=\"es\" data-related=\"Informaci\u00f3n general:S\u00edguenos para que est\u00e9ss informado\"><\/a><\/div>\n<figure class=\"wp-block-image size-full\"><img loading=\"lazy\" decoding=\"async\" width=\"1024\" height=\"588\" src=\"http:\/\/vertienteglobal.com\/wp-content\/uploads\/2026\/08\/1001532175.webp\" alt=\"\" class=\"wp-image-264430\" srcset=\"http:\/\/vertienteglobal.com\/wp-content\/uploads\/2026\/08\/1001532175.webp 1024w, http:\/\/vertienteglobal.com\/wp-content\/uploads\/2026\/08\/1001532175-300x172.webp 300w, http:\/\/vertienteglobal.com\/wp-content\/uploads\/2026\/08\/1001532175-150x86.webp 150w, http:\/\/vertienteglobal.com\/wp-content\/uploads\/2026\/08\/1001532175-768x441.webp 768w\" sizes=\"auto, (max-width: 1024px) 100vw, 1024px\" \/><\/figure>\n\n\n\n<p>(Redacci\u00f3n)<\/p>\n\n\n\n<p>Por ahora, Volkswagen de M\u00e9xico no detall\u00f3 p\u00fablicamente mayores alcances sobre el impacto laboral de la medida<\/p>\n\n\n\n<p>Puebla. Puebla, 29 de agosto de 2026.- La empresa Volkswagen de M\u00e9xico anunci\u00f3 un ajuste en su capacidad de producci\u00f3n en la planta ubicada en Puebla, que contempla la supresi\u00f3n indefinida de uno de los tres turnos destinados a la fabricaci\u00f3n de los modelos Tiguan y Jetta.<\/p>\n\n\n\n<p>La empresa inform\u00f3 que la decisi\u00f3n responde al panorama que enfrenta actualmente la industria automotriz a nivel mundial, particularmente en la regi\u00f3n de Norteam\u00e9rica, uno de sus principales mercados.<\/p>\n\n\n\n<p>\u201cFrente a un contexto desafiante para la industria automotriz a nivel mundial y en la regi\u00f3n Norteam\u00e9rica, Volkswagen de M\u00e9xico ajustar\u00e1 sus capacidades de producci\u00f3n en la planta de Puebla acorde a las condiciones actuales de sus mercados clave\u201d, detall\u00f3 la compa\u00f1\u00eda.<\/p>\n\n\n\n<p>Volkswagen ajusta producci\u00f3n en Puebla<br>Volkswagen de M\u00e9xico se\u00f1al\u00f3 que el ajuste implica una reducci\u00f3n en la operaci\u00f3n productiva de la planta poblana, donde se fabrican veh\u00edculos destinados tanto al mercado nacional como a la exportaci\u00f3n.<\/p>\n\n\n\n<p>La compa\u00f1\u00eda reconoci\u00f3 que se trata de una situaci\u00f3n dif\u00edcil, aunque sostuvo que la medida resulta necesaria para adaptar sus operaciones a las condiciones actuales del mercado.<\/p>\n\n\n\n<p>La automotriz tambi\u00e9n asegur\u00f3 que el proceso se llevar\u00e1 a cabo con apego a la legislaci\u00f3n laboral vigente.<\/p>\n\n\n\n<p>\u201cComo empresa asumimos esta dif\u00edcil situaci\u00f3n, pero la medida es necesaria y est\u00e1 apegada a lo que establece la ley\u201d, indic\u00f3 Volkswagen de M\u00e9xico.<\/p>\n\n\n\n<p>Impacto en la planta de Volkswagen en Puebla<br>La planta de Volkswagen en Puebla es uno de los principales centros de producci\u00f3n automotriz de M\u00e9xico y tiene un peso relevante en la actividad industrial y econ\u00f3mica de la entidad.<\/p>\n\n\n\n<p>El anuncio ocurre en un escenario de retos para la industria automotriz, marcado por cambios en la demanda de veh\u00edculos, condiciones comerciales y una mayor presi\u00f3n sobre los mercados internacionales.<\/p>\n\n\n\n<p>La supresi\u00f3n del turno ser\u00e1 indefinida, por lo que la compa\u00f1\u00eda ajustar\u00e1 su capacidad productiva de acuerdo con la evoluci\u00f3n de sus mercados clave.<\/p>\n\n\n\n<p>Por ahora, Volkswagen de M\u00e9xico no detall\u00f3 p\u00fablicamente mayores alcances sobre el impacto laboral de la medida. (Fuente:XEU)<\/p>\n","protected":false},"excerpt":{"rendered":"<p>(Redacci\u00f3n) Por ahora, Volkswagen de M\u00e9xico no detall\u00f3 p\u00fablicamente mayores alcances sobre el impacto laboral de la medida Puebla. Puebla, 29 de agosto de 2026.- La empresa Volkswagen de M\u00e9xico anunci\u00f3 un ajuste en su capacidad de producci\u00f3n en la planta ubicada en Puebla, que contempla la supresi\u00f3n indefinida de uno de los tres turnos [&hellip;]<\/p>\n","protected":false},"author":6,"featured_media":264430,"comment_status":"open","ping_status":"open","sticky":false,"template":"","format":"standard","meta":{"footnotes":""},"categories":[8],"tags":[],"class_list":["post-264429","post","type-post","status-publish","format-standard","has-post-thumbnail","hentry","category-pais","entry","has-media"],"jetpack_featured_media_url":"http:\/\/vertienteglobal.com\/wp-content\/uploads\/2026\/08\/1001532175.webp","_links":{"self":[{"href":"http:\/\/vertienteglobal.com\/index.php?rest_route=\/wp\/v2\/posts\/264429","targetHints":{"allow":["GET"]}}],"collection":[{"href":"http:\/\/vertienteglobal.com\/index.php?rest_route=\/wp\/v2\/posts"}],"about":[{"href":"http:\/\/vertienteglobal.com\/index.php?rest_route=\/wp\/v2\/types\/post"}],"author":[{"embeddable":true,"href":"http:\/\/vertienteglobal.com\/index.php?rest_route=\/wp\/v2\/users\/6"}],"replies":[{"embeddable":true,"href":"http:\/\/vertienteglobal.com\/index.php?rest_route=%2Fwp%2Fv2%2Fcomments&post=264429"}],"version-history":[{"count":1,"href":"http:\/\/vertienteglobal.com\/index.php?rest_route=\/wp\/v2\/posts\/264429\/revisions"}],"predecessor-version":[{"id":264431,"href":"http:\/\/vertienteglobal.com\/index.php?rest_route=\/wp\/v2\/posts\/264429\/revisions\/264431"}],"wp:featuredmedia":[{"embeddable":true,"href":"http:\/\/vertienteglobal.com\/index.php?rest_route=\/wp\/v2\/media\/264430"}],"wp:attachment":[{"href":"http:\/\/vertienteglobal.com\/index.php?rest_route=%2Fwp%2Fv2%2Fmedia&parent=264429"}],"wp:term":[{"taxonomy":"category","embeddable":true,"href":"http:\/\/vertienteglobal.com\/index.php?rest_route=%2Fwp%2Fv2%2Fcategories&post=264429"},{"taxonomy":"post_tag","embeddable":true,"href":"http:\/\/vertienteglobal.com\/index.php?rest_route=%2Fwp%2Fv2%2Ftags&post=264429"}],"curies":[{"name":"wp","href":"https:\/\/api.w.org\/{rel}","templated":true}]}}