{"id":264414,"date":"2026-08-29T12:55:00","date_gmt":"2026-08-29T17:55:00","guid":{"rendered":"http:\/\/vertienteglobal.com\/?p=264414"},"modified":"2026-08-30T19:03:54","modified_gmt":"2026-08-31T00:03:54","slug":"volkswagen-anuncia-un-ajuste-de-produccion-en-su-planta-de-puebla","status":"publish","type":"post","link":"http:\/\/vertienteglobal.com\/?p=264414","title":{"rendered":"Volkswagen\u00a0anuncia un ajuste de producci\u00f3n en su planta de Puebla\u00a0"},"content":{"rendered":"\n<div class=\"twitterbutton\" style=\"float: right; padding-left: 5px;\"><a href=\"http:\/\/twitter.com\/share\" class=\"twitter-share-button\" data-count=\"horizontal\" data-text=\"Volkswagen\u00a0anuncia un ajuste de producci\u00f3n en su planta de Puebla\u00a0\" data-via=\"https:\/\/twitter.com\/VertienteGloba1\" data-url=\"http:\/\/vertienteglobal.com\/?p=264414\" data-lang=\"es\" data-related=\"Informaci\u00f3n general:S\u00edguenos para que est\u00e9ss informado\"><\/a><\/div>\n<figure class=\"wp-block-image size-full\"><img loading=\"lazy\" decoding=\"async\" width=\"800\" height=\"534\" src=\"http:\/\/vertienteglobal.com\/wp-content\/uploads\/2026\/08\/1001532058.jpg\" alt=\"\" class=\"wp-image-264415\" srcset=\"http:\/\/vertienteglobal.com\/wp-content\/uploads\/2026\/08\/1001532058.jpg 800w, http:\/\/vertienteglobal.com\/wp-content\/uploads\/2026\/08\/1001532058-300x200.jpg 300w, http:\/\/vertienteglobal.com\/wp-content\/uploads\/2026\/08\/1001532058-150x100.jpg 150w, http:\/\/vertienteglobal.com\/wp-content\/uploads\/2026\/08\/1001532058-768x513.jpg 768w\" sizes=\"auto, (max-width: 800px) 100vw, 800px\" \/><\/figure>\n\n\n\n<p>(Redacci\u00f3n)<\/p>\n\n\n\n<p>La empresa inform\u00f3 que modificar\u00e1 sus capacidades de producci\u00f3n en la planta poblana para adecuarlas a las condiciones actuales de sus principales mercados<\/p>\n\n\n\n<p>Puebla, Puebla, 29 de agosto de 2026.-La empresa Volkswagen anunci\u00f3 este viernes un ajuste en las capacidades de producci\u00f3n de su planta ubicada en Puebla, como consecuencia del complejo panorama que atraviesa la industria automotriz en Am\u00e9rica del Norte y a nivel mundial.<\/p>\n\n\n\n<p>A trav\u00e9s de un comunicado, la empresa inform\u00f3 que modificar\u00e1 sus capacidades de producci\u00f3n en la planta poblana para adecuarlas a las condiciones actuales de sus principales mercados.<\/p>\n\n\n\n<p>El ajuste se concentrar\u00e1 en las l\u00edneas de producci\u00f3n de los modelos Tiguan y Jetta, donde se eliminar\u00e1 de manera indefinida uno de los tres turnos actualmente establecidos.<\/p>\n\n\n\n<p>Volkswagen de M\u00e9xico calific\u00f3 la decisi\u00f3n como una medida \u201cdif\u00edcil pero necesaria\u201d y asegur\u00f3 que se llevar\u00e1 a cabo de conformidad con las disposiciones establecidas por la legislaci\u00f3n laboral.<\/p>\n\n\n\n<p>La compa\u00f1\u00eda no precis\u00f3 cu\u00e1ntos trabajadores resultar\u00edan afectados. Sin embargo, medios locales de Puebla han se\u00f1alado que el turno que podr\u00eda desaparecer ser\u00eda el nocturno, con una posible afectaci\u00f3n para alrededor de mil 300 empleados.<\/p>\n\n\n\n<p>La decisi\u00f3n se produce en un escenario de contracci\u00f3n para la industria automotriz mexicana. El pasado 7 de agosto, el Instituto Nacional de Estad\u00edstica y Geograf\u00eda (Inegi) report\u00f3 que durante julio la producci\u00f3n de veh\u00edculos ligeros en M\u00e9xico disminuy\u00f3 2.19 % interanual, al pasar a 302 mil 673 unidades.<\/p>\n\n\n\n<p>En el mismo periodo, las exportaciones de veh\u00edculos cayeron 9.69 %, con 261 mil 534 unidades enviadas al extranjero. Esto represent\u00f3 6 mil 780 veh\u00edculos menos producidos y 28 mil 64 exportaciones menos respecto a julio de 2025.<\/p>\n\n\n\n<p>La reducci\u00f3n de las exportaciones ocurre en medio de la aplicaci\u00f3n de aranceles de 25 % por parte de Estados Unidos a la mayor\u00eda de los veh\u00edculos y componentes automotrices, una medida vigente desde abril de 2025 y orientada a impulsar la producci\u00f3n dentro de ese pa\u00eds.<\/p>\n\n\n\n<p>El sector tambi\u00e9n atraviesa una etapa de reconfiguraci\u00f3n industrial. Entre los movimientos recientes destaca la decisi\u00f3n de Toyota de trasladar parte del ensamblaje de la camioneta Tacoma hacia Estados Unidos, mientras que General Motors ha realizado ajustes en su planta de Ramos Arizpe, Coahuila, para producir modelos compactos.<\/p>\n\n\n\n<p>En este contexto, Volkswagen busca adaptar sus niveles de producci\u00f3n a la demanda de sus mercados estrat\u00e9gicos, en un momento de presi\u00f3n para la industria automotriz mexicana y sus cadenas de exportaci\u00f3n.(Fuente:EFE\/XEVA)<\/p>\n","protected":false},"excerpt":{"rendered":"<p>(Redacci\u00f3n) La empresa inform\u00f3 que modificar\u00e1 sus capacidades de producci\u00f3n en la planta poblana para adecuarlas a las condiciones actuales de sus principales mercados Puebla, Puebla, 29 de agosto de 2026.-La empresa Volkswagen anunci\u00f3 este viernes un ajuste en las capacidades de producci\u00f3n de su planta ubicada en Puebla, como consecuencia del complejo panorama que [&hellip;]<\/p>\n","protected":false},"author":6,"featured_media":264415,"comment_status":"open","ping_status":"open","sticky":false,"template":"","format":"standard","meta":{"footnotes":""},"categories":[8],"tags":[],"class_list":["post-264414","post","type-post","status-publish","format-standard","has-post-thumbnail","hentry","category-pais","entry","has-media"],"jetpack_featured_media_url":"http:\/\/vertienteglobal.com\/wp-content\/uploads\/2026\/08\/1001532058.jpg","_links":{"self":[{"href":"http:\/\/vertienteglobal.com\/index.php?rest_route=\/wp\/v2\/posts\/264414","targetHints":{"allow":["GET"]}}],"collection":[{"href":"http:\/\/vertienteglobal.com\/index.php?rest_route=\/wp\/v2\/posts"}],"about":[{"href":"http:\/\/vertienteglobal.com\/index.php?rest_route=\/wp\/v2\/types\/post"}],"author":[{"embeddable":true,"href":"http:\/\/vertienteglobal.com\/index.php?rest_route=\/wp\/v2\/users\/6"}],"replies":[{"embeddable":true,"href":"http:\/\/vertienteglobal.com\/index.php?rest_route=%2Fwp%2Fv2%2Fcomments&post=264414"}],"version-history":[{"count":1,"href":"http:\/\/vertienteglobal.com\/index.php?rest_route=\/wp\/v2\/posts\/264414\/revisions"}],"predecessor-version":[{"id":264416,"href":"http:\/\/vertienteglobal.com\/index.php?rest_route=\/wp\/v2\/posts\/264414\/revisions\/264416"}],"wp:featuredmedia":[{"embeddable":true,"href":"http:\/\/vertienteglobal.com\/index.php?rest_route=\/wp\/v2\/media\/264415"}],"wp:attachment":[{"href":"http:\/\/vertienteglobal.com\/index.php?rest_route=%2Fwp%2Fv2%2Fmedia&parent=264414"}],"wp:term":[{"taxonomy":"category","embeddable":true,"href":"http:\/\/vertienteglobal.com\/index.php?rest_route=%2Fwp%2Fv2%2Fcategories&post=264414"},{"taxonomy":"post_tag","embeddable":true,"href":"http:\/\/vertienteglobal.com\/index.php?rest_route=%2Fwp%2Fv2%2Ftags&post=264414"}],"curies":[{"name":"wp","href":"https:\/\/api.w.org\/{rel}","templated":true}]}}