{"id":264408,"date":"2026-08-28T20:09:00","date_gmt":"2026-08-29T01:09:00","guid":{"rendered":"http:\/\/vertienteglobal.com\/?p=264408"},"modified":"2026-08-30T18:57:15","modified_gmt":"2026-08-30T23:57:15","slug":"helicoptero-del-gobernador-de-chiapas-realiza-maniobra-de-emergencia-antes-de-aterrizar","status":"publish","type":"post","link":"http:\/\/vertienteglobal.com\/?p=264408","title":{"rendered":"Helic\u00f3ptero del gobernador de Chiapas realiza maniobra de emergencia antes de aterrizar"},"content":{"rendered":"\n<div class=\"twitterbutton\" style=\"float: right; padding-left: 5px;\"><a href=\"http:\/\/twitter.com\/share\" class=\"twitter-share-button\" data-count=\"horizontal\" data-text=\"Helic\u00f3ptero del gobernador de Chiapas realiza maniobra de emergencia antes de a...\" data-via=\"https:\/\/twitter.com\/VertienteGloba1\" data-url=\"http:\/\/vertienteglobal.com\/?p=264408\" data-lang=\"es\" data-related=\"Informaci\u00f3n general:S\u00edguenos para que est\u00e9ss informado\"><\/a><\/div>\n<figure class=\"wp-block-image size-full\"><img loading=\"lazy\" decoding=\"async\" width=\"703\" height=\"374\" src=\"http:\/\/vertienteglobal.com\/wp-content\/uploads\/2026\/08\/1001532038.jpg\" alt=\"\" class=\"wp-image-264409\" srcset=\"http:\/\/vertienteglobal.com\/wp-content\/uploads\/2026\/08\/1001532038.jpg 703w, http:\/\/vertienteglobal.com\/wp-content\/uploads\/2026\/08\/1001532038-300x160.jpg 300w, http:\/\/vertienteglobal.com\/wp-content\/uploads\/2026\/08\/1001532038-150x80.jpg 150w\" sizes=\"auto, (max-width: 703px) 100vw, 703px\" \/><\/figure>\n\n\n\n<p>(Redacci\u00f3n)<\/p>\n\n\n\n<p>El mandatario estuvo acompa\u00f1ado por integrantes de su gabinete y encabez\u00f3 actividades relacionadas con proyectos de infraestructura, agua potable, caminos y construcci\u00f3n de aulas<\/p>\n\n\n\n<p>Tuxtla Guti\u00e9rrez Chiapas 28 de agosto de 2026.+El helic\u00f3ptero en el que viajaba el gobernador de Chiapas, Eduardo Ram\u00edrez Aguilar, realiz\u00f3 una maniobra de emergencia durante su llegada al municipio de Pantepec, donde el mandatario ten\u00eda programada una gira de trabajo.<\/p>\n\n\n\n<p>De acuerdo con lo informado por el propio gobernador a trav\u00e9s de sus redes sociales, durante el vuelo se registr\u00f3 un cruce de aves y condiciones de poca visibilidad, situaci\u00f3n que oblig\u00f3 a los pilotos a modificar la trayectoria de la aeronave y cambiar el punto previsto para el descenso.<\/p>\n\n\n\n<p>\u201cUn cruce de aves y la poca visibilidad nos oblig\u00f3 a cambiar de direcci\u00f3n\u201d, explic\u00f3 Ram\u00edrez Aguilar, quien reconoci\u00f3 la actuaci\u00f3n de los pilotos y destac\u00f3 su destreza y profesionalismo para salvaguardar la integridad de los pasajeros.<\/p>\n\n\n\n<p>Videos difundidos en redes sociales muestran el momento en que el helic\u00f3ptero modifica su trayectoria mientras se aproximaba a la zona donde estaba previsto el arribo del gobernador.<\/p>\n\n\n\n<p>El helic\u00f3ptero donde viajaba gobernador de Chiapas, Eduardo Ram\u00edrez, sufre percance.<\/p>\n\n\n\n<p>Tras la maniobra, la aeronave logr\u00f3 completar su llegada sin que se reportaran personas lesionadas ni da\u00f1os materiales. Posteriormente, Eduardo Ram\u00edrez continu\u00f3 con las actividades contempladas en su agenda de trabajo en Pantepec.<\/p>\n\n\n\n<p>Durante su visita, el mandatario estuvo acompa\u00f1ado por integrantes de su gabinete y encabez\u00f3 actividades relacionadas con proyectos de infraestructura, agua potable, caminos y construcci\u00f3n de aulas.<\/p>\n\n\n\n<p>Ram\u00edrez Aguilar reiter\u00f3 su reconocimiento a los pilotos por la respuesta ante las condiciones registradas durante el vuelo y se\u00f1al\u00f3 que su intervenci\u00f3n permiti\u00f3 evitar que la situaci\u00f3n derivara en un accidente de mayores consecuencias.(Fuente:XEVA)<\/p>\n\n\n\n<figure class=\"wp-block-embed is-type-rich is-provider-x wp-block-embed-x\"><div class=\"wp-block-embed__wrapper\">\n<div class=\"oceanwp-oembed-wrap clr\"><div class=\"embed-x\"><blockquote class=\"twitter-tweet\" data-width=\"550\" data-dnt=\"true\"><p lang=\"es\" dir=\"ltr\">El helic\u00f3ptero donde viajaba gobernador de Chiapas, Eduardo Ram\u00edrez, sufre percance.<br><br>Salen ilesos.  <a href=\"https:\/\/t.co\/rvoeieNdPw\">pic.twitter.com\/rvoeieNdPw<\/a><\/p>&mdash; Joaqu\u00edn L\u00f3pez-D\u00f3riga (@lopezdoriga) <a href=\"https:\/\/x.com\/lopezdoriga\/status\/2093453689730277659?ref_src=twsrc%5Etfw\">August 28, 2026<\/a><\/blockquote><script async src=\"https:\/\/platform.x.com\/widgets.js\" charset=\"utf-8\"><\/script><\/div><\/div>\n<\/div><\/figure>\n","protected":false},"excerpt":{"rendered":"<p>(Redacci\u00f3n) El mandatario estuvo acompa\u00f1ado por integrantes de su gabinete y encabez\u00f3 actividades relacionadas con proyectos de infraestructura, agua potable, caminos y construcci\u00f3n de aulas Tuxtla Guti\u00e9rrez Chiapas 28 de agosto de 2026.+El helic\u00f3ptero en el que viajaba el gobernador de Chiapas, Eduardo Ram\u00edrez Aguilar, realiz\u00f3 una maniobra de emergencia durante su llegada al municipio [&hellip;]<\/p>\n","protected":false},"author":6,"featured_media":264409,"comment_status":"open","ping_status":"open","sticky":false,"template":"","format":"standard","meta":{"footnotes":""},"categories":[6,8],"tags":[],"class_list":["post-264408","post","type-post","status-publish","format-standard","has-post-thumbnail","hentry","category-chiapas","category-pais","entry","has-media"],"jetpack_featured_media_url":"http:\/\/vertienteglobal.com\/wp-content\/uploads\/2026\/08\/1001532038.jpg","_links":{"self":[{"href":"http:\/\/vertienteglobal.com\/index.php?rest_route=\/wp\/v2\/posts\/264408","targetHints":{"allow":["GET"]}}],"collection":[{"href":"http:\/\/vertienteglobal.com\/index.php?rest_route=\/wp\/v2\/posts"}],"about":[{"href":"http:\/\/vertienteglobal.com\/index.php?rest_route=\/wp\/v2\/types\/post"}],"author":[{"embeddable":true,"href":"http:\/\/vertienteglobal.com\/index.php?rest_route=\/wp\/v2\/users\/6"}],"replies":[{"embeddable":true,"href":"http:\/\/vertienteglobal.com\/index.php?rest_route=%2Fwp%2Fv2%2Fcomments&post=264408"}],"version-history":[{"count":1,"href":"http:\/\/vertienteglobal.com\/index.php?rest_route=\/wp\/v2\/posts\/264408\/revisions"}],"predecessor-version":[{"id":264410,"href":"http:\/\/vertienteglobal.com\/index.php?rest_route=\/wp\/v2\/posts\/264408\/revisions\/264410"}],"wp:featuredmedia":[{"embeddable":true,"href":"http:\/\/vertienteglobal.com\/index.php?rest_route=\/wp\/v2\/media\/264409"}],"wp:attachment":[{"href":"http:\/\/vertienteglobal.com\/index.php?rest_route=%2Fwp%2Fv2%2Fmedia&parent=264408"}],"wp:term":[{"taxonomy":"category","embeddable":true,"href":"http:\/\/vertienteglobal.com\/index.php?rest_route=%2Fwp%2Fv2%2Fcategories&post=264408"},{"taxonomy":"post_tag","embeddable":true,"href":"http:\/\/vertienteglobal.com\/index.php?rest_route=%2Fwp%2Fv2%2Ftags&post=264408"}],"curies":[{"name":"wp","href":"https:\/\/api.w.org\/{rel}","templated":true}]}}