{"id":264402,"date":"2026-08-28T17:02:00","date_gmt":"2026-08-28T22:02:00","guid":{"rendered":"http:\/\/vertienteglobal.com\/?p=264402"},"modified":"2026-08-30T18:06:20","modified_gmt":"2026-08-30T23:06:20","slug":"helicoptero-blackhawk-de-la-fuerza-aerea-se-desploma-en-durango-video","status":"publish","type":"post","link":"http:\/\/vertienteglobal.com\/?p=264402","title":{"rendered":"Helic\u00f3ptero &#8216;blackhawk&#8217; de la Fuerza A\u00e9rea se desploma en Durango (+Video)"},"content":{"rendered":"\n<div class=\"twitterbutton\" style=\"float: right; padding-left: 5px;\"><a href=\"http:\/\/twitter.com\/share\" class=\"twitter-share-button\" data-count=\"horizontal\" data-text=\"Helic\u00f3ptero &#8216;blackhawk&#8217; de la Fuerza A\u00e9rea se desploma en Durango ...\" data-via=\"https:\/\/twitter.com\/VertienteGloba1\" data-url=\"http:\/\/vertienteglobal.com\/?p=264402\" data-lang=\"es\" data-related=\"Informaci\u00f3n general:S\u00edguenos para que est\u00e9ss informado\"><\/a><\/div>\n<figure class=\"wp-block-image size-full\"><img loading=\"lazy\" decoding=\"async\" width=\"1024\" height=\"576\" src=\"http:\/\/vertienteglobal.com\/wp-content\/uploads\/2026\/08\/1001531940.webp\" alt=\"\" class=\"wp-image-264403\" srcset=\"http:\/\/vertienteglobal.com\/wp-content\/uploads\/2026\/08\/1001531940.webp 1024w, http:\/\/vertienteglobal.com\/wp-content\/uploads\/2026\/08\/1001531940-300x169.webp 300w, http:\/\/vertienteglobal.com\/wp-content\/uploads\/2026\/08\/1001531940-150x84.webp 150w, http:\/\/vertienteglobal.com\/wp-content\/uploads\/2026\/08\/1001531940-768x432.webp 768w\" sizes=\"auto, (max-width: 1024px) 100vw, 1024px\" \/><\/figure>\n\n\n\n<p>(Redacci\u00f3n)<\/p>\n\n\n\n<p>En la aeronave viajaban siete tripulantes, quienes resultaron con contusiones leves y fueron atendidos por personal de Sanidad Militar<\/p>\n\n\n\n<p>Ciudad de M\u00e9xico 28 de agosto de 2026.-Un helic\u00f3ptero UH-60M Black Hawk de la Fuerza A\u00e9rea Mexicana se desplom\u00f3 mientras sobrevolaba una zona boscosa del municipio de Pueblo Nuevo, Durango.<\/p>\n\n\n\n<p>En la aeronave viajaban siete tripulantes, quienes resultaron con contusiones leves y fueron atendidos por personal de Sanidad Militar.<\/p>\n\n\n\n<p>La Secretar\u00eda de la Defensa Nacional inform\u00f3 que activ\u00f3 la Comisi\u00f3n Investigadora y Dictaminadora de Accidentes A\u00e9reos de la Fuerza A\u00e9rea Mexicana para determinar las causas que provocaron el accidente.<\/p>\n\n\n\n<p>El momento del desplome qued\u00f3 registrado en video. En las im\u00e1genes se observa c\u00f3mo el helic\u00f3ptero pierde el control, comienza a girar y finalmente se impacta contra el terreno.<\/p>\n\n\n\n<p>Hasta el momento, las autoridades no han informado de personas fallecidas. (Fuente:XEU)<\/p>\n\n\n\n<figure class=\"wp-block-embed is-type-rich is-provider-x wp-block-embed-x\"><div class=\"wp-block-embed__wrapper\">\n<div class=\"oceanwp-oembed-wrap clr\"><div class=\"embed-x\"><blockquote class=\"twitter-tweet\" data-width=\"550\" data-dnt=\"true\"><p lang=\"es\" dir=\"ltr\">Un helic\u00f3ptero UH-60M Blackhawk de la FAM, perdi\u00f3 potencia desplom\u00e1ndose en El Salto,Dgo. desconoci\u00e9ndose las causas de la falla <a href=\"https:\/\/t.co\/eKS6apL4kT\">pic.twitter.com\/eKS6apL4kT<\/a><\/p>&mdash; M\u00e9xico Aeroespacial y Defensa (@maeroespacial) <a href=\"https:\/\/x.com\/maeroespacial\/status\/2093433890199257098?ref_src=twsrc%5Etfw\">August 28, 2026<\/a><\/blockquote><script async src=\"https:\/\/platform.x.com\/widgets.js\" charset=\"utf-8\"><\/script><\/div><\/div>\n<\/div><\/figure>\n","protected":false},"excerpt":{"rendered":"<p>(Redacci\u00f3n) En la aeronave viajaban siete tripulantes, quienes resultaron con contusiones leves y fueron atendidos por personal de Sanidad Militar Ciudad de M\u00e9xico 28 de agosto de 2026.-Un helic\u00f3ptero UH-60M Black Hawk de la Fuerza A\u00e9rea Mexicana se desplom\u00f3 mientras sobrevolaba una zona boscosa del municipio de Pueblo Nuevo, Durango. En la aeronave viajaban siete [&hellip;]<\/p>\n","protected":false},"author":6,"featured_media":264403,"comment_status":"open","ping_status":"open","sticky":false,"template":"","format":"standard","meta":{"footnotes":""},"categories":[8],"tags":[],"class_list":["post-264402","post","type-post","status-publish","format-standard","has-post-thumbnail","hentry","category-pais","entry","has-media"],"jetpack_featured_media_url":"http:\/\/vertienteglobal.com\/wp-content\/uploads\/2026\/08\/1001531940.webp","_links":{"self":[{"href":"http:\/\/vertienteglobal.com\/index.php?rest_route=\/wp\/v2\/posts\/264402","targetHints":{"allow":["GET"]}}],"collection":[{"href":"http:\/\/vertienteglobal.com\/index.php?rest_route=\/wp\/v2\/posts"}],"about":[{"href":"http:\/\/vertienteglobal.com\/index.php?rest_route=\/wp\/v2\/types\/post"}],"author":[{"embeddable":true,"href":"http:\/\/vertienteglobal.com\/index.php?rest_route=\/wp\/v2\/users\/6"}],"replies":[{"embeddable":true,"href":"http:\/\/vertienteglobal.com\/index.php?rest_route=%2Fwp%2Fv2%2Fcomments&post=264402"}],"version-history":[{"count":1,"href":"http:\/\/vertienteglobal.com\/index.php?rest_route=\/wp\/v2\/posts\/264402\/revisions"}],"predecessor-version":[{"id":264404,"href":"http:\/\/vertienteglobal.com\/index.php?rest_route=\/wp\/v2\/posts\/264402\/revisions\/264404"}],"wp:featuredmedia":[{"embeddable":true,"href":"http:\/\/vertienteglobal.com\/index.php?rest_route=\/wp\/v2\/media\/264403"}],"wp:attachment":[{"href":"http:\/\/vertienteglobal.com\/index.php?rest_route=%2Fwp%2Fv2%2Fmedia&parent=264402"}],"wp:term":[{"taxonomy":"category","embeddable":true,"href":"http:\/\/vertienteglobal.com\/index.php?rest_route=%2Fwp%2Fv2%2Fcategories&post=264402"},{"taxonomy":"post_tag","embeddable":true,"href":"http:\/\/vertienteglobal.com\/index.php?rest_route=%2Fwp%2Fv2%2Ftags&post=264402"}],"curies":[{"name":"wp","href":"https:\/\/api.w.org\/{rel}","templated":true}]}}