{"id":264399,"date":"2026-08-28T09:54:00","date_gmt":"2026-08-28T14:54:00","guid":{"rendered":"http:\/\/vertienteglobal.com\/?p=264399"},"modified":"2026-08-30T18:02:06","modified_gmt":"2026-08-30T23:02:06","slug":"destinaran-5-mdd-recuperados-del-caso-garcia-luna-a-la-educacion-en-guerrero","status":"publish","type":"post","link":"http:\/\/vertienteglobal.com\/?p=264399","title":{"rendered":"Destinar\u00e1n 5 mdd recuperados del caso Garc\u00eda Luna a la educaci\u00f3n en Guerrero"},"content":{"rendered":"\n<div class=\"twitterbutton\" style=\"float: right; padding-left: 5px;\"><a href=\"http:\/\/twitter.com\/share\" class=\"twitter-share-button\" data-count=\"horizontal\" data-text=\"Destinar\u00e1n 5 mdd recuperados del caso Garc\u00eda Luna a la educaci\u00f3n en Guerrero\" data-via=\"https:\/\/twitter.com\/VertienteGloba1\" data-url=\"http:\/\/vertienteglobal.com\/?p=264399\" data-lang=\"es\" data-related=\"Informaci\u00f3n general:S\u00edguenos para que est\u00e9ss informado\"><\/a><\/div>\n<figure class=\"wp-block-image size-full\"><img loading=\"lazy\" decoding=\"async\" width=\"1024\" height=\"683\" src=\"http:\/\/vertienteglobal.com\/wp-content\/uploads\/2026\/08\/1001531939.webp\" alt=\"\" class=\"wp-image-264400\" srcset=\"http:\/\/vertienteglobal.com\/wp-content\/uploads\/2026\/08\/1001531939.webp 1024w, http:\/\/vertienteglobal.com\/wp-content\/uploads\/2026\/08\/1001531939-300x200.webp 300w, http:\/\/vertienteglobal.com\/wp-content\/uploads\/2026\/08\/1001531939-150x100.webp 150w, http:\/\/vertienteglobal.com\/wp-content\/uploads\/2026\/08\/1001531939-768x512.webp 768w\" sizes=\"auto, (max-width: 1024px) 100vw, 1024px\" \/><\/figure>\n\n\n\n<p>(Redacci\u00f3n)<\/p>\n\n\n\n<p>Precis\u00f3 que se trata de alrededor de 100 millones de pesos que se destinar\u00e1n a las \u00e1reas con mayores carencias del pa\u00eds<\/p>\n\n\n\n<p>Ciudad de M\u00e9xico 28 de agosto de 2026.-La presidenta Claudia Sheinbaum adelant\u00f3 este viernes que los casi 6 millones de d\u00f3lares recuperados de la familia Weinberg por el caso de Genaro Garc\u00eda Luna se invertir\u00e1n en infraestructura educativa en la regi\u00f3n de la monta\u00f1a de Guerrero.<\/p>\n\n\n\n<p>La mandataria explic\u00f3 que la intenci\u00f3n es canalizar esos recursos a planteles de esa zona considerada de alta marginaci\u00f3n, indicando que ya se trabaja en el plan para detallar la edificaci\u00f3n de escuelas de nivel medio superior y superior, y de ser necesario tambi\u00e9n de educaci\u00f3n b\u00e1sica.<\/p>\n\n\n\n<p>Precis\u00f3 que se trata de alrededor de 100 millones de pesos que se destinar\u00e1n a las \u00e1reas con mayores carencias del pa\u00eds.<\/p>\n\n\n\n<p>Por su parte, el director de la Unidad de Inteligencia Financiera (UIF), Omar Reyes, dio a conocer c\u00f3mo se logr\u00f3 recuperar 5 millones 805 mil 693 d\u00f3lares vinculados a la familia Weinberg y al caso Garc\u00eda Luna.<\/p>\n\n\n\n<p>Detall\u00f3 que la recuperaci\u00f3n se concret\u00f3 tras un juicio impulsado en Estados Unidos, que deriv\u00f3 en la extinci\u00f3n de una p\u00f3liza de fianza y de 12 inmuebles que presuntamente fueron adquiridos en Florida por los socios del exfuncionario.<\/p>\n\n\n\n<p>Record\u00f3 que la trama delictiva, que habr\u00eda operado de 2008 a 2018, provoc\u00f3 un da\u00f1o estimado de 403 millones de d\u00f3lares al erario. Ante ello, dijo, contin\u00faan las labores para ubicar m\u00e1s activos relacionados con la familia Weinberg y con Garc\u00eda Luna, a fin de promover nuevos procesos para su recuperaci\u00f3n.<\/p>\n\n\n\n<p>Asimismo, el titular de la UIF report\u00f3 que la dependencia ha bloqueado 7 mil 861 cuentas vinculadas a organizaciones criminales que operan en M\u00e9xico, de un total de m\u00e1s de 24 mil cuentas detectadas.<\/p>\n\n\n\n<p><\/p>\n\n\n\n<p><\/p>\n\n\n\n<p><\/p>\n\n\n\n<p><\/p>\n","protected":false},"excerpt":{"rendered":"<p>(Redacci\u00f3n) Precis\u00f3 que se trata de alrededor de 100 millones de pesos que se destinar\u00e1n a las \u00e1reas con mayores carencias del pa\u00eds Ciudad de M\u00e9xico 28 de agosto de 2026.-La presidenta Claudia Sheinbaum adelant\u00f3 este viernes que los casi 6 millones de d\u00f3lares recuperados de la familia Weinberg por el caso de Genaro Garc\u00eda [&hellip;]<\/p>\n","protected":false},"author":6,"featured_media":264400,"comment_status":"open","ping_status":"open","sticky":false,"template":"","format":"standard","meta":{"footnotes":""},"categories":[8],"tags":[],"class_list":["post-264399","post","type-post","status-publish","format-standard","has-post-thumbnail","hentry","category-pais","entry","has-media"],"jetpack_featured_media_url":"http:\/\/vertienteglobal.com\/wp-content\/uploads\/2026\/08\/1001531939.webp","_links":{"self":[{"href":"http:\/\/vertienteglobal.com\/index.php?rest_route=\/wp\/v2\/posts\/264399","targetHints":{"allow":["GET"]}}],"collection":[{"href":"http:\/\/vertienteglobal.com\/index.php?rest_route=\/wp\/v2\/posts"}],"about":[{"href":"http:\/\/vertienteglobal.com\/index.php?rest_route=\/wp\/v2\/types\/post"}],"author":[{"embeddable":true,"href":"http:\/\/vertienteglobal.com\/index.php?rest_route=\/wp\/v2\/users\/6"}],"replies":[{"embeddable":true,"href":"http:\/\/vertienteglobal.com\/index.php?rest_route=%2Fwp%2Fv2%2Fcomments&post=264399"}],"version-history":[{"count":1,"href":"http:\/\/vertienteglobal.com\/index.php?rest_route=\/wp\/v2\/posts\/264399\/revisions"}],"predecessor-version":[{"id":264401,"href":"http:\/\/vertienteglobal.com\/index.php?rest_route=\/wp\/v2\/posts\/264399\/revisions\/264401"}],"wp:featuredmedia":[{"embeddable":true,"href":"http:\/\/vertienteglobal.com\/index.php?rest_route=\/wp\/v2\/media\/264400"}],"wp:attachment":[{"href":"http:\/\/vertienteglobal.com\/index.php?rest_route=%2Fwp%2Fv2%2Fmedia&parent=264399"}],"wp:term":[{"taxonomy":"category","embeddable":true,"href":"http:\/\/vertienteglobal.com\/index.php?rest_route=%2Fwp%2Fv2%2Fcategories&post=264399"},{"taxonomy":"post_tag","embeddable":true,"href":"http:\/\/vertienteglobal.com\/index.php?rest_route=%2Fwp%2Fv2%2Ftags&post=264399"}],"curies":[{"name":"wp","href":"https:\/\/api.w.org\/{rel}","templated":true}]}}