{"id":264396,"date":"2026-08-27T21:50:00","date_gmt":"2026-08-28T02:50:00","guid":{"rendered":"http:\/\/vertienteglobal.com\/?p=264396"},"modified":"2026-08-30T17:54:02","modified_gmt":"2026-08-30T22:54:02","slug":"inhabilitan-a-sandra-cuevas-de-ocupar-cargos-publicos","status":"publish","type":"post","link":"http:\/\/vertienteglobal.com\/?p=264396","title":{"rendered":"Inhabilitan a Sandra Cuevas de ocupar cargos p\u00fablicos"},"content":{"rendered":"\n<div class=\"twitterbutton\" style=\"float: right; padding-left: 5px;\"><a href=\"http:\/\/twitter.com\/share\" class=\"twitter-share-button\" data-count=\"horizontal\" data-text=\"Inhabilitan a Sandra Cuevas de ocupar cargos p\u00fablicos\" data-via=\"https:\/\/twitter.com\/VertienteGloba1\" data-url=\"http:\/\/vertienteglobal.com\/?p=264396\" data-lang=\"es\" data-related=\"Informaci\u00f3n general:S\u00edguenos para que est\u00e9ss informado\"><\/a><\/div>\n<figure class=\"wp-block-image size-full\"><img loading=\"lazy\" decoding=\"async\" width=\"1024\" height=\"683\" src=\"http:\/\/vertienteglobal.com\/wp-content\/uploads\/2026\/08\/1001531900.webp\" alt=\"\" class=\"wp-image-264397\" srcset=\"http:\/\/vertienteglobal.com\/wp-content\/uploads\/2026\/08\/1001531900.webp 1024w, http:\/\/vertienteglobal.com\/wp-content\/uploads\/2026\/08\/1001531900-300x200.webp 300w, http:\/\/vertienteglobal.com\/wp-content\/uploads\/2026\/08\/1001531900-150x100.webp 150w, http:\/\/vertienteglobal.com\/wp-content\/uploads\/2026\/08\/1001531900-768x512.webp 768w\" sizes=\"auto, (max-width: 1024px) 100vw, 1024px\" \/><\/figure>\n\n\n\n<p>(Redacci\u00f3n)<\/p>\n\n\n\n<p>El Tribunal determin\u00f3 que las acciones se realizaron sin aplicar el procedimiento administrativo correspondiente ni garantizar el derecho de audiencia y defensa de los afectados<\/p>\n\n\n\n<p>Ciudad de M\u00e9xico 27 de agosto de 2026.-El Tribunal de Justicia Administrativa de la Ciudad de M\u00e9xico inhabilit\u00f3 por un a\u00f1o a Sandra Cuevas, exalcaldesa de Cuauht\u00e9moc, tras determinar que incurri\u00f3 en abuso de funciones e irregularidades al debido proceso durante el \u201cOperativo Diamante\u201d de 2023.<\/p>\n\n\n\n<p>Y es que el procedimiento, identificado como TE\/I-22616\/2023, deriv\u00f3 de denuncias por el retiro de mobiliario de establecimientos comerciales, como sillas, bancas, p\u00e9rgolas y jardineras.<\/p>\n\n\n\n<p>El Tribunal determin\u00f3 que las acciones se realizaron sin aplicar el procedimiento administrativo correspondiente ni garantizar el derecho de audiencia y defensa de los afectados.<\/p>\n\n\n\n<p>La sanci\u00f3n impide a Cuevas ocupar empleos, cargos o comisiones en el servicio p\u00fablico durante un a\u00f1o, adem\u00e1s de participar en adquisiciones, arrendamientos, servicios u obras p\u00fablicas.<\/p>\n","protected":false},"excerpt":{"rendered":"<p>(Redacci\u00f3n) El Tribunal determin\u00f3 que las acciones se realizaron sin aplicar el procedimiento administrativo correspondiente ni garantizar el derecho de audiencia y defensa de los afectados Ciudad de M\u00e9xico 27 de agosto de 2026.-El Tribunal de Justicia Administrativa de la Ciudad de M\u00e9xico inhabilit\u00f3 por un a\u00f1o a Sandra Cuevas, exalcaldesa de Cuauht\u00e9moc, tras determinar [&hellip;]<\/p>\n","protected":false},"author":6,"featured_media":264397,"comment_status":"open","ping_status":"open","sticky":false,"template":"","format":"standard","meta":{"footnotes":""},"categories":[8],"tags":[],"class_list":["post-264396","post","type-post","status-publish","format-standard","has-post-thumbnail","hentry","category-pais","entry","has-media"],"jetpack_featured_media_url":"http:\/\/vertienteglobal.com\/wp-content\/uploads\/2026\/08\/1001531900.webp","_links":{"self":[{"href":"http:\/\/vertienteglobal.com\/index.php?rest_route=\/wp\/v2\/posts\/264396","targetHints":{"allow":["GET"]}}],"collection":[{"href":"http:\/\/vertienteglobal.com\/index.php?rest_route=\/wp\/v2\/posts"}],"about":[{"href":"http:\/\/vertienteglobal.com\/index.php?rest_route=\/wp\/v2\/types\/post"}],"author":[{"embeddable":true,"href":"http:\/\/vertienteglobal.com\/index.php?rest_route=\/wp\/v2\/users\/6"}],"replies":[{"embeddable":true,"href":"http:\/\/vertienteglobal.com\/index.php?rest_route=%2Fwp%2Fv2%2Fcomments&post=264396"}],"version-history":[{"count":1,"href":"http:\/\/vertienteglobal.com\/index.php?rest_route=\/wp\/v2\/posts\/264396\/revisions"}],"predecessor-version":[{"id":264398,"href":"http:\/\/vertienteglobal.com\/index.php?rest_route=\/wp\/v2\/posts\/264396\/revisions\/264398"}],"wp:featuredmedia":[{"embeddable":true,"href":"http:\/\/vertienteglobal.com\/index.php?rest_route=\/wp\/v2\/media\/264397"}],"wp:attachment":[{"href":"http:\/\/vertienteglobal.com\/index.php?rest_route=%2Fwp%2Fv2%2Fmedia&parent=264396"}],"wp:term":[{"taxonomy":"category","embeddable":true,"href":"http:\/\/vertienteglobal.com\/index.php?rest_route=%2Fwp%2Fv2%2Fcategories&post=264396"},{"taxonomy":"post_tag","embeddable":true,"href":"http:\/\/vertienteglobal.com\/index.php?rest_route=%2Fwp%2Fv2%2Ftags&post=264396"}],"curies":[{"name":"wp","href":"https:\/\/api.w.org\/{rel}","templated":true}]}}