{"id":264350,"date":"2026-08-29T16:09:00","date_gmt":"2026-08-29T21:09:00","guid":{"rendered":"http:\/\/vertienteglobal.com\/?p=264350"},"modified":"2026-08-30T12:09:30","modified_gmt":"2026-08-30T17:09:30","slug":"expo-personas-adultas-mayores-2026-abre-sus-puertas-para-celebrar-la-experiencia-y-las-raices-de-yucatan","status":"publish","type":"post","link":"http:\/\/vertienteglobal.com\/?p=264350","title":{"rendered":"Expo Personas Adultas Mayores 2026 abre sus puertas para celebrar la experiencia y las ra\u00edces de Yucat\u00e1n"},"content":{"rendered":"\n<div class=\"twitterbutton\" style=\"float: right; padding-left: 5px;\"><a href=\"http:\/\/twitter.com\/share\" class=\"twitter-share-button\" data-count=\"horizontal\" data-text=\"Expo Personas Adultas Mayores 2026 abre sus puertas para celebrar la experiencia...\" data-via=\"https:\/\/twitter.com\/VertienteGloba1\" data-url=\"http:\/\/vertienteglobal.com\/?p=264350\" data-lang=\"es\" data-related=\"Informaci\u00f3n general:S\u00edguenos para que est\u00e9ss informado\"><\/a><\/div>\n<figure class=\"wp-block-image size-large\"><img loading=\"lazy\" decoding=\"async\" width=\"1024\" height=\"683\" src=\"http:\/\/vertienteglobal.com\/wp-content\/uploads\/2026\/08\/1001531131-1024x683.jpg\" alt=\"\" class=\"wp-image-264351\" srcset=\"http:\/\/vertienteglobal.com\/wp-content\/uploads\/2026\/08\/1001531131-1024x683.jpg 1024w, http:\/\/vertienteglobal.com\/wp-content\/uploads\/2026\/08\/1001531131-300x200.jpg 300w, http:\/\/vertienteglobal.com\/wp-content\/uploads\/2026\/08\/1001531131-150x100.jpg 150w, http:\/\/vertienteglobal.com\/wp-content\/uploads\/2026\/08\/1001531131-768x512.jpg 768w, http:\/\/vertienteglobal.com\/wp-content\/uploads\/2026\/08\/1001531131-1536x1024.jpg 1536w, http:\/\/vertienteglobal.com\/wp-content\/uploads\/2026\/08\/1001531131-2048x1366.jpg 2048w\" sizes=\"auto, (max-width: 1024px) 100vw, 1024px\" \/><\/figure>\n\n\n\n<p>(Redacci\u00f3n)<\/p>\n\n\n\n<p><em>Durante este 28 y 29 de agosto, el Centro de Convenciones Yucat\u00e1n Siglo XXI re\u00fane servicios y actividades culturales, deportivas y recreativas dirigidas a las personas adultas mayores<\/em><\/p>\n\n\n\n<p>M\u00e9rida, Yucat\u00e1n,28 de agosto 2026.-Entre m\u00fasica, baile, activaci\u00f3n f\u00edsica y la participaci\u00f3n de clubes provenientes de distintos municipios, este viernes abri\u00f3 sus puertas la Expo Personas Adultas Mayores 2026 \u201cRenacer desde Nuestras Ra\u00edces\u201d, organizada por el Sistema DIF Yucat\u00e1n para reconocer la experiencia, las capacidades y la participaci\u00f3n activa de quienes han contribuido a construir la historia de sus familias, comunidades y del estado.<\/p>\n\n\n\n<p>El Centro de Convenciones Yucat\u00e1n Siglo XXI recibe a personas adultas mayores de M\u00e9rida y del interior del estado, quienes este 28 y 29 de agosto podr\u00e1n acceder gratuitamente a servicios, orientaci\u00f3n y actividades de bienestar, culturales, deportivas y recreativas, adem\u00e1s de alternativas para la convivencia y la integraci\u00f3n familiar.<\/p>\n\n\n\n<p>La edici\u00f3n 2026 re\u00fane a m\u00e1s de 40 instituciones, dependencias, asociaciones, universidades, organizaciones y expositores que ofrecen opciones relacionadas con salud, derechos, cultura, movilidad, capacitaci\u00f3n, desarrollo social, empleo y otros servicios de inter\u00e9s para este sector de la poblaci\u00f3n.<\/p>\n\n\n\n<p>Durante la inauguraci\u00f3n, la Presidenta Honoraria del DIF Yucat\u00e1n, Mtra. Wendy M\u00e9ndez Naal, afirm\u00f3 que la Expo fue creada para celebrar no solo lo que las personas adultas mayores han aportado a Yucat\u00e1n, sino tambi\u00e9n todo aquello que contin\u00faan construyendo desde sus familias y comunidades.<\/p>\n\n\n\n<p>\u201cCumplir a\u00f1os no significa dejar de tener sue\u00f1os, ilusiones, talentos o ganas de disfrutar la vida. Al contrario, cada a\u00f1o vivido nos regala experiencia, aprendizaje y recuerdos que nadie puede sustituir. Y eso es precisamente lo que queremos celebrar durante estos dos d\u00edas\u201d, sostuvo.<\/p>\n\n\n\n<p>M\u00e9ndez Naal destac\u00f3 que \u201cRenacer desde Nuestras Ra\u00edces\u201d reconoce a este sector de la poblaci\u00f3n como parte fundamental del presente y futuro de Yucat\u00e1n, al tiempo que reiter\u00f3 el compromiso del Gobernador Joaqu\u00edn D\u00edaz Mena de generar condiciones para que las personas adultas mayores contin\u00faen participando plenamente en la vida social y comunitaria.<\/p>\n\n\n\n<p>\u201cQueremos que tengan un espacio de encuentro, de convivencia y de nuevas oportunidades, pero sobre todo que sepan que son importantes, que son escuchados y que cuentan con este Gobierno del Renacimiento Maya\u201d, afirm\u00f3.<\/p>\n\n\n\n<p>Por su parte, la directora general del DIF Yucat\u00e1n, Shirley Castillo S\u00e1nchez, explic\u00f3 que el concepto de esta edici\u00f3n parte del reconocimiento a las personas adultas mayores como memoria viva de Yucat\u00e1n y transmisoras de conocimientos, valores y tradiciones.<\/p>\n\n\n\n<p>\u201cHablar de las personas adultas mayores es tambi\u00e9n hablar de nuestras ra\u00edces. Es reconocer en ellas la memoria viva de las familias, de las comunidades y de la cultura. Son quienes han transmitido valores, tradiciones, conocimientos y ense\u00f1anzas que hoy forman parte de lo que somos\u201d, se\u00f1al\u00f3.<\/p>\n\n\n\n<p>La primera jornada cont\u00f3 con presentaciones de clubes provenientes de distintos municipios, as\u00ed como de instituciones y centros participantes, con actividades como jarana, danz\u00f3n, tango, folclor, canto, yoga, tai chi, ritmos latinos, exhibiciones deportivas y activaci\u00f3n f\u00edsica, convirtiendo el recinto en un punto de encuentro para compartir talentos y expresiones culturales.<\/p>\n\n\n\n<p>En representaci\u00f3n del Gobernador, el secretario de Educaci\u00f3n del Estado, Juan Enrique Balam V\u00e1rguez, destac\u00f3 que durante estos dos d\u00edas el Centro de Convenciones Yucat\u00e1n Siglo XXI recibe a participantes de los 106 municipios, en un encuentro dedicado a valorar su trayectoria y aportaciones.<\/p>\n\n\n\n<p>La Expo continuar\u00e1 este s\u00e1bado 29 de agosto con uno de sus momentos centrales: la gran final del Concurso Personas Adultas Mayores 2026, en la que participar\u00e1n 10 finalistas que compartir\u00e1n sus historias, experiencias y ra\u00edces para elegir a quienes representar\u00e1n este a\u00f1o a las personas adultas mayores de Yucat\u00e1n.<\/p>\n\n\n\n<p>La programaci\u00f3n incluir\u00e1 tambi\u00e9n presentaciones art\u00edsticas y actividades a cargo de clubes e instituciones provenientes de diferentes puntos del estado. Como cierre de esta edici\u00f3n, se presentar\u00e1 la Aut\u00e9ntica Sonora de Gildardo Z\u00e1rate.<\/p>\n\n\n\n<p>Para facilitar la asistencia, se contar\u00e1 con una ruta gratuita de Va y Ven, con paradero en el Centro de M\u00e9rida, en la calle 63 por 56, y servicio hacia la Expo y de regreso, disponible de 8:00 a 22:00 horas.<\/p>\n\n\n\n<p>La entrada a la Expo Personas Adultas Mayores 2026 es gratuita, por lo que el DIF Yucat\u00e1n reiter\u00f3 la invitaci\u00f3n a las personas adultas mayores y sus familias para acudir este s\u00e1bado al Centro de Convenciones Yucat\u00e1n Siglo XXI y disfrutar de una jornada de convivencia, actividades y reconocimiento a quienes, con sus historias y experiencia, mantienen vivas las ra\u00edces de Yucat\u00e1n.<\/p>\n\n\n\n<p>En la inauguraci\u00f3n tambi\u00e9n estuvieron presentes el director general del Patronato Cultur, David Escalante Lombard; el director general de la Junta de Agua Potable y Alcantarillado de Yucat\u00e1n (Japay), Francisco Alberto Torres Rivas; la secretaria de la Cultura y las Artes, Patricia Mart\u00edn Brice\u00f1o, y el director general del Registro Civil del Estado de Yucat\u00e1n, Jorge Carlos de Mar\u00eda Ram\u00edrez Granados.<\/p>\n\n\n\n<p>Asimismo, acompa\u00f1aron el alcalde de Tizim\u00edn, Carlos Adri\u00e1n Quiroz Osorio, y la presidenta del DIF Municipal, Lina Fern\u00e1ndez Alcocer; la alcaldesa de Izamal, Melissa Man\u00e9 Puga Rodr\u00edguez, y la presidenta del DIF Municipal, Gabriela del Socorro Puga Bolio, as\u00ed como Jos\u00e9 Luciano Uc Chay, Persona Adulta Mayor 2025 de Celest\u00fan. Tambi\u00e9n participaron autoridades municipales, representantes de los Sistemas DIF Municipales, instituciones y organizaciones participantes.<\/p>\n\n\n\n<figure class=\"wp-block-image size-large\"><img loading=\"lazy\" decoding=\"async\" width=\"1024\" height=\"683\" src=\"http:\/\/vertienteglobal.com\/wp-content\/uploads\/2026\/08\/1001531132-1024x683.jpg\" alt=\"\" class=\"wp-image-264352\" srcset=\"http:\/\/vertienteglobal.com\/wp-content\/uploads\/2026\/08\/1001531132-1024x683.jpg 1024w, http:\/\/vertienteglobal.com\/wp-content\/uploads\/2026\/08\/1001531132-300x200.jpg 300w, http:\/\/vertienteglobal.com\/wp-content\/uploads\/2026\/08\/1001531132-150x100.jpg 150w, http:\/\/vertienteglobal.com\/wp-content\/uploads\/2026\/08\/1001531132-768x512.jpg 768w, http:\/\/vertienteglobal.com\/wp-content\/uploads\/2026\/08\/1001531132-1536x1024.jpg 1536w, http:\/\/vertienteglobal.com\/wp-content\/uploads\/2026\/08\/1001531132-2048x1366.jpg 2048w\" sizes=\"auto, (max-width: 1024px) 100vw, 1024px\" \/><\/figure>\n\n\n\n<figure class=\"wp-block-image size-large\"><img loading=\"lazy\" decoding=\"async\" width=\"1024\" height=\"683\" src=\"http:\/\/vertienteglobal.com\/wp-content\/uploads\/2026\/08\/1001531133-1024x683.jpg\" alt=\"\" class=\"wp-image-264353\" srcset=\"http:\/\/vertienteglobal.com\/wp-content\/uploads\/2026\/08\/1001531133-1024x683.jpg 1024w, http:\/\/vertienteglobal.com\/wp-content\/uploads\/2026\/08\/1001531133-300x200.jpg 300w, http:\/\/vertienteglobal.com\/wp-content\/uploads\/2026\/08\/1001531133-150x100.jpg 150w, http:\/\/vertienteglobal.com\/wp-content\/uploads\/2026\/08\/1001531133-768x512.jpg 768w, http:\/\/vertienteglobal.com\/wp-content\/uploads\/2026\/08\/1001531133-1536x1024.jpg 1536w, http:\/\/vertienteglobal.com\/wp-content\/uploads\/2026\/08\/1001531133-2048x1366.jpg 2048w\" sizes=\"auto, (max-width: 1024px) 100vw, 1024px\" \/><\/figure>\n\n\n\n<figure class=\"wp-block-image size-large\"><img loading=\"lazy\" decoding=\"async\" width=\"1024\" height=\"683\" src=\"http:\/\/vertienteglobal.com\/wp-content\/uploads\/2026\/08\/1001531134-1024x683.jpg\" alt=\"\" class=\"wp-image-264354\" srcset=\"http:\/\/vertienteglobal.com\/wp-content\/uploads\/2026\/08\/1001531134-1024x683.jpg 1024w, http:\/\/vertienteglobal.com\/wp-content\/uploads\/2026\/08\/1001531134-300x200.jpg 300w, http:\/\/vertienteglobal.com\/wp-content\/uploads\/2026\/08\/1001531134-150x100.jpg 150w, http:\/\/vertienteglobal.com\/wp-content\/uploads\/2026\/08\/1001531134-768x512.jpg 768w, http:\/\/vertienteglobal.com\/wp-content\/uploads\/2026\/08\/1001531134-1536x1024.jpg 1536w, http:\/\/vertienteglobal.com\/wp-content\/uploads\/2026\/08\/1001531134-2048x1366.jpg 2048w\" sizes=\"auto, (max-width: 1024px) 100vw, 1024px\" \/><\/figure>\n\n\n\n<figure class=\"wp-block-image size-large\"><img loading=\"lazy\" decoding=\"async\" width=\"1024\" height=\"683\" src=\"http:\/\/vertienteglobal.com\/wp-content\/uploads\/2026\/08\/1001531135-1024x683.jpg\" alt=\"\" class=\"wp-image-264355\" srcset=\"http:\/\/vertienteglobal.com\/wp-content\/uploads\/2026\/08\/1001531135-1024x683.jpg 1024w, http:\/\/vertienteglobal.com\/wp-content\/uploads\/2026\/08\/1001531135-300x200.jpg 300w, http:\/\/vertienteglobal.com\/wp-content\/uploads\/2026\/08\/1001531135-150x100.jpg 150w, http:\/\/vertienteglobal.com\/wp-content\/uploads\/2026\/08\/1001531135-768x512.jpg 768w, http:\/\/vertienteglobal.com\/wp-content\/uploads\/2026\/08\/1001531135-1536x1024.jpg 1536w, http:\/\/vertienteglobal.com\/wp-content\/uploads\/2026\/08\/1001531135-2048x1366.jpg 2048w\" sizes=\"auto, (max-width: 1024px) 100vw, 1024px\" \/><\/figure>\n","protected":false},"excerpt":{"rendered":"<p>(Redacci\u00f3n) Durante este 28 y 29 de agosto, el Centro de Convenciones Yucat\u00e1n Siglo XXI re\u00fane servicios y actividades culturales, deportivas y recreativas dirigidas a las personas adultas mayores M\u00e9rida, Yucat\u00e1n,28 de agosto 2026.-Entre m\u00fasica, baile, activaci\u00f3n f\u00edsica y la participaci\u00f3n de clubes provenientes de distintos municipios, este viernes abri\u00f3 sus puertas la Expo Personas [&hellip;]<\/p>\n","protected":false},"author":6,"featured_media":264351,"comment_status":"open","ping_status":"open","sticky":false,"template":"","format":"standard","meta":{"footnotes":""},"categories":[2],"tags":[],"class_list":["post-264350","post","type-post","status-publish","format-standard","has-post-thumbnail","hentry","category-yucatan","entry","has-media"],"jetpack_featured_media_url":"http:\/\/vertienteglobal.com\/wp-content\/uploads\/2026\/08\/1001531131.jpg","_links":{"self":[{"href":"http:\/\/vertienteglobal.com\/index.php?rest_route=\/wp\/v2\/posts\/264350","targetHints":{"allow":["GET"]}}],"collection":[{"href":"http:\/\/vertienteglobal.com\/index.php?rest_route=\/wp\/v2\/posts"}],"about":[{"href":"http:\/\/vertienteglobal.com\/index.php?rest_route=\/wp\/v2\/types\/post"}],"author":[{"embeddable":true,"href":"http:\/\/vertienteglobal.com\/index.php?rest_route=\/wp\/v2\/users\/6"}],"replies":[{"embeddable":true,"href":"http:\/\/vertienteglobal.com\/index.php?rest_route=%2Fwp%2Fv2%2Fcomments&post=264350"}],"version-history":[{"count":1,"href":"http:\/\/vertienteglobal.com\/index.php?rest_route=\/wp\/v2\/posts\/264350\/revisions"}],"predecessor-version":[{"id":264356,"href":"http:\/\/vertienteglobal.com\/index.php?rest_route=\/wp\/v2\/posts\/264350\/revisions\/264356"}],"wp:featuredmedia":[{"embeddable":true,"href":"http:\/\/vertienteglobal.com\/index.php?rest_route=\/wp\/v2\/media\/264351"}],"wp:attachment":[{"href":"http:\/\/vertienteglobal.com\/index.php?rest_route=%2Fwp%2Fv2%2Fmedia&parent=264350"}],"wp:term":[{"taxonomy":"category","embeddable":true,"href":"http:\/\/vertienteglobal.com\/index.php?rest_route=%2Fwp%2Fv2%2Fcategories&post=264350"},{"taxonomy":"post_tag","embeddable":true,"href":"http:\/\/vertienteglobal.com\/index.php?rest_route=%2Fwp%2Fv2%2Ftags&post=264350"}],"curies":[{"name":"wp","href":"https:\/\/api.w.org\/{rel}","templated":true}]}}