{"id":264345,"date":"2026-08-29T19:59:00","date_gmt":"2026-08-30T00:59:00","guid":{"rendered":"http:\/\/vertienteglobal.com\/?p=264345"},"modified":"2026-08-30T12:03:27","modified_gmt":"2026-08-30T17:03:27","slug":"reconocen-talento-y-tradicion-de-artesanas-y-artesanos-de-yucatan","status":"publish","type":"post","link":"http:\/\/vertienteglobal.com\/?p=264345","title":{"rendered":"Reconocen talento y tradici\u00f3n de artesanas y artesanos de Yucat\u00e1n"},"content":{"rendered":"\n<div class=\"twitterbutton\" style=\"float: right; padding-left: 5px;\"><a href=\"http:\/\/twitter.com\/share\" class=\"twitter-share-button\" data-count=\"horizontal\" data-text=\"Reconocen talento y tradici\u00f3n de artesanas y artesanos de Yucat\u00e1n\" data-via=\"https:\/\/twitter.com\/VertienteGloba1\" data-url=\"http:\/\/vertienteglobal.com\/?p=264345\" data-lang=\"es\" data-related=\"Informaci\u00f3n general:S\u00edguenos para que est\u00e9ss informado\"><\/a><\/div>\n<figure class=\"wp-block-image size-large\"><img loading=\"lazy\" decoding=\"async\" width=\"1024\" height=\"682\" src=\"http:\/\/vertienteglobal.com\/wp-content\/uploads\/2026\/08\/1001531128-1024x682.jpg\" alt=\"\" class=\"wp-image-264346\" srcset=\"http:\/\/vertienteglobal.com\/wp-content\/uploads\/2026\/08\/1001531128-1024x682.jpg 1024w, http:\/\/vertienteglobal.com\/wp-content\/uploads\/2026\/08\/1001531128-300x200.jpg 300w, http:\/\/vertienteglobal.com\/wp-content\/uploads\/2026\/08\/1001531128-150x100.jpg 150w, http:\/\/vertienteglobal.com\/wp-content\/uploads\/2026\/08\/1001531128-768x512.jpg 768w, http:\/\/vertienteglobal.com\/wp-content\/uploads\/2026\/08\/1001531128-1536x1024.jpg 1536w, http:\/\/vertienteglobal.com\/wp-content\/uploads\/2026\/08\/1001531128-2048x1365.jpg 2048w\" sizes=\"auto, (max-width: 1024px) 100vw, 1024px\" \/><\/figure>\n\n\n\n<p>(Redacci\u00f3n)<\/p>\n\n\n\n<p><em>Entregan premios a creadoras y creadores de piezas ganadoras de la XIII edici\u00f3n del Concurso Estatal de Bordado \u201cAddy Rosa Cuaik\u201d 2026 y del IV Concurso Estatal de Arte Popular Yucateco 2026<\/em><\/p>\n\n\n\n<p>M\u00e9rida, Yucat\u00e1n, 28 de agosto de 2026.-Por su contribuci\u00f3n a mantener vivos los saberes que forman parte del patrimonio cultural de Yucat\u00e1n, personas artesanas recibieron premios por piezas elaboradas con t\u00e9cnicas, materiales y dise\u00f1os tradicionales de los grupos etnoling\u00fc\u00edsticos, como parte de dos cert\u00e1menes convocados por el Gobierno del Estado: la XIII edici\u00f3n del Concurso Estatal de Bordado \u201cAddy Rosa Cuaik\u201d 2026 y el IV Concurso Estatal de Arte Popular Yucateco 2026.<\/p>\n\n\n\n<p>Ambos concursos, impulsados por el Renacimiento Maya para acompa\u00f1ar al sector artesanal y preservar las expresiones culturales que distinguen a Yucat\u00e1n, recibieron 441 piezas artesanales que mostraron el talento, la creatividad y el trabajo de quienes mantienen vigentes las t\u00e9cnicas tradicionales del estado.<\/p>\n\n\n\n<p>La Presidenta Honoraria del DIF Yucat\u00e1n, Mtra. Wendy M\u00e9ndez Naal, encabez\u00f3 el acto de cierre y la entrega de reconocimientos, en el Gran Museo del Mundo Maya, ante autoridades estatales, integrantes del jurado calificador y personas artesanas.<\/p>\n\n\n\n<p>Durante su mensaje, afirm\u00f3 que hablar de artesanas y artesanos de Yucat\u00e1n es hablar de las ra\u00edces, la historia y la identidad que distinguen al estado. \u201cCada bordado, cada pieza de arte popular, cada t\u00e9cnica pasa de generaci\u00f3n en generaci\u00f3n y lleva consigo una historia, un conocimiento y parte de nuestra identidad\u201d, expres\u00f3.<\/p>\n\n\n\n<p>Agreg\u00f3 que, desde el Gobierno que encabeza el Gobernador Joaqu\u00edn D\u00edaz Mena, se trabaja para impulsar programas dirigidos a personas artesanas y emprendedoras, con el fin de abrir m\u00e1s oportunidades para que su trabajo llegue a nuevos espacios y mercados.<\/p>\n\n\n\n<p>El director general del Instituto Yucateco de Emprendedores (IYEM), Salvador Vitelli Mac\u00edas, destac\u00f3 la importancia de continuar generando espacios que permitan reconocer el talento artesanal, fortalecer las capacidades creadoras y promover que las piezas encuentren nuevas oportunidades de comercializaci\u00f3n y desarrollo.<\/p>\n\n\n\n<p>Se\u00f1al\u00f3 que el impulso a las artesan\u00edas forma parte de una visi\u00f3n que busca revalorar estos productos como expresiones de identidad, pero tambi\u00e9n como piezas capaces de incorporarse a nuevos mercados mediante la innovaci\u00f3n y el dise\u00f1o, sin perder las t\u00e9cnicas, materiales y conocimientos que les dan origen.<\/p>\n\n\n\n<p>En representaci\u00f3n de las personas ganadoras, Mayra Acosta Ram\u00edrez, premiada con el galard\u00f3n estatal en el Concurso Estatal de Bordado \u201cAddy Rosa Cuaik\u201d, se\u00f1al\u00f3 que cada pieza habla de disciplina, paciencia, oficio y amor por una forma de crear que no nace \u00fanicamente de la t\u00e9cnica, sino tambi\u00e9n de la historia personal, familiar y comunitaria de cada artesana y artesano.<\/p>\n\n\n\n<p>\u201cCuando una persona artesana crea, no produce \u00fanicamente una pieza, comparte una manera de mirar la vida, porque en cada puntada, en cada trazo, en cada talla y en cada forma modelada con paciencia aparece una parte de nuestra identidad\u201d, expres\u00f3.<\/p>\n\n\n\n<p>Acosta Ram\u00edrez destac\u00f3 que estos concursos son necesarios porque reconocen el talento y esfuerzo de las y los artesanos, adem\u00e1s de permitir que m\u00e1s personas conozcan su trabajo y que quienes crean piezas tradicionales se mantengan actualizados sobre lo que ocurre en sus \u00e1reas de creaci\u00f3n.<\/p>\n\n\n\n<p>Por su parte, Milton Vicente Elvir Hern\u00e1ndez, ganador del galard\u00f3n estatal en el Concurso Estatal de Arte Popular Yucateco, agradeci\u00f3 la creaci\u00f3n de estos espacios para dar a conocer sus t\u00e9cnicas, mostrar su talento y abrir nuevas oportunidades de reconocimiento.<\/p>\n\n\n\n<p>Como parte de la jornada, tambi\u00e9n se inaugur\u00f3 la exposici\u00f3n \u201cMemoria Viva de Yucat\u00e1n 2026\u201d, espacio destinado a mostrar la riqueza y diversidad de la producci\u00f3n artesanal yucateca, promover el comercio justo y acercar al p\u00fablico a las expresiones que forman parte de la identidad cultural del estado.<\/p>\n\n\n\n<p>La muestra estar\u00e1 abierta durante septiembre los lunes, mi\u00e9rcoles, jueves y viernes, de 9:00 a 17:00 horas, as\u00ed como s\u00e1bados y domingos, de 9:00 a 14:00 horas. En ella, las y los visitantes podr\u00e1n observar y adquirir las piezas participantes en ambas ediciones de los concursos.<\/p>\n\n\n\n<p>A la entrega de premios acudieron tambi\u00e9n el secretario de Fomento Tur\u00edstico, Dar\u00edo Flota Ocampo; la secretaria de la Cultura y las Artes, Patricia Mart\u00edn Brice\u00f1o; la presidenta de la Mesa Directiva del Congreso del Estado, Naomi Peniche L\u00f3pez, y el director general del Instituto de Movilidad y Desarrollo Urbano Territorial (Imdut), Irak Greene Marrufo, entre otras autoridades e invitados especiales.<\/p>\n\n\n\n<figure class=\"wp-block-image size-large\"><img loading=\"lazy\" decoding=\"async\" width=\"1024\" height=\"720\" src=\"http:\/\/vertienteglobal.com\/wp-content\/uploads\/2026\/08\/1001531129-1024x720.jpg\" alt=\"\" class=\"wp-image-264347\" srcset=\"http:\/\/vertienteglobal.com\/wp-content\/uploads\/2026\/08\/1001531129-1024x720.jpg 1024w, http:\/\/vertienteglobal.com\/wp-content\/uploads\/2026\/08\/1001531129-300x211.jpg 300w, http:\/\/vertienteglobal.com\/wp-content\/uploads\/2026\/08\/1001531129-150x105.jpg 150w, http:\/\/vertienteglobal.com\/wp-content\/uploads\/2026\/08\/1001531129-768x540.jpg 768w, http:\/\/vertienteglobal.com\/wp-content\/uploads\/2026\/08\/1001531129-1536x1079.jpg 1536w, http:\/\/vertienteglobal.com\/wp-content\/uploads\/2026\/08\/1001531129-2048x1439.jpg 2048w\" sizes=\"auto, (max-width: 1024px) 100vw, 1024px\" \/><\/figure>\n\n\n\n<figure class=\"wp-block-image size-large\"><img loading=\"lazy\" decoding=\"async\" width=\"1024\" height=\"682\" src=\"http:\/\/vertienteglobal.com\/wp-content\/uploads\/2026\/08\/1001531130-1024x682.jpg\" alt=\"\" class=\"wp-image-264348\" srcset=\"http:\/\/vertienteglobal.com\/wp-content\/uploads\/2026\/08\/1001531130-1024x682.jpg 1024w, http:\/\/vertienteglobal.com\/wp-content\/uploads\/2026\/08\/1001531130-300x200.jpg 300w, http:\/\/vertienteglobal.com\/wp-content\/uploads\/2026\/08\/1001531130-150x100.jpg 150w, http:\/\/vertienteglobal.com\/wp-content\/uploads\/2026\/08\/1001531130-768x512.jpg 768w, http:\/\/vertienteglobal.com\/wp-content\/uploads\/2026\/08\/1001531130-1536x1024.jpg 1536w, http:\/\/vertienteglobal.com\/wp-content\/uploads\/2026\/08\/1001531130-2048x1365.jpg 2048w\" sizes=\"auto, (max-width: 1024px) 100vw, 1024px\" \/><\/figure>\n","protected":false},"excerpt":{"rendered":"<p>(Redacci\u00f3n) Entregan premios a creadoras y creadores de piezas ganadoras de la XIII edici\u00f3n del Concurso Estatal de Bordado \u201cAddy Rosa Cuaik\u201d 2026 y del IV Concurso Estatal de Arte Popular Yucateco 2026 M\u00e9rida, Yucat\u00e1n, 28 de agosto de 2026.-Por su contribuci\u00f3n a mantener vivos los saberes que forman parte del patrimonio cultural de Yucat\u00e1n, [&hellip;]<\/p>\n","protected":false},"author":6,"featured_media":264346,"comment_status":"open","ping_status":"open","sticky":false,"template":"","format":"standard","meta":{"footnotes":""},"categories":[2],"tags":[],"class_list":["post-264345","post","type-post","status-publish","format-standard","has-post-thumbnail","hentry","category-yucatan","entry","has-media"],"jetpack_featured_media_url":"http:\/\/vertienteglobal.com\/wp-content\/uploads\/2026\/08\/1001531128.jpg","_links":{"self":[{"href":"http:\/\/vertienteglobal.com\/index.php?rest_route=\/wp\/v2\/posts\/264345","targetHints":{"allow":["GET"]}}],"collection":[{"href":"http:\/\/vertienteglobal.com\/index.php?rest_route=\/wp\/v2\/posts"}],"about":[{"href":"http:\/\/vertienteglobal.com\/index.php?rest_route=\/wp\/v2\/types\/post"}],"author":[{"embeddable":true,"href":"http:\/\/vertienteglobal.com\/index.php?rest_route=\/wp\/v2\/users\/6"}],"replies":[{"embeddable":true,"href":"http:\/\/vertienteglobal.com\/index.php?rest_route=%2Fwp%2Fv2%2Fcomments&post=264345"}],"version-history":[{"count":1,"href":"http:\/\/vertienteglobal.com\/index.php?rest_route=\/wp\/v2\/posts\/264345\/revisions"}],"predecessor-version":[{"id":264349,"href":"http:\/\/vertienteglobal.com\/index.php?rest_route=\/wp\/v2\/posts\/264345\/revisions\/264349"}],"wp:featuredmedia":[{"embeddable":true,"href":"http:\/\/vertienteglobal.com\/index.php?rest_route=\/wp\/v2\/media\/264346"}],"wp:attachment":[{"href":"http:\/\/vertienteglobal.com\/index.php?rest_route=%2Fwp%2Fv2%2Fmedia&parent=264345"}],"wp:term":[{"taxonomy":"category","embeddable":true,"href":"http:\/\/vertienteglobal.com\/index.php?rest_route=%2Fwp%2Fv2%2Fcategories&post=264345"},{"taxonomy":"post_tag","embeddable":true,"href":"http:\/\/vertienteglobal.com\/index.php?rest_route=%2Fwp%2Fv2%2Ftags&post=264345"}],"curies":[{"name":"wp","href":"https:\/\/api.w.org\/{rel}","templated":true}]}}