{"id":264331,"date":"2026-08-29T12:50:00","date_gmt":"2026-08-29T17:50:00","guid":{"rendered":"http:\/\/vertienteglobal.com\/?p=264331"},"modified":"2026-08-30T11:50:20","modified_gmt":"2026-08-30T16:50:20","slug":"rio-lagartos-suma-16-guias-especializados-y-acreditados-en-turismo-de-naturaleza","status":"publish","type":"post","link":"http:\/\/vertienteglobal.com\/?p=264331","title":{"rendered":"R\u00edo Lagartos suma 16 gu\u00edas especializados y acreditados en turismo de naturaleza"},"content":{"rendered":"\n<div class=\"twitterbutton\" style=\"float: right; padding-left: 5px;\"><a href=\"http:\/\/twitter.com\/share\" class=\"twitter-share-button\" data-count=\"horizontal\" data-text=\"R\u00edo Lagartos suma 16 gu\u00edas especializados y acreditados en turismo de naturale...\" data-via=\"https:\/\/twitter.com\/VertienteGloba1\" data-url=\"http:\/\/vertienteglobal.com\/?p=264331\" data-lang=\"es\" data-related=\"Informaci\u00f3n general:S\u00edguenos para que est\u00e9ss informado\"><\/a><\/div>\n<figure class=\"wp-block-image size-large\"><img loading=\"lazy\" decoding=\"async\" width=\"1024\" height=\"576\" src=\"http:\/\/vertienteglobal.com\/wp-content\/uploads\/2026\/08\/1001531056-1024x576.jpg\" alt=\"\" class=\"wp-image-264332\" srcset=\"http:\/\/vertienteglobal.com\/wp-content\/uploads\/2026\/08\/1001531056-1024x576.jpg 1024w, http:\/\/vertienteglobal.com\/wp-content\/uploads\/2026\/08\/1001531056-300x169.jpg 300w, http:\/\/vertienteglobal.com\/wp-content\/uploads\/2026\/08\/1001531056-150x84.jpg 150w, http:\/\/vertienteglobal.com\/wp-content\/uploads\/2026\/08\/1001531056-768x432.jpg 768w, http:\/\/vertienteglobal.com\/wp-content\/uploads\/2026\/08\/1001531056-1536x863.jpg 1536w, http:\/\/vertienteglobal.com\/wp-content\/uploads\/2026\/08\/1001531056-2048x1151.jpg 2048w\" sizes=\"auto, (max-width: 1024px) 100vw, 1024px\" \/><\/figure>\n\n\n\n<p>(Redacci\u00f3n)<\/p>\n\n\n\n<p><em>La capacitaci\u00f3n permitir\u00e1 mejorar la atenci\u00f3n a visitantes, ampliar oportunidades profesionales y potenciar la calidad de los servicios tur\u00edsticos en uno de los principales destinos de naturaleza de la costa yucateca<\/em><\/p>\n\n\n\n<p>R\u00edo Lagartos, Yucat\u00e1n, 29 de agosto 2026.-Para elevar la calidad de los servicios tur\u00edsticos y fomentar la profesionalizaci\u00f3n de quienes atienden a visitantes nacionales e internacionales, la Secretar\u00eda de Fomento Tur\u00edstico (Sefotur) entreg\u00f3 diplomas a 16 egresadas y egresados de R\u00edo Lagartos del Diplomado de Formaci\u00f3n de Gu\u00edas Especializados en Turismo Orientado hacia la Naturaleza, con actividad espec\u00edfica en Interpretaci\u00f3n Ambiental, conforme a la NOM-09-TUR-2002.<\/p>\n\n\n\n<p>La ceremonia fue encabezada por el subsecretario de Desarrollo Tur\u00edstico Sustentable de la Sefotur, Ra\u00fal Paz Noriega; la directora de Calidad y Competitividad Tur\u00edstica, Diana Parra Manzano, y la presidenta municipal de R\u00edo Lagartos, Yese\u00f1a Osiris Lor\u00eda Marfil.<\/p>\n\n\n\n<p>Esta actividad forma parte del Programa Integral de Capacitaci\u00f3n y Competitividad Tur\u00edstica (PICCT) 2026, con el que el Gobierno del Estado impulsa la preparaci\u00f3n y certificaci\u00f3n de prestadores de servicios tur\u00edsticos para que las y los visitantes accedan a experiencias de mayor calidad, con atenci\u00f3n profesional y condiciones adecuadas de seguridad.<\/p>\n\n\n\n<p>El diplomado tuvo una duraci\u00f3n de 200 horas y, por gestiones de la Sefotur, estuvo a cargo del Centro Latinoamericano de Formaci\u00f3n y Capacitaci\u00f3n para Gu\u00edas en Turismo, con enfoque en actividades de ecoturismo, como observaci\u00f3n de la naturaleza y turismo rural vinculado con la cultura viva de las comunidades, con la interpretaci\u00f3n ambiental como eje central.<\/p>\n\n\n\n<p>La preparaci\u00f3n y acreditaci\u00f3n de estos gu\u00edas representa un beneficio directo para R\u00edo Lagartos, al contar con prestadores de servicios mejor preparados para compartir sus atractivos naturales y culturales, mejorar la experiencia de los visitantes y contribuir a que una mayor parte de la derrama tur\u00edstica permanezca en la comunidad.<\/p>\n\n\n\n<p>Una vez que las y los participantes cumplan con el proceso de acreditaci\u00f3n y obtengan su credencial como gu\u00edas de turistas, contar\u00e1n con reconocimiento para desarrollar actividades de guianza en todo el pa\u00eds, lo que ampliar\u00e1 sus oportunidades profesionales dentro del sector tur\u00edstico.<\/p>\n\n\n\n<p>Las y los nuevos egresados de R\u00edo Lagartos se suman a los 25 gu\u00edas capacitados previamente en Celest\u00fan, para integrar una red de profesionales en dos de los principales destinos de naturaleza de la costa yucateca.<\/p>\n\n\n\n<p>A estas acciones se suma el Diplomado de Ingl\u00e9s para Gu\u00edas de Turistas de Chich\u00e9n Itz\u00e1, dirigido a 86 participantes, para mejorar sus competencias, atender a visitantes internacionales y elevar la competitividad de uno de los principales atractivos tur\u00edsticos del estado.<\/p>\n\n\n\n<figure class=\"wp-block-image size-large\"><img loading=\"lazy\" decoding=\"async\" width=\"1024\" height=\"682\" src=\"http:\/\/vertienteglobal.com\/wp-content\/uploads\/2026\/08\/1001531060-1024x682.jpg\" alt=\"\" class=\"wp-image-264334\" srcset=\"http:\/\/vertienteglobal.com\/wp-content\/uploads\/2026\/08\/1001531060-1024x682.jpg 1024w, http:\/\/vertienteglobal.com\/wp-content\/uploads\/2026\/08\/1001531060-300x200.jpg 300w, http:\/\/vertienteglobal.com\/wp-content\/uploads\/2026\/08\/1001531060-150x100.jpg 150w\" sizes=\"auto, (max-width: 1024px) 100vw, 1024px\" \/><\/figure>\n\n\n\n<figure class=\"wp-block-image size-large\"><img loading=\"lazy\" decoding=\"async\" width=\"1024\" height=\"682\" src=\"http:\/\/vertienteglobal.com\/wp-content\/uploads\/2026\/08\/1001531057-1024x682.jpg\" alt=\"\" class=\"wp-image-264335\" srcset=\"http:\/\/vertienteglobal.com\/wp-content\/uploads\/2026\/08\/1001531057-1024x682.jpg 1024w, http:\/\/vertienteglobal.com\/wp-content\/uploads\/2026\/08\/1001531057-300x200.jpg 300w, http:\/\/vertienteglobal.com\/wp-content\/uploads\/2026\/08\/1001531057-150x100.jpg 150w\" sizes=\"auto, (max-width: 1024px) 100vw, 1024px\" \/><\/figure>\n\n\n\n<figure class=\"wp-block-image size-large\"><img loading=\"lazy\" decoding=\"async\" width=\"1024\" height=\"682\" src=\"http:\/\/vertienteglobal.com\/wp-content\/uploads\/2026\/08\/1001531059-1024x682.jpg\" alt=\"\" class=\"wp-image-264333\" srcset=\"http:\/\/vertienteglobal.com\/wp-content\/uploads\/2026\/08\/1001531059-1024x682.jpg 1024w, http:\/\/vertienteglobal.com\/wp-content\/uploads\/2026\/08\/1001531059-300x200.jpg 300w, http:\/\/vertienteglobal.com\/wp-content\/uploads\/2026\/08\/1001531059-150x100.jpg 150w, http:\/\/vertienteglobal.com\/wp-content\/uploads\/2026\/08\/1001531059-768x512.jpg 768w, http:\/\/vertienteglobal.com\/wp-content\/uploads\/2026\/08\/1001531059-1536x1024.jpg 1536w, http:\/\/vertienteglobal.com\/wp-content\/uploads\/2026\/08\/1001531059-2048x1365.jpg 2048w\" sizes=\"auto, (max-width: 1024px) 100vw, 1024px\" \/><\/figure>\n\n\n\n<figure class=\"wp-block-image size-large\"><img loading=\"lazy\" decoding=\"async\" width=\"1024\" height=\"682\" src=\"http:\/\/vertienteglobal.com\/wp-content\/uploads\/2026\/08\/1001531058-1024x682.jpg\" alt=\"\" class=\"wp-image-264336\" srcset=\"http:\/\/vertienteglobal.com\/wp-content\/uploads\/2026\/08\/1001531058-1024x682.jpg 1024w, http:\/\/vertienteglobal.com\/wp-content\/uploads\/2026\/08\/1001531058-300x200.jpg 300w, http:\/\/vertienteglobal.com\/wp-content\/uploads\/2026\/08\/1001531058-150x100.jpg 150w, http:\/\/vertienteglobal.com\/wp-content\/uploads\/2026\/08\/1001531058-768x512.jpg 768w, http:\/\/vertienteglobal.com\/wp-content\/uploads\/2026\/08\/1001531058-1536x1024.jpg 1536w, http:\/\/vertienteglobal.com\/wp-content\/uploads\/2026\/08\/1001531058-2048x1365.jpg 2048w\" sizes=\"auto, (max-width: 1024px) 100vw, 1024px\" \/><\/figure>\n","protected":false},"excerpt":{"rendered":"<p>(Redacci\u00f3n) La capacitaci\u00f3n permitir\u00e1 mejorar la atenci\u00f3n a visitantes, ampliar oportunidades profesionales y potenciar la calidad de los servicios tur\u00edsticos en uno de los principales destinos de naturaleza de la costa yucateca R\u00edo Lagartos, Yucat\u00e1n, 29 de agosto 2026.-Para elevar la calidad de los servicios tur\u00edsticos y fomentar la profesionalizaci\u00f3n de quienes atienden a visitantes [&hellip;]<\/p>\n","protected":false},"author":6,"featured_media":264332,"comment_status":"open","ping_status":"open","sticky":false,"template":"","format":"standard","meta":{"footnotes":""},"categories":[2],"tags":[],"class_list":["post-264331","post","type-post","status-publish","format-standard","has-post-thumbnail","hentry","category-yucatan","entry","has-media"],"jetpack_featured_media_url":"http:\/\/vertienteglobal.com\/wp-content\/uploads\/2026\/08\/1001531056.jpg","_links":{"self":[{"href":"http:\/\/vertienteglobal.com\/index.php?rest_route=\/wp\/v2\/posts\/264331","targetHints":{"allow":["GET"]}}],"collection":[{"href":"http:\/\/vertienteglobal.com\/index.php?rest_route=\/wp\/v2\/posts"}],"about":[{"href":"http:\/\/vertienteglobal.com\/index.php?rest_route=\/wp\/v2\/types\/post"}],"author":[{"embeddable":true,"href":"http:\/\/vertienteglobal.com\/index.php?rest_route=\/wp\/v2\/users\/6"}],"replies":[{"embeddable":true,"href":"http:\/\/vertienteglobal.com\/index.php?rest_route=%2Fwp%2Fv2%2Fcomments&post=264331"}],"version-history":[{"count":1,"href":"http:\/\/vertienteglobal.com\/index.php?rest_route=\/wp\/v2\/posts\/264331\/revisions"}],"predecessor-version":[{"id":264337,"href":"http:\/\/vertienteglobal.com\/index.php?rest_route=\/wp\/v2\/posts\/264331\/revisions\/264337"}],"wp:featuredmedia":[{"embeddable":true,"href":"http:\/\/vertienteglobal.com\/index.php?rest_route=\/wp\/v2\/media\/264332"}],"wp:attachment":[{"href":"http:\/\/vertienteglobal.com\/index.php?rest_route=%2Fwp%2Fv2%2Fmedia&parent=264331"}],"wp:term":[{"taxonomy":"category","embeddable":true,"href":"http:\/\/vertienteglobal.com\/index.php?rest_route=%2Fwp%2Fv2%2Fcategories&post=264331"},{"taxonomy":"post_tag","embeddable":true,"href":"http:\/\/vertienteglobal.com\/index.php?rest_route=%2Fwp%2Fv2%2Ftags&post=264331"}],"curies":[{"name":"wp","href":"https:\/\/api.w.org\/{rel}","templated":true}]}}