{"id":264325,"date":"2026-08-29T10:56:00","date_gmt":"2026-08-29T15:56:00","guid":{"rendered":"http:\/\/vertienteglobal.com\/?p=264325"},"modified":"2026-08-30T11:18:43","modified_gmt":"2026-08-30T16:18:43","slug":"especialistas-en-ia-fortalecen-el-dialogo-academico-en-yucatan","status":"publish","type":"post","link":"http:\/\/vertienteglobal.com\/?p=264325","title":{"rendered":"Especialistas en IA fortalecen el di\u00e1logo acad\u00e9mico en Yucat\u00e1n"},"content":{"rendered":"\n<div class=\"twitterbutton\" style=\"float: right; padding-left: 5px;\"><a href=\"http:\/\/twitter.com\/share\" class=\"twitter-share-button\" data-count=\"horizontal\" data-text=\"Especialistas en IA fortalecen el di\u00e1logo acad\u00e9mico en Yucat\u00e1n\" data-via=\"https:\/\/twitter.com\/VertienteGloba1\" data-url=\"http:\/\/vertienteglobal.com\/?p=264325\" data-lang=\"es\" data-related=\"Informaci\u00f3n general:S\u00edguenos para que est\u00e9ss informado\"><\/a><\/div>\n<figure class=\"wp-block-image size-large\"><img loading=\"lazy\" decoding=\"async\" width=\"1024\" height=\"682\" src=\"http:\/\/vertienteglobal.com\/wp-content\/uploads\/2026\/08\/1001531049-1024x682.jpg\" alt=\"\" class=\"wp-image-264326\" srcset=\"http:\/\/vertienteglobal.com\/wp-content\/uploads\/2026\/08\/1001531049-1024x682.jpg 1024w, http:\/\/vertienteglobal.com\/wp-content\/uploads\/2026\/08\/1001531049-300x200.jpg 300w, http:\/\/vertienteglobal.com\/wp-content\/uploads\/2026\/08\/1001531049-150x100.jpg 150w, http:\/\/vertienteglobal.com\/wp-content\/uploads\/2026\/08\/1001531049-768x512.jpg 768w, http:\/\/vertienteglobal.com\/wp-content\/uploads\/2026\/08\/1001531049-1536x1024.jpg 1536w, http:\/\/vertienteglobal.com\/wp-content\/uploads\/2026\/08\/1001531049-2048x1365.jpg 2048w\" sizes=\"auto, (max-width: 1024px) 100vw, 1024px\" \/><\/figure>\n\n\n\n<p>(Redacci\u00f3n)<\/p>\n\n\n\n<p><em>Egresadas y egresados de la segunda generaci\u00f3n del Diplomado en Inteligencia Artificial y Derechos Digitales participaron en un coloquio interinstitucional para compartir proyectos, experiencias y propuestas acad\u00e9micas<\/em><\/p>\n\n\n\n<p>M\u00e9rida, Yucat\u00e1n, 29 de agosto 2026.-Con la participaci\u00f3n de 140 personas que concluyeron el Diplomado en Inteligencia Artificial y Derechos Digitales en la Investigaci\u00f3n Acad\u00e9mica, Yucat\u00e1n avanza en la formaci\u00f3n especializada para el uso responsable de herramientas de IA, con criterios de integridad acad\u00e9mica, gobernanza y respeto a los derechos digitales.<\/p>\n\n\n\n<p>Esta segunda generaci\u00f3n curs\u00f3 120 horas de capacitaci\u00f3n, distribuidas en cinco m\u00f3dulos, en un programa organizado por la Secretar\u00eda de Ciencia, Humanidades, Tecnolog\u00eda e Innovaci\u00f3n (Secihti) de Yucat\u00e1n, en coordinaci\u00f3n con la Universidad Aut\u00f3noma de Yucat\u00e1n (UADY), a trav\u00e9s de la Facultad de Matem\u00e1ticas, el Comit\u00e9 de Tecnolog\u00edas de la Informaci\u00f3n de la Anuies y la empresa Edvolution.<\/p>\n\n\n\n<p>Como parte de este proceso formativo, la ceremonia de clausura permiti\u00f3 reconocer a las y los egresados provenientes de 42 instituciones, con las que se comparte la responsabilidad de promover una inteligencia artificial al servicio de las personas, del conocimiento, de los derechos y de un futuro m\u00e1s justo, incluyente y humano, destac\u00f3 la subsecretaria de Tecnolog\u00edas de la Informaci\u00f3n, Judith Ortega Cano.<\/p>\n\n\n\n<p>Adem\u00e1s de la clausura, las actividades de cierre incluyeron la ponencia y conversatorio \u201cInteligencia artificial y derechos digitales en la investigaci\u00f3n: agendas, retos y oportunidades editoriales\u201d, realizado en colaboraci\u00f3n con la Facultad de Derecho de la UADY, la Revista Tohil y la Red Ecos de IA.<\/p>\n\n\n\n<p>En ese mismo espacio, se present\u00f3 la convocatoria del dossier de la Revista Tohil \u201cInteligencia Artificial: enfoques interdisciplinarios para comprender, regular y dise\u00f1ar el futuro\u201d, con el fin de abrir nuevas oportunidades para que las y los participantes den continuidad acad\u00e9mica a los trabajos desarrollados durante el diplomado.<\/p>\n\n\n\n<p>Como continuidad de esta agenda, se realiz\u00f3 el Coloquio Interinstitucional de Inteligencia Artificial 2026, donde egresadas y egresados del diplomado, especialistas e instituciones acad\u00e9micas compartieron avances, experiencias y proyectos derivados de su formaci\u00f3n.<\/p>\n\n\n\n<p>Las mesas de trabajo abordaron cinco l\u00edneas: inteligencia artificial, \u00e9tica, derechos digitales y gobernanza; inteligencia artificial y educaci\u00f3n superior; inteligencia artificial para investigaci\u00f3n y producci\u00f3n acad\u00e9mica; inteligencia artificial, datos y an\u00e1lisis aplicado, as\u00ed como dise\u00f1o del futuro desde una perspectiva interdisciplinaria.<\/p>\n\n\n\n<p>A trav\u00e9s de este intercambio, cada participante present\u00f3 su trabajo y recibi\u00f3 comentarios para mejorar su propuesta. El coloquio tambi\u00e9n permiti\u00f3 identificar proyectos con potencial para integrarse al dossier de la Revista Tohil, ampliar las oportunidades de publicaci\u00f3n y dar continuidad a la formaci\u00f3n adquirida durante el diplomado.<\/p>\n\n\n\n<figure class=\"wp-block-image size-large\"><img loading=\"lazy\" decoding=\"async\" width=\"1024\" height=\"682\" src=\"http:\/\/vertienteglobal.com\/wp-content\/uploads\/2026\/08\/1001531050-1024x682.jpg\" alt=\"\" class=\"wp-image-264327\" srcset=\"http:\/\/vertienteglobal.com\/wp-content\/uploads\/2026\/08\/1001531050-1024x682.jpg 1024w, http:\/\/vertienteglobal.com\/wp-content\/uploads\/2026\/08\/1001531050-300x200.jpg 300w, http:\/\/vertienteglobal.com\/wp-content\/uploads\/2026\/08\/1001531050-150x100.jpg 150w, http:\/\/vertienteglobal.com\/wp-content\/uploads\/2026\/08\/1001531050-768x512.jpg 768w, http:\/\/vertienteglobal.com\/wp-content\/uploads\/2026\/08\/1001531050-1536x1024.jpg 1536w, http:\/\/vertienteglobal.com\/wp-content\/uploads\/2026\/08\/1001531050-2048x1365.jpg 2048w\" sizes=\"auto, (max-width: 1024px) 100vw, 1024px\" \/><\/figure>\n\n\n\n<figure class=\"wp-block-image size-large\"><img loading=\"lazy\" decoding=\"async\" width=\"1024\" height=\"682\" src=\"http:\/\/vertienteglobal.com\/wp-content\/uploads\/2026\/08\/IMG-20260829-WA0219-1024x682.jpg\" alt=\"\" class=\"wp-image-264329\" srcset=\"http:\/\/vertienteglobal.com\/wp-content\/uploads\/2026\/08\/IMG-20260829-WA0219-1024x682.jpg 1024w, http:\/\/vertienteglobal.com\/wp-content\/uploads\/2026\/08\/IMG-20260829-WA0219-300x200.jpg 300w, http:\/\/vertienteglobal.com\/wp-content\/uploads\/2026\/08\/IMG-20260829-WA0219-150x100.jpg 150w, http:\/\/vertienteglobal.com\/wp-content\/uploads\/2026\/08\/IMG-20260829-WA0219-768x512.jpg 768w, http:\/\/vertienteglobal.com\/wp-content\/uploads\/2026\/08\/IMG-20260829-WA0219-1536x1024.jpg 1536w, http:\/\/vertienteglobal.com\/wp-content\/uploads\/2026\/08\/IMG-20260829-WA0219-2048x1365.jpg 2048w\" sizes=\"auto, (max-width: 1024px) 100vw, 1024px\" \/><\/figure>\n\n\n\n<figure class=\"wp-block-image size-large\"><img loading=\"lazy\" decoding=\"async\" width=\"1024\" height=\"682\" src=\"http:\/\/vertienteglobal.com\/wp-content\/uploads\/2026\/08\/1001531052-1024x682.jpg\" alt=\"\" class=\"wp-image-264328\" srcset=\"http:\/\/vertienteglobal.com\/wp-content\/uploads\/2026\/08\/1001531052-1024x682.jpg 1024w, http:\/\/vertienteglobal.com\/wp-content\/uploads\/2026\/08\/1001531052-300x200.jpg 300w, http:\/\/vertienteglobal.com\/wp-content\/uploads\/2026\/08\/1001531052-150x100.jpg 150w, http:\/\/vertienteglobal.com\/wp-content\/uploads\/2026\/08\/1001531052-768x512.jpg 768w, http:\/\/vertienteglobal.com\/wp-content\/uploads\/2026\/08\/1001531052-1536x1024.jpg 1536w, http:\/\/vertienteglobal.com\/wp-content\/uploads\/2026\/08\/1001531052-2048x1365.jpg 2048w\" sizes=\"auto, (max-width: 1024px) 100vw, 1024px\" \/><\/figure>\n","protected":false},"excerpt":{"rendered":"<p>(Redacci\u00f3n) Egresadas y egresados de la segunda generaci\u00f3n del Diplomado en Inteligencia Artificial y Derechos Digitales participaron en un coloquio interinstitucional para compartir proyectos, experiencias y propuestas acad\u00e9micas M\u00e9rida, Yucat\u00e1n, 29 de agosto 2026.-Con la participaci\u00f3n de 140 personas que concluyeron el Diplomado en Inteligencia Artificial y Derechos Digitales en la Investigaci\u00f3n Acad\u00e9mica, Yucat\u00e1n avanza [&hellip;]<\/p>\n","protected":false},"author":6,"featured_media":264326,"comment_status":"open","ping_status":"open","sticky":false,"template":"","format":"standard","meta":{"footnotes":""},"categories":[2],"tags":[],"class_list":["post-264325","post","type-post","status-publish","format-standard","has-post-thumbnail","hentry","category-yucatan","entry","has-media"],"jetpack_featured_media_url":"http:\/\/vertienteglobal.com\/wp-content\/uploads\/2026\/08\/1001531049.jpg","_links":{"self":[{"href":"http:\/\/vertienteglobal.com\/index.php?rest_route=\/wp\/v2\/posts\/264325","targetHints":{"allow":["GET"]}}],"collection":[{"href":"http:\/\/vertienteglobal.com\/index.php?rest_route=\/wp\/v2\/posts"}],"about":[{"href":"http:\/\/vertienteglobal.com\/index.php?rest_route=\/wp\/v2\/types\/post"}],"author":[{"embeddable":true,"href":"http:\/\/vertienteglobal.com\/index.php?rest_route=\/wp\/v2\/users\/6"}],"replies":[{"embeddable":true,"href":"http:\/\/vertienteglobal.com\/index.php?rest_route=%2Fwp%2Fv2%2Fcomments&post=264325"}],"version-history":[{"count":1,"href":"http:\/\/vertienteglobal.com\/index.php?rest_route=\/wp\/v2\/posts\/264325\/revisions"}],"predecessor-version":[{"id":264330,"href":"http:\/\/vertienteglobal.com\/index.php?rest_route=\/wp\/v2\/posts\/264325\/revisions\/264330"}],"wp:featuredmedia":[{"embeddable":true,"href":"http:\/\/vertienteglobal.com\/index.php?rest_route=\/wp\/v2\/media\/264326"}],"wp:attachment":[{"href":"http:\/\/vertienteglobal.com\/index.php?rest_route=%2Fwp%2Fv2%2Fmedia&parent=264325"}],"wp:term":[{"taxonomy":"category","embeddable":true,"href":"http:\/\/vertienteglobal.com\/index.php?rest_route=%2Fwp%2Fv2%2Fcategories&post=264325"},{"taxonomy":"post_tag","embeddable":true,"href":"http:\/\/vertienteglobal.com\/index.php?rest_route=%2Fwp%2Fv2%2Ftags&post=264325"}],"curies":[{"name":"wp","href":"https:\/\/api.w.org\/{rel}","templated":true}]}}