{"id":264315,"date":"2026-08-29T19:24:00","date_gmt":"2026-08-30T00:24:00","guid":{"rendered":"http:\/\/vertienteglobal.com\/?p=264315"},"modified":"2026-08-30T11:14:18","modified_gmt":"2026-08-30T16:14:18","slug":"expo-personas-adultas-mayores-brinda-servicios-gratuitos-y-actividades-de-bienestar-video","status":"publish","type":"post","link":"http:\/\/vertienteglobal.com\/?p=264315","title":{"rendered":"Expo Personas Adultas Mayores brinda servicios gratuitos y actividades de bienestar\u00a0(+V\u00eddeo)"},"content":{"rendered":"\n<div class=\"twitterbutton\" style=\"float: right; padding-left: 5px;\"><a href=\"http:\/\/twitter.com\/share\" class=\"twitter-share-button\" data-count=\"horizontal\" data-text=\"Expo Personas Adultas Mayores brinda servicios gratuitos y actividades de bienes...\" data-via=\"https:\/\/twitter.com\/VertienteGloba1\" data-url=\"http:\/\/vertienteglobal.com\/?p=264315\" data-lang=\"es\" data-related=\"Informaci\u00f3n general:S\u00edguenos para que est\u00e9ss informado\"><\/a><\/div>\n<figure class=\"wp-block-image size-large\"><img loading=\"lazy\" decoding=\"async\" width=\"1024\" height=\"683\" src=\"http:\/\/vertienteglobal.com\/wp-content\/uploads\/2026\/08\/1001531012-1024x683.jpg\" alt=\"\" class=\"wp-image-264316\" srcset=\"http:\/\/vertienteglobal.com\/wp-content\/uploads\/2026\/08\/1001531012-1024x683.jpg 1024w, http:\/\/vertienteglobal.com\/wp-content\/uploads\/2026\/08\/1001531012-300x200.jpg 300w, http:\/\/vertienteglobal.com\/wp-content\/uploads\/2026\/08\/1001531012-150x100.jpg 150w, http:\/\/vertienteglobal.com\/wp-content\/uploads\/2026\/08\/1001531012-768x512.jpg 768w, http:\/\/vertienteglobal.com\/wp-content\/uploads\/2026\/08\/1001531012-1536x1024.jpg 1536w, http:\/\/vertienteglobal.com\/wp-content\/uploads\/2026\/08\/1001531012-2048x1366.jpg 2048w\" sizes=\"auto, (max-width: 1024px) 100vw, 1024px\" \/><\/figure>\n\n\n\n<p>(Redacci\u00f3n)<\/p>\n\n\n\n<p><em>M\u00e1s de 40 instituciones, dependencias y organizaciones ofrecen orientaci\u00f3n, servicios y actividades culturales, deportivas y recreativas para promover una vida activa, saludable y acompa\u00f1ada en la edad avanzada<\/em><\/p>\n\n\n\n<p>M\u00e9rida, Yucat\u00e1n, 29 de agosto de 2026.-Las personas adultas mayores de Yucat\u00e1n acceden gratuitamente a servicios, orientaci\u00f3n y actividades de bienestar, culturales, deportivas y recreativas durante la Expo Personas Adultas Mayores 2026 \u201cRenacer desde Nuestras Ra\u00edces\u201d, organizada por el Sistema DIF Yucat\u00e1n con la participaci\u00f3n de m\u00e1s de 40 instituciones, dependencias, asociaciones, universidades, organizaciones y expositores.<br>\u00a0<br>Este espacio promueve la convivencia, la integraci\u00f3n familiar y el envejecimiento activo, adem\u00e1s de reconocer la experiencia, las capacidades y la participaci\u00f3n de quienes han contribuido a construir la historia de sus familias, sus comunidades y el estado.<br>\u00a0<br>Como parte de la 13.\u00aa edici\u00f3n de la Expo, el Gobernador Joaqu\u00edn D\u00edaz Mena, acompa\u00f1ado de la Presidenta Honoraria del DIF Yucat\u00e1n, Mtra. Wendy M\u00e9ndez Naal, encabez\u00f3 la premiaci\u00f3n del Concurso Personas Adultas Mayores 2026 y la coronaci\u00f3n de Hermelinda Pe\u00f1a Tun, de Yaxkukul, y Antonio Garc\u00eda Garc\u00eda, de Tizim\u00edn, ganadores del certamen.<br>\u00a0<br>Las personas galardonadas representar\u00e1n la voz, la historia y la esencia de este sector de la poblaci\u00f3n, cuyo legado y aportaciones son fundamentales para el desarrollo social y cultural de Yucat\u00e1n.<br>\u00a0<br>D\u00edaz Mena reconoci\u00f3 la contribuci\u00f3n de este sector a la sociedad y ratific\u00f3 el compromiso del Gobierno del Renacimiento Maya de continuar trabajando, en coordinaci\u00f3n con el Gobierno de M\u00e9xico que encabeza la Presidenta Claudia Sheinbaum Pardo, para promover su bienestar y garantizarles una vida digna, activa y plena.<br>\u00a0<br>\u201cUstedes ya crecieron a sus hijos; es momento de vivir la plenitud de su vida, cuidando su salud f\u00edsica, su alimentaci\u00f3n y su salud emocional. Ustedes deben disfrutar esta etapa con bienestar\u201d, expres\u00f3 el mandatario estatal.<br>\u00a0<br>Por su parte, la Presidenta Honoraria del DIF Yucat\u00e1n, Mtra. Wendy M\u00e9ndez Naal, afirm\u00f3 que el Renacimiento Maya coloca en el centro de sus acciones a las personas adultas mayores, con la convicci\u00f3n de que una sociedad tambi\u00e9n se mide por la manera en que reconoce y cuida a quienes han dedicado buena parte de su vida al bienestar de los dem\u00e1s.<br>\u00a0<br>\u201cHoy celebramos la historia y la vida de las personas adultas mayores. Celebramos sus canas, sus memorias y sus arrugas, que son caminos recorridos; sus recuerdos son parte de la historia de las familias y de Yucat\u00e1n\u201d, se\u00f1al\u00f3.<br>\u00a0<br>M\u00e9ndez Naal agradeci\u00f3 a este sector de la poblaci\u00f3n por abrir camino a las nuevas generaciones y sostuvo que ahora corresponde a la sociedad acompa\u00f1arlo, reconocerlo y garantizarle respeto, compa\u00f1\u00eda, afecto y espacios para su desarrollo integral.<br>\u00a0<br>\u201cA todas las personas adultas mayores, gracias por abrirnos camino. Ahora nos toca cuidar de ustedes, procurar que nunca les falten respeto, compa\u00f1\u00eda, amor y espacios como este. Ustedes cuidaron de nosotros cuando apenas comenz\u00e1bamos a caminar y ahora nos corresponde caminar a su lado\u201d, manifest\u00f3.<br>\u00a0<br>Asimismo, llam\u00f3 a las familias yucatecas a mantenerse pendientes de las personas adultas mayores, escucharlas, acompa\u00f1arlas y reconocer permanentemente el valor de sus experiencias y ense\u00f1anzas.<br>\u00a0<br>Durante la final del concurso participaron representantes de Cacalch\u00e9n, Ticul, Sey\u00e9, Yaxkukul, Tizim\u00edn, Uc\u00fa, Izamal y M\u00e9rida, quienes demostraron elegancia, carisma, alegr\u00eda y orgullo por sus ra\u00edces yucatecas.<br>\u00a0<br>La etapa final incluy\u00f3 tres momentos de evaluaci\u00f3n: un video con mensaje de presentaci\u00f3n y dos pasarelas, una con traje estilizado y otra con indumentaria regional. En ellas, las y los concursantes mostraron su desenvolvimiento y compartieron su orgullo por pertenecer a Yucat\u00e1n.<br>\u00a0<br>La Expo concluir\u00e1 con la presentaci\u00f3n de la Aut\u00e9ntica Sonora de Gildardo Z\u00e1rate, como parte de las actividades de convivencia y recreaci\u00f3n dirigidas a las personas adultas mayores.<br>\u00a0<br>Acompa\u00f1aron al Gobernador la representante Persona Adulta Mayor 2025 y beneficiaria del programa Club del Adulto Mayor de Tetiz, Mar\u00eda Candelaria Balam Canul; el representante Persona Adulta Mayor 2025 y beneficiario del mismo programa en Celest\u00fan, Jos\u00e9 Luciano Uc Chay; la directora general del Sistema DIF Yucat\u00e1n, Shirley Castillo S\u00e1nchez; la secretaria de la Cultura y las Artes, Patricia Mart\u00edn Brice\u00f1o; la directora de Educaci\u00f3n Art\u00edstica de la Segey, Lourdes Mart\u00edn Heredia; el coordinador de Proyectos de Bellas Artes, Weiler Cervera Avil\u00e9s; y el creador de contenido Jes\u00fas Arturo Paredes Matus.<\/p>\n\n\n\n<figure class=\"wp-block-image size-large\"><img loading=\"lazy\" decoding=\"async\" width=\"1024\" height=\"683\" src=\"http:\/\/vertienteglobal.com\/wp-content\/uploads\/2026\/08\/1001531013-1024x683.jpg\" alt=\"\" class=\"wp-image-264317\" srcset=\"http:\/\/vertienteglobal.com\/wp-content\/uploads\/2026\/08\/1001531013-1024x683.jpg 1024w, http:\/\/vertienteglobal.com\/wp-content\/uploads\/2026\/08\/1001531013-300x200.jpg 300w, http:\/\/vertienteglobal.com\/wp-content\/uploads\/2026\/08\/1001531013-150x100.jpg 150w, http:\/\/vertienteglobal.com\/wp-content\/uploads\/2026\/08\/1001531013-768x512.jpg 768w, http:\/\/vertienteglobal.com\/wp-content\/uploads\/2026\/08\/1001531013-1536x1024.jpg 1536w, http:\/\/vertienteglobal.com\/wp-content\/uploads\/2026\/08\/1001531013-2048x1366.jpg 2048w\" sizes=\"auto, (max-width: 1024px) 100vw, 1024px\" \/><\/figure>\n\n\n\n<figure class=\"wp-block-image size-large\"><img loading=\"lazy\" decoding=\"async\" width=\"1024\" height=\"683\" src=\"http:\/\/vertienteglobal.com\/wp-content\/uploads\/2026\/08\/1001531014-1024x683.jpg\" alt=\"\" class=\"wp-image-264318\" srcset=\"http:\/\/vertienteglobal.com\/wp-content\/uploads\/2026\/08\/1001531014-1024x683.jpg 1024w, http:\/\/vertienteglobal.com\/wp-content\/uploads\/2026\/08\/1001531014-300x200.jpg 300w, http:\/\/vertienteglobal.com\/wp-content\/uploads\/2026\/08\/1001531014-150x100.jpg 150w, http:\/\/vertienteglobal.com\/wp-content\/uploads\/2026\/08\/1001531014-768x512.jpg 768w, http:\/\/vertienteglobal.com\/wp-content\/uploads\/2026\/08\/1001531014-1536x1024.jpg 1536w, http:\/\/vertienteglobal.com\/wp-content\/uploads\/2026\/08\/1001531014-2048x1366.jpg 2048w\" sizes=\"auto, (max-width: 1024px) 100vw, 1024px\" \/><\/figure>\n\n\n\n<figure class=\"wp-block-image size-large\"><img loading=\"lazy\" decoding=\"async\" width=\"1024\" height=\"683\" src=\"http:\/\/vertienteglobal.com\/wp-content\/uploads\/2026\/08\/1001531015-1024x683.jpg\" alt=\"\" class=\"wp-image-264319\" srcset=\"http:\/\/vertienteglobal.com\/wp-content\/uploads\/2026\/08\/1001531015-1024x683.jpg 1024w, http:\/\/vertienteglobal.com\/wp-content\/uploads\/2026\/08\/1001531015-300x200.jpg 300w, http:\/\/vertienteglobal.com\/wp-content\/uploads\/2026\/08\/1001531015-150x100.jpg 150w, http:\/\/vertienteglobal.com\/wp-content\/uploads\/2026\/08\/1001531015-768x512.jpg 768w, http:\/\/vertienteglobal.com\/wp-content\/uploads\/2026\/08\/1001531015-1536x1024.jpg 1536w, http:\/\/vertienteglobal.com\/wp-content\/uploads\/2026\/08\/1001531015-2048x1366.jpg 2048w\" sizes=\"auto, (max-width: 1024px) 100vw, 1024px\" \/><\/figure>\n\n\n\n<figure class=\"wp-block-image size-large\"><img loading=\"lazy\" decoding=\"async\" width=\"1024\" height=\"683\" src=\"http:\/\/vertienteglobal.com\/wp-content\/uploads\/2026\/08\/1001531016-1024x683.jpg\" alt=\"\" class=\"wp-image-264320\" srcset=\"http:\/\/vertienteglobal.com\/wp-content\/uploads\/2026\/08\/1001531016-1024x683.jpg 1024w, http:\/\/vertienteglobal.com\/wp-content\/uploads\/2026\/08\/1001531016-300x200.jpg 300w, http:\/\/vertienteglobal.com\/wp-content\/uploads\/2026\/08\/1001531016-150x100.jpg 150w, http:\/\/vertienteglobal.com\/wp-content\/uploads\/2026\/08\/1001531016-768x512.jpg 768w, http:\/\/vertienteglobal.com\/wp-content\/uploads\/2026\/08\/1001531016-1536x1024.jpg 1536w, http:\/\/vertienteglobal.com\/wp-content\/uploads\/2026\/08\/1001531016-2048x1366.jpg 2048w\" sizes=\"auto, (max-width: 1024px) 100vw, 1024px\" \/><\/figure>\n\n\n\n<figure class=\"wp-block-image size-large\"><img loading=\"lazy\" decoding=\"async\" width=\"1024\" height=\"683\" src=\"http:\/\/vertienteglobal.com\/wp-content\/uploads\/2026\/08\/1001531017-1024x683.jpg\" alt=\"\" class=\"wp-image-264321\" srcset=\"http:\/\/vertienteglobal.com\/wp-content\/uploads\/2026\/08\/1001531017-1024x683.jpg 1024w, http:\/\/vertienteglobal.com\/wp-content\/uploads\/2026\/08\/1001531017-300x200.jpg 300w, http:\/\/vertienteglobal.com\/wp-content\/uploads\/2026\/08\/1001531017-150x100.jpg 150w, http:\/\/vertienteglobal.com\/wp-content\/uploads\/2026\/08\/1001531017-768x512.jpg 768w, http:\/\/vertienteglobal.com\/wp-content\/uploads\/2026\/08\/1001531017-1536x1024.jpg 1536w, http:\/\/vertienteglobal.com\/wp-content\/uploads\/2026\/08\/1001531017-2048x1366.jpg 2048w\" sizes=\"auto, (max-width: 1024px) 100vw, 1024px\" \/><\/figure>\n\n\n\n<figure class=\"wp-block-image size-large\"><img loading=\"lazy\" decoding=\"async\" width=\"1024\" height=\"683\" src=\"http:\/\/vertienteglobal.com\/wp-content\/uploads\/2026\/08\/1001531018-1024x683.jpg\" alt=\"\" class=\"wp-image-264323\" srcset=\"http:\/\/vertienteglobal.com\/wp-content\/uploads\/2026\/08\/1001531018-1024x683.jpg 1024w, http:\/\/vertienteglobal.com\/wp-content\/uploads\/2026\/08\/1001531018-300x200.jpg 300w, http:\/\/vertienteglobal.com\/wp-content\/uploads\/2026\/08\/1001531018-150x100.jpg 150w, http:\/\/vertienteglobal.com\/wp-content\/uploads\/2026\/08\/1001531018-768x512.jpg 768w, http:\/\/vertienteglobal.com\/wp-content\/uploads\/2026\/08\/1001531018-1536x1024.jpg 1536w, http:\/\/vertienteglobal.com\/wp-content\/uploads\/2026\/08\/1001531018-2048x1366.jpg 2048w\" sizes=\"auto, (max-width: 1024px) 100vw, 1024px\" \/><\/figure>\n\n\n\n<figure class=\"wp-block-image size-large\"><img loading=\"lazy\" decoding=\"async\" width=\"1024\" height=\"683\" src=\"http:\/\/vertienteglobal.com\/wp-content\/uploads\/2026\/08\/1001531019-1024x683.jpg\" alt=\"\" class=\"wp-image-264322\" srcset=\"http:\/\/vertienteglobal.com\/wp-content\/uploads\/2026\/08\/1001531019-1024x683.jpg 1024w, http:\/\/vertienteglobal.com\/wp-content\/uploads\/2026\/08\/1001531019-300x200.jpg 300w, http:\/\/vertienteglobal.com\/wp-content\/uploads\/2026\/08\/1001531019-150x100.jpg 150w, http:\/\/vertienteglobal.com\/wp-content\/uploads\/2026\/08\/1001531019-768x512.jpg 768w, http:\/\/vertienteglobal.com\/wp-content\/uploads\/2026\/08\/1001531019-1536x1024.jpg 1536w, http:\/\/vertienteglobal.com\/wp-content\/uploads\/2026\/08\/1001531019-2048x1366.jpg 2048w\" sizes=\"auto, (max-width: 1024px) 100vw, 1024px\" \/><\/figure>\n\n\n\n<figure class=\"wp-block-embed is-type-rich is-provider-x wp-block-embed-x\"><div class=\"wp-block-embed__wrapper\">\n<div class=\"oceanwp-oembed-wrap clr\"><div class=\"embed-x\"><blockquote class=\"twitter-tweet\" data-width=\"550\" data-dnt=\"true\"><p lang=\"es\" dir=\"ltr\">Expo Personas Adultas Mayores brinda servicios gratuitos y actividades de bienestar<br>\u00a0<br>M\u00e1s de 40 instituciones, dependencias y organizaciones ofrecen orientaci\u00f3n, servicios y actividades culturales, deportivas y recreativas para promover una vida activa, saludable y acompa\u00f1ada en\u2026 <a href=\"https:\/\/t.co\/cQXM2FxIxO\">pic.twitter.com\/cQXM2FxIxO<\/a><\/p>&mdash; vertienteglobal.com (@VertienteGloba1) <a href=\"https:\/\/x.com\/VertienteGloba1\/status\/2093860883919495485?ref_src=twsrc%5Etfw\">August 30, 2026<\/a><\/blockquote><script async src=\"https:\/\/platform.x.com\/widgets.js\" charset=\"utf-8\"><\/script><\/div><\/div>\n<\/div><\/figure>\n","protected":false},"excerpt":{"rendered":"<p>(Redacci\u00f3n) M\u00e1s de 40 instituciones, dependencias y organizaciones ofrecen orientaci\u00f3n, servicios y actividades culturales, deportivas y recreativas para promover una vida activa, saludable y acompa\u00f1ada en la edad avanzada M\u00e9rida, Yucat\u00e1n, 29 de agosto de 2026.-Las personas adultas mayores de Yucat\u00e1n acceden gratuitamente a servicios, orientaci\u00f3n y actividades de bienestar, culturales, deportivas y recreativas durante [&hellip;]<\/p>\n","protected":false},"author":6,"featured_media":264316,"comment_status":"open","ping_status":"open","sticky":false,"template":"","format":"standard","meta":{"footnotes":""},"categories":[2],"tags":[],"class_list":["post-264315","post","type-post","status-publish","format-standard","has-post-thumbnail","hentry","category-yucatan","entry","has-media"],"jetpack_featured_media_url":"http:\/\/vertienteglobal.com\/wp-content\/uploads\/2026\/08\/1001531012-scaled.jpg","_links":{"self":[{"href":"http:\/\/vertienteglobal.com\/index.php?rest_route=\/wp\/v2\/posts\/264315","targetHints":{"allow":["GET"]}}],"collection":[{"href":"http:\/\/vertienteglobal.com\/index.php?rest_route=\/wp\/v2\/posts"}],"about":[{"href":"http:\/\/vertienteglobal.com\/index.php?rest_route=\/wp\/v2\/types\/post"}],"author":[{"embeddable":true,"href":"http:\/\/vertienteglobal.com\/index.php?rest_route=\/wp\/v2\/users\/6"}],"replies":[{"embeddable":true,"href":"http:\/\/vertienteglobal.com\/index.php?rest_route=%2Fwp%2Fv2%2Fcomments&post=264315"}],"version-history":[{"count":1,"href":"http:\/\/vertienteglobal.com\/index.php?rest_route=\/wp\/v2\/posts\/264315\/revisions"}],"predecessor-version":[{"id":264324,"href":"http:\/\/vertienteglobal.com\/index.php?rest_route=\/wp\/v2\/posts\/264315\/revisions\/264324"}],"wp:featuredmedia":[{"embeddable":true,"href":"http:\/\/vertienteglobal.com\/index.php?rest_route=\/wp\/v2\/media\/264316"}],"wp:attachment":[{"href":"http:\/\/vertienteglobal.com\/index.php?rest_route=%2Fwp%2Fv2%2Fmedia&parent=264315"}],"wp:term":[{"taxonomy":"category","embeddable":true,"href":"http:\/\/vertienteglobal.com\/index.php?rest_route=%2Fwp%2Fv2%2Fcategories&post=264315"},{"taxonomy":"post_tag","embeddable":true,"href":"http:\/\/vertienteglobal.com\/index.php?rest_route=%2Fwp%2Fv2%2Ftags&post=264315"}],"curies":[{"name":"wp","href":"https:\/\/api.w.org\/{rel}","templated":true}]}}