{"id":264303,"date":"2026-08-28T08:40:00","date_gmt":"2026-08-28T13:40:00","guid":{"rendered":"http:\/\/vertienteglobal.com\/?p=264303"},"modified":"2026-08-29T10:43:37","modified_gmt":"2026-08-29T15:43:37","slug":"mexico-recuerda-a-juan-gabriel-en-su-version-mas-intima-y-analogica","status":"publish","type":"post","link":"http:\/\/vertienteglobal.com\/?p=264303","title":{"rendered":"M\u00e9xico recuerda a Juan Gabriel en su versi\u00f3n m\u00e1s \u00edntima y anal\u00f3gica"},"content":{"rendered":"\n<div class=\"twitterbutton\" style=\"float: right; padding-left: 5px;\"><a href=\"http:\/\/twitter.com\/share\" class=\"twitter-share-button\" data-count=\"horizontal\" data-text=\"M\u00e9xico recuerda a Juan Gabriel en su versi\u00f3n m\u00e1s \u00edntima y anal\u00f3gica\" data-via=\"https:\/\/twitter.com\/VertienteGloba1\" data-url=\"http:\/\/vertienteglobal.com\/?p=264303\" data-lang=\"es\" data-related=\"Informaci\u00f3n general:S\u00edguenos para que est\u00e9ss informado\"><\/a><\/div>\n<figure class=\"wp-block-image size-full\"><img loading=\"lazy\" decoding=\"async\" width=\"1024\" height=\"683\" src=\"http:\/\/vertienteglobal.com\/wp-content\/uploads\/2026\/08\/1001528550.webp\" alt=\"\" class=\"wp-image-264304\" srcset=\"http:\/\/vertienteglobal.com\/wp-content\/uploads\/2026\/08\/1001528550.webp 1024w, http:\/\/vertienteglobal.com\/wp-content\/uploads\/2026\/08\/1001528550-300x200.webp 300w, http:\/\/vertienteglobal.com\/wp-content\/uploads\/2026\/08\/1001528550-150x100.webp 150w, http:\/\/vertienteglobal.com\/wp-content\/uploads\/2026\/08\/1001528550-768x512.webp 768w\" sizes=\"auto, (max-width: 1024px) 100vw, 1024px\" \/><\/figure>\n\n\n\n<p>(Redacci\u00f3n)<\/p>\n\n\n\n<p>La organizaci\u00f3n de la sesi\u00f3n estuvo encabezada por Virgin Music Group, que administra el patrimonio del artista junto a Iv\u00e1n Aguilera, hijo del compositor<\/p>\n\n\n\n<p>Ciudad de M\u00e9xico 28 de agosto 2026.-Desde la partida de Juan Gabriel, hace una d\u00e9cada, mexicanos y personas de todo el mundo han invocado en innumerables homenajes el esp\u00edritu de &#8216;El divo de Ju\u00e1rez&#8217;, pero son contadas las ocasiones en que se le revive desde sus vinilos, ese espacio \u00edntimo y anal\u00f3gico que cobr\u00f3 vida este jueves durante una escucha en Ciudad de M\u00e9xico.<\/p>\n\n\n\n<p>Horas antes de que empezara el 28 de agosto, fecha en la que el referente de la canci\u00f3n latina falleci\u00f3 en Santa M\u00f3nica (EE.UU.) a los 66 a\u00f1os, empezaron a sonar en la Casa Pedregal -antiguo recinto construido en 1945 por el arquitecto mexicano Luis Barrag\u00e1n- las primeras melod\u00edas de &#8216;Los D\u00fao&#8217;.<\/p>\n\n\n\n<p>Con este \u00e1lbum lanzado en 2015, Alberto Aguilera, nombre real del cantante, recuerda sus m\u00e1s grandes cl\u00e1sicos de la mano de Vicente Fern\u00e1ndez, Marco Antonio Sol\u00eds, Natalia Lafourcade y dem\u00e1s s\u00edmbolos del escenario latino.<\/p>\n\n\n\n<p>Las notas de &#8216;Querida&#8217;, con la colaboraci\u00f3n del colombiano Juanes, inauguraron la noche, aunque la antesala tambi\u00e9n fue memorable al estar abrazada de m\u00fasica de Jos\u00e9 Alfredo Jim\u00e9nez y Lola Due\u00f1as, a quienes Juan Gabriel consideraba sus maestros.<\/p>\n\n\n\n<p>La organizaci\u00f3n de la sesi\u00f3n estuvo encabezada por Virgin Music Group, que administra el patrimonio del artista junto a Iv\u00e1n Aguilera, hijo del compositor.<\/p>\n\n\n\n<p>\u00abNuestra misi\u00f3n es mantener vivo su legado y, en este momento, hay una tendencia de la gente a regresar a comprar producto f\u00edsico a nivel global\u00bb, dijo a EFE Leonardo Ram\u00edrez, director de marketing de Virgin Music Group, quien asegur\u00f3 que ha incrementado el 14 % la adquisici\u00f3n de productos de este mercado.<\/p>\n\n\n\n<p>Ram\u00edrez revel\u00f3 que en el vinilo de &#8216;Eterno&#8217;, pieza que inaugur\u00f3 la segunda parte de la sesi\u00f3n, aguardan cinco versiones in\u00e9ditas grabadas por su director de mariachi, Guillermo Hern\u00e1ndez.<\/p>\n\n\n\n<p>\u00abEl maestro Guillermo tiene un disco duro lleno de momentos de Juan Gabriel, grabaron muchas canciones que no salieron antes, pero que \u00e9l tiene las voces en crudo\u00bb, explic\u00f3 sobre las veces que &#8216;El divo de Ju\u00e1rez&#8217; visitaba a deshoras la casa de su maestro para crear m\u00fasica que ahora vive en el vinilo de &#8216;Eterno&#8217;.<\/p>\n\n\n\n<p>&#8216;Mis 40 en Bellas Artes&#8217; fue el vinilo encargado de bajar el tel\u00f3n de la velada, un momento que revivi\u00f3 aquel episodio de 1990 en el que el artista conjug\u00f3 la realidad del canto y baile popular con la alta cultura impregnada en el Palacio de Bellas Artes.<\/p>\n\n\n\n<p>Adem\u00e1s de ser un cronista del sentir popular, Juan Gabriel era un prodigio de la m\u00fasica. Escribi\u00f3 su primera canci\u00f3n, &#8216;La muerte del palomo&#8217;, a los 13 a\u00f1os, una balada atravesada por la muerte y la soledad, sentimientos adultos que el cantante ya experimentaba de ni\u00f1o, cuando lleg\u00f3 a decir que era \u00abun hombre viejo y profundo\u00bb.<\/p>\n\n\n\n<p>Diez a\u00f1os despu\u00e9s de su fallecimiento, agosto se revela como una fecha que marca no solo la muerte, sino tambi\u00e9n la vida de Alberto Aguilera, pues fue en este mismo mes, pero de 1971, cuando grab\u00f3 su primer disco,&#8217;Un alma joven&#8217;, que incluye en su repertorio &#8216;No tengo dinero&#8217;, tema que lo lanz\u00f3 a la fama.<\/p>\n\n\n\n<p>Con esta sesi\u00f3n dedicada a sus vinilos, el p\u00fablico descubri\u00f3 probablemente una de las facetas m\u00e1s m\u00edsticas del compositor, una que dif\u00edcilmente podr\u00eda apreciarse de la misma manera en una plataforma de &#8216;streaming&#8217;.<\/p>\n\n\n\n<p>Sin embargo, cada homenaje dedicado al autor de miles de canciones despierta una sensaci\u00f3n distinta, como seguramente ocurrir\u00e1 con la proyecci\u00f3n en salas de cine de Estados Unidos y varios pa\u00edses de Latinoam\u00e9rica de su primer concierto en Bellas Artes el 28 de agosto.(XEU)<\/p>\n","protected":false},"excerpt":{"rendered":"<p>(Redacci\u00f3n) La organizaci\u00f3n de la sesi\u00f3n estuvo encabezada por Virgin Music Group, que administra el patrimonio del artista junto a Iv\u00e1n Aguilera, hijo del compositor Ciudad de M\u00e9xico 28 de agosto 2026.-Desde la partida de Juan Gabriel, hace una d\u00e9cada, mexicanos y personas de todo el mundo han invocado en innumerables homenajes el esp\u00edritu de [&hellip;]<\/p>\n","protected":false},"author":6,"featured_media":264304,"comment_status":"open","ping_status":"open","sticky":false,"template":"","format":"standard","meta":{"footnotes":""},"categories":[10],"tags":[],"class_list":["post-264303","post","type-post","status-publish","format-standard","has-post-thumbnail","hentry","category-espectaculos","entry","has-media"],"jetpack_featured_media_url":"http:\/\/vertienteglobal.com\/wp-content\/uploads\/2026\/08\/1001528550.webp","_links":{"self":[{"href":"http:\/\/vertienteglobal.com\/index.php?rest_route=\/wp\/v2\/posts\/264303","targetHints":{"allow":["GET"]}}],"collection":[{"href":"http:\/\/vertienteglobal.com\/index.php?rest_route=\/wp\/v2\/posts"}],"about":[{"href":"http:\/\/vertienteglobal.com\/index.php?rest_route=\/wp\/v2\/types\/post"}],"author":[{"embeddable":true,"href":"http:\/\/vertienteglobal.com\/index.php?rest_route=\/wp\/v2\/users\/6"}],"replies":[{"embeddable":true,"href":"http:\/\/vertienteglobal.com\/index.php?rest_route=%2Fwp%2Fv2%2Fcomments&post=264303"}],"version-history":[{"count":1,"href":"http:\/\/vertienteglobal.com\/index.php?rest_route=\/wp\/v2\/posts\/264303\/revisions"}],"predecessor-version":[{"id":264305,"href":"http:\/\/vertienteglobal.com\/index.php?rest_route=\/wp\/v2\/posts\/264303\/revisions\/264305"}],"wp:featuredmedia":[{"embeddable":true,"href":"http:\/\/vertienteglobal.com\/index.php?rest_route=\/wp\/v2\/media\/264304"}],"wp:attachment":[{"href":"http:\/\/vertienteglobal.com\/index.php?rest_route=%2Fwp%2Fv2%2Fmedia&parent=264303"}],"wp:term":[{"taxonomy":"category","embeddable":true,"href":"http:\/\/vertienteglobal.com\/index.php?rest_route=%2Fwp%2Fv2%2Fcategories&post=264303"},{"taxonomy":"post_tag","embeddable":true,"href":"http:\/\/vertienteglobal.com\/index.php?rest_route=%2Fwp%2Fv2%2Ftags&post=264303"}],"curies":[{"name":"wp","href":"https:\/\/api.w.org\/{rel}","templated":true}]}}