{"id":264300,"date":"2026-08-28T07:55:00","date_gmt":"2026-08-28T12:55:00","guid":{"rendered":"http:\/\/vertienteglobal.com\/?p=264300"},"modified":"2026-08-29T10:39:03","modified_gmt":"2026-08-29T15:39:03","slug":"dia-de-los-abuelos-muchas-felicidades","status":"publish","type":"post","link":"http:\/\/vertienteglobal.com\/?p=264300","title":{"rendered":"D\u00eda de los Abuelos \u00a1Muchas felicidades!"},"content":{"rendered":"\n<div class=\"twitterbutton\" style=\"float: right; padding-left: 5px;\"><a href=\"http:\/\/twitter.com\/share\" class=\"twitter-share-button\" data-count=\"horizontal\" data-text=\"D\u00eda de los Abuelos \u00a1Muchas felicidades!\" data-via=\"https:\/\/twitter.com\/VertienteGloba1\" data-url=\"http:\/\/vertienteglobal.com\/?p=264300\" data-lang=\"es\" data-related=\"Informaci\u00f3n general:S\u00edguenos para que est\u00e9ss informado\"><\/a><\/div>\n<figure class=\"wp-block-image size-full\"><img loading=\"lazy\" decoding=\"async\" width=\"1024\" height=\"683\" src=\"http:\/\/vertienteglobal.com\/wp-content\/uploads\/2026\/08\/1001528538.webp\" alt=\"\" class=\"wp-image-264301\" srcset=\"http:\/\/vertienteglobal.com\/wp-content\/uploads\/2026\/08\/1001528538.webp 1024w, http:\/\/vertienteglobal.com\/wp-content\/uploads\/2026\/08\/1001528538-300x200.webp 300w, http:\/\/vertienteglobal.com\/wp-content\/uploads\/2026\/08\/1001528538-150x100.webp 150w, http:\/\/vertienteglobal.com\/wp-content\/uploads\/2026\/08\/1001528538-768x512.webp 768w\" sizes=\"auto, (max-width: 1024px) 100vw, 1024px\" \/><\/figure>\n\n\n\n<p>(Redacci\u00f3n)<\/p>\n\n\n\n<p>Esta jornada se celebra solo en algunos pa\u00edses, con diferencias en la denominaci\u00f3n, motivaci\u00f3n y fecha<\/p>\n\n\n\n<p>Ciudad de M\u00e9xico 28 de agosto 2016.-El D\u00eda de los Abuelos o D\u00eda del Abuelo es un d\u00eda conmemorativo dedicado a las personas mayores dentro de la familia, que complementa al D\u00eda de la Madre y al D\u00eda del Padre, ya que en la mayor\u00eda de los casos, un abuelo puede desempe\u00f1ar el mismo papel de progenitor aun cuando no lo sea biol\u00f3gicamente, tan solo por un inmenso amor.<\/p>\n\n\n\n<p>Esta jornada se celebra solo en algunos pa\u00edses, con diferencias en la denominaci\u00f3n, motivaci\u00f3n y fecha.<\/p>\n\n\n\n<p>Hoy 28 de agosto se celebra en M\u00e9xico el D\u00eda del Abuelo<\/p>\n\n\n\n<p>Desde 1983 en M\u00e9xico se instaur\u00f3 el 28 de agosto como el D\u00eda de los Abuelos, esto con el fin de reconocer su trabajo y sabidur\u00eda, pero sobre todo para enaltecer el \u00e9xito de la vejez y el legado de sus deseos.<\/p>\n\n\n\n<p>De acuerdo con expertos, la deuda en cada familia con los abuelos es enorme porque somos fruto de sus anhelos, de sus sue\u00f1os y somos el mayor tesoro para ellos.<\/p>\n\n\n\n<p>Afirman que un nieto es lo m\u00e1s preciado para un abuelo, incluso m\u00e1s que su propia vida y que todo eso que guardan en sus roperos, como dice la canci\u00f3n de Cri cri.<\/p>\n\n\n\n<p>\u00a1Muchas felicidades!<\/p>\n\n\n\n<p><\/p>\n","protected":false},"excerpt":{"rendered":"<p>(Redacci\u00f3n) Esta jornada se celebra solo en algunos pa\u00edses, con diferencias en la denominaci\u00f3n, motivaci\u00f3n y fecha Ciudad de M\u00e9xico 28 de agosto 2016.-El D\u00eda de los Abuelos o D\u00eda del Abuelo es un d\u00eda conmemorativo dedicado a las personas mayores dentro de la familia, que complementa al D\u00eda de la Madre y al D\u00eda [&hellip;]<\/p>\n","protected":false},"author":6,"featured_media":264301,"comment_status":"open","ping_status":"open","sticky":false,"template":"","format":"standard","meta":{"footnotes":""},"categories":[8],"tags":[],"class_list":["post-264300","post","type-post","status-publish","format-standard","has-post-thumbnail","hentry","category-pais","entry","has-media"],"jetpack_featured_media_url":"http:\/\/vertienteglobal.com\/wp-content\/uploads\/2026\/08\/1001528538.webp","_links":{"self":[{"href":"http:\/\/vertienteglobal.com\/index.php?rest_route=\/wp\/v2\/posts\/264300","targetHints":{"allow":["GET"]}}],"collection":[{"href":"http:\/\/vertienteglobal.com\/index.php?rest_route=\/wp\/v2\/posts"}],"about":[{"href":"http:\/\/vertienteglobal.com\/index.php?rest_route=\/wp\/v2\/types\/post"}],"author":[{"embeddable":true,"href":"http:\/\/vertienteglobal.com\/index.php?rest_route=\/wp\/v2\/users\/6"}],"replies":[{"embeddable":true,"href":"http:\/\/vertienteglobal.com\/index.php?rest_route=%2Fwp%2Fv2%2Fcomments&post=264300"}],"version-history":[{"count":1,"href":"http:\/\/vertienteglobal.com\/index.php?rest_route=\/wp\/v2\/posts\/264300\/revisions"}],"predecessor-version":[{"id":264302,"href":"http:\/\/vertienteglobal.com\/index.php?rest_route=\/wp\/v2\/posts\/264300\/revisions\/264302"}],"wp:featuredmedia":[{"embeddable":true,"href":"http:\/\/vertienteglobal.com\/index.php?rest_route=\/wp\/v2\/media\/264301"}],"wp:attachment":[{"href":"http:\/\/vertienteglobal.com\/index.php?rest_route=%2Fwp%2Fv2%2Fmedia&parent=264300"}],"wp:term":[{"taxonomy":"category","embeddable":true,"href":"http:\/\/vertienteglobal.com\/index.php?rest_route=%2Fwp%2Fv2%2Fcategories&post=264300"},{"taxonomy":"post_tag","embeddable":true,"href":"http:\/\/vertienteglobal.com\/index.php?rest_route=%2Fwp%2Fv2%2Ftags&post=264300"}],"curies":[{"name":"wp","href":"https:\/\/api.w.org\/{rel}","templated":true}]}}